{"id":4237,"date":"2024-05-30T11:07:14","date_gmt":"2024-05-30T09:07:14","guid":{"rendered":"https:\/\/moderaterna.se\/stockholm\/?p=4237"},"modified":"2024-05-30T11:07:58","modified_gmt":"2024-05-30T09:07:58","slug":"debatt-vi-tror-pa-ett-blatt-eu","status":"publish","type":"post","link":"https:\/\/moderaterna.se\/stockholm\/nyhet\/debatt-vi-tror-pa-ett-blatt-eu\/","title":{"rendered":"Debatt: Vi tror p\u00e5 ett bl\u00e5tt EU"},"content":{"rendered":"\n<p><\/p>\n\n\n\n<p><strong>Vill du se mer frihet, s\u00e4kerhet och f\u00f6retagande, d\u00e5 ska du r\u00f6sta f\u00f6r ett bl\u00e5tt Europa &#8211; r\u00f6sta M, skriver Tomas Tob\u00e9 och representanter f\u00f6r MUF.<\/strong><\/p>\n\n\n\n<p>Inf\u00f6r Europavalet f\u00f6rs\u00f6ker\u00a0flera partier g\u00f6ra valet till en fr\u00e5ga om huruvida man ska ge mer eller mindre makt till EU. Vissa partier gl\u00e4ntar rent av p\u00e5 &#8221;Swexit-d\u00f6rren&#8221;, medan andra vill f\u00f6rflytta allt fler beslut till Bryssel. F\u00f6r oss moderater \u00e4r inte det viktigaste var politiken beslutas utan vad det \u00e4r f\u00f6r politiska id\u00e9er som f\u00e5r genomslag.<\/p>\n\n\n\n<p>Under l\u00e5ng tid delades Europa i tv\u00e5 block. I det r\u00f6da \u00f6st styrde man med id\u00e9n att samh\u00e4llet bara kunde v\u00e4xa om politiken planerade och styrde hur allt skulle vara. Men de fungerade inte. I st\u00e4llet ringlade br\u00f6dk\u00f6erna l\u00e5nga och fattigdomen var utbredd.<\/p>\n\n\n\n<p>I det fria v\u00e4st s\u00e5g det annorlunda ut. Med en id\u00e9 om att samh\u00e4llet v\u00e4xer om man ger m\u00e4nniskorna mer frihet blev V\u00e4steuropa rikare, roligare och tryggare. Med tv\u00e5ng fick de r\u00f6da \u00f6st hindra m\u00e4nniskor fr\u00e5n att fly \u00f6ver till det fria v\u00e4st.<\/p>\n\n\n\n<blockquote class=\"wp-block-quote is-layout-flow wp-block-quote-is-layout-flow\">\n<p>Det mesta som \u00e4r bra med EU \u00e4r bl\u00e5tt.<\/p>\n<\/blockquote>\n\n\n\n<p><strong>M\u00e5nga svenskar har&nbsp;<\/strong>gl\u00f6mt denna tid. En tid utan friheten att kunna resa fritt i Europa, utan m\u00f6jlighet att studera i ett annat land eller utan gratis surf p\u00e5 semestern.<\/p>\n\n\n\n<p>\u00c4ven om Europa i stort \u00e4r enat idag \u00e4r skillnaden p\u00e5 r\u00f6tt och bl\u00e5tt inom unionen fortfarande tydlig.<\/p>\n\n\n\n<p>Det mesta som \u00e4r bra med EU \u00e4r bl\u00e5tt. Frihandel som g\u00f6r att vi svenskar kan handla viner fr\u00e5n Italien, och att italienare kan k\u00f6pa svenska bilar. Fri r\u00f6rlighet och studietillg\u00e5ng g\u00f6r att vi kan \u00e5ka och festa i Berlin och studera en termin i Paris. Fri f\u00f6retagsamhet ger oss ny teknik som b\u00e5de minskar utsl\u00e4ppen och \u00f6kar v\u00e5r levnadsstandard.<\/p>\n\n\n\n<p>I v\u00e5rt bl\u00e5a Europa f\u00e5r man \u00e4lska vem man vill, alla Europas kvinnor har r\u00e4tt att best\u00e4mma \u00f6ver sin egen kropp och st\u00f6det till Ukraina \u00e4r bergfast.<\/p>\n\n\n\n<p><strong>Detta val handlar<\/strong>&nbsp;om vilket Europa du vill se fram\u00e5t. Vill du se mer frihet, s\u00e4kerhet och f\u00f6retagande, d\u00e5 ska du r\u00f6sta f\u00f6r ett bl\u00e5tt Europa senast den 9 juni. D\u00e5 ska du r\u00f6sta p\u00e5 Moderaterna.<\/p>\n\n\n\n<p><strong>Tomas Tob\u00e9,&nbsp;<\/strong>Europaparlamentariker (M)<br><strong>Douglas Thor<\/strong>, f\u00f6rbundsordf\u00f6rande (MUF)<br><strong>Jonatan Hjeltman,<\/strong>&nbsp;distriktsordf\u00f6rande V\u00e4sterbotten (MUF)<\/p>\n\n\n\n<div class=\"wp-block-buttons is-layout-flex wp-block-buttons-is-layout-flex\">\n<div class=\"wp-block-button\"><a class=\"wp-block-button__link wp-element-button\" href=\"http:\/\/Vill du se mer frihet, s\u00e4kerhet och f\u00f6retagande, d\u00e5 ska du r\u00f6sta f\u00f6r ett bl\u00e5tt Europa - r\u00f6sta M, skriver Tomas Tob\u00e9 och representanter f\u00f6r MUF.\">L\u00e4s mer h\u00e4r.<\/a><\/div>\n<\/div>\n","protected":false},"excerpt":{"rendered":"<p>Vill du se mer frihet, s\u00e4kerhet och f\u00f6retagande, d\u00e5 ska du r\u00f6sta f\u00f6r ett bl\u00e5tt Europa &#8211; r\u00f6sta M, skriver Tomas Tob\u00e9 och representanter f\u00f6r MUF. Inf\u00f6r Europavalet f\u00f6rs\u00f6ker\u00a0flera partier g\u00f6ra valet till en fr\u00e5ga om huruvida man ska ge mer eller mindre makt till EU. Vissa partier gl\u00e4ntar rent av p\u00e5 &#8221;Swexit-d\u00f6rren&#8221;, medan andra [&hellip;]<\/p>\n","protected":false},"author":55,"featured_media":0,"comment_status":"closed","ping_status":"closed","sticky":false,"template":"","format":"standard","meta":{"_acf_changed":false,"_relevanssi_hide_post":"","_relevanssi_hide_content":"","_relevanssi_pin_for_all":"","_relevanssi_pin_keywords":"","_relevanssi_unpin_keywords":"","_relevanssi_related_keywords":"","_relevanssi_related_include_ids":"","_relevanssi_related_exclude_ids":"","_relevanssi_related_no_append":"","_relevanssi_related_not_related":"","_relevanssi_related_posts":"3896,3734,4155,2163,1884,2795","_relevanssi_noindex_reason":"","footnotes":""},"categories":[1],"tags":[],"subject":[],"class_list":["post-4237","post","type-post","status-publish","format-standard","hentry","category-nyhet"],"acf":[],"yoast_head":"<!-- This site is optimized with the Yoast SEO Premium plugin v27.1 (Yoast SEO v27.1.1) - https:\/\/yoast.com\/product\/yoast-seo-premium-wordpress\/ -->\n<title>Debatt: Vi tror p\u00e5 ett bl\u00e5tt EU | Moderaterna i Stockholms stad och l\u00e4n<\/title>\n<meta name=\"robots\" content=\"index, follow, max-snippet:-1, max-image-preview:large, max-video-preview:-1\" \/>\n<link rel=\"canonical\" href=\"https:\/\/moderaterna.se\/stockholm\/nyhet\/debatt-vi-tror-pa-ett-blatt-eu\/\" \/>\n<meta property=\"og:locale\" content=\"sv_SE\" \/>\n<meta property=\"og:type\" content=\"article\" \/>\n<meta property=\"og:title\" content=\"Debatt: Vi tror p\u00e5 ett bl\u00e5tt EU\" \/>\n<meta property=\"og:url\" content=\"https:\/\/moderaterna.se\/stockholm\/nyhet\/debatt-vi-tror-pa-ett-blatt-eu\/\" \/>\n<meta property=\"og:site_name\" content=\"Moderaterna i Stockholms stad och l\u00e4n\" \/>\n<meta property=\"article:publisher\" content=\"https:\/\/www.facebook.com\/ModeraternaSthlm\" \/>\n<meta property=\"article:published_time\" content=\"2024-05-30T09:07:14+00:00\" \/>\n<meta property=\"article:modified_time\" content=\"2024-05-30T09:07:58+00:00\" \/>\n<meta property=\"og:image\" content=\"https:\/\/moderaterna.se\/app\/uploads\/sites\/5\/2022\/01\/DELNINGSBILD_hemsida_fo\u0308rstasida.png\" \/>\n\t<meta property=\"og:image:width\" content=\"1200\" \/>\n\t<meta property=\"og:image:height\" content=\"628\" \/>\n\t<meta property=\"og:image:type\" content=\"image\/png\" \/>\n<meta name=\"author\" content=\"Veronica Nordstr\u00f6m\" \/>\n<meta name=\"twitter:card\" content=\"summary_large_image\" \/>\n<meta name=\"twitter:creator\" content=\"@ModeratSthlm\" \/>\n<meta name=\"twitter:site\" content=\"@ModeratSthlm\" \/>\n<meta name=\"twitter:label1\" content=\"Skriven av\" \/>\n\t<meta name=\"twitter:data1\" content=\"Veronica Nordstr\u00f6m\" \/>\n\t<meta name=\"twitter:label2\" content=\"Ber\u00e4knad l\u00e4stid\" \/>\n\t<meta name=\"twitter:data2\" content=\"3 minuter\" \/>\n<script type=\"application\/ld+json\" class=\"yoast-schema-graph\">{\"@context\":\"https:\/\/schema.org\",\"@graph\":[{\"@type\":\"Article\",\"@id\":\"https:\/\/moderaterna.se\/stockholm\/nyhet\/debatt-vi-tror-pa-ett-blatt-eu\/#article\",\"isPartOf\":{\"@id\":\"https:\/\/moderaterna.se\/stockholm\/nyhet\/debatt-vi-tror-pa-ett-blatt-eu\/\"},\"author\":{\"name\":\"Veronica Nordstr\u00f6m\",\"@id\":\"https:\/\/moderaterna.se\/stockholm\/#\/schema\/person\/1790a6c815cef6251a1f13d3fd5254bd\"},\"headline\":\"Debatt: Vi tror p\u00e5 ett bl\u00e5tt EU\",\"datePublished\":\"2024-05-30T09:07:14+00:00\",\"dateModified\":\"2024-05-30T09:07:58+00:00\",\"mainEntityOfPage\":{\"@id\":\"https:\/\/moderaterna.se\/stockholm\/nyhet\/debatt-vi-tror-pa-ett-blatt-eu\/\"},\"wordCount\":451,\"publisher\":{\"@id\":\"https:\/\/moderaterna.se\/stockholm\/#organization\"},\"articleSection\":[\"Nyhet\"],\"inLanguage\":\"sv-SE\"},{\"@type\":\"WebPage\",\"@id\":\"https:\/\/moderaterna.se\/stockholm\/nyhet\/debatt-vi-tror-pa-ett-blatt-eu\/\",\"url\":\"https:\/\/moderaterna.se\/stockholm\/nyhet\/debatt-vi-tror-pa-ett-blatt-eu\/\",\"name\":\"Debatt: Vi tror p\u00e5 ett bl\u00e5tt EU | Moderaterna i Stockholms stad och l\u00e4n\",\"isPartOf\":{\"@id\":\"https:\/\/moderaterna.se\/stockholm\/#website\"},\"datePublished\":\"2024-05-30T09:07:14+00:00\",\"dateModified\":\"2024-05-30T09:07:58+00:00\",\"breadcrumb\":{\"@id\":\"https:\/\/moderaterna.se\/stockholm\/nyhet\/debatt-vi-tror-pa-ett-blatt-eu\/#breadcrumb\"},\"inLanguage\":\"sv-SE\",\"potentialAction\":[{\"@type\":\"ReadAction\",\"target\":[\"https:\/\/moderaterna.se\/stockholm\/nyhet\/debatt-vi-tror-pa-ett-blatt-eu\/\"]}]},{\"@type\":\"BreadcrumbList\",\"@id\":\"https:\/\/moderaterna.se\/stockholm\/nyhet\/debatt-vi-tror-pa-ett-blatt-eu\/#breadcrumb\",\"itemListElement\":[{\"@type\":\"ListItem\",\"position\":1,\"name\":\"Hem\",\"item\":\"https:\/\/moderaterna.se\/stockholm\/\"},{\"@type\":\"ListItem\",\"position\":2,\"name\":\"Debatt: Vi tror p\u00e5 ett bl\u00e5tt EU\"}]},{\"@type\":\"WebSite\",\"@id\":\"https:\/\/moderaterna.se\/stockholm\/#website\",\"url\":\"https:\/\/moderaterna.se\/stockholm\/\",\"name\":\"Moderaterna i Stockholms stad och l\u00e4n\",\"description\":\"Nu f\u00e5r vi ordning p\u00e5 Sverige\",\"publisher\":{\"@id\":\"https:\/\/moderaterna.se\/stockholm\/#organization\"},\"potentialAction\":[{\"@type\":\"SearchAction\",\"target\":{\"@type\":\"EntryPoint\",\"urlTemplate\":\"https:\/\/moderaterna.se\/stockholm\/?s={search_term_string}\"},\"query-input\":{\"@type\":\"PropertyValueSpecification\",\"valueRequired\":true,\"valueName\":\"search_term_string\"}}],\"inLanguage\":\"sv-SE\"},{\"@type\":\"Organization\",\"@id\":\"https:\/\/moderaterna.se\/stockholm\/#organization\",\"name\":\"Moderaterna\",\"url\":\"https:\/\/moderaterna.se\/stockholm\/\",\"logo\":{\"@type\":\"ImageObject\",\"inLanguage\":\"sv-SE\",\"@id\":\"https:\/\/moderaterna.se\/stockholm\/#\/schema\/logo\/image\/\",\"url\":\"https:\/\/moderaterna.se\/app\/uploads\/2021\/10\/logo-general@2x.png\",\"contentUrl\":\"https:\/\/moderaterna.se\/app\/uploads\/2021\/10\/logo-general@2x.png\",\"width\":122,\"height\":122,\"caption\":\"Moderaterna\"},\"image\":{\"@id\":\"https:\/\/moderaterna.se\/stockholm\/#\/schema\/logo\/image\/\"},\"sameAs\":[\"https:\/\/www.facebook.com\/ModeraternaSthlm\",\"https:\/\/x.com\/ModeratSthlm\",\"https:\/\/www.instagram.com\/moderatsthlm\/\",\"https:\/\/www.youtube.com\/user\/ModeraternaSthlm\"]},{\"@type\":\"Person\",\"@id\":\"https:\/\/moderaterna.se\/stockholm\/#\/schema\/person\/1790a6c815cef6251a1f13d3fd5254bd\",\"name\":\"Veronica Nordstr\u00f6m\",\"image\":{\"@type\":\"ImageObject\",\"inLanguage\":\"sv-SE\",\"@id\":\"https:\/\/moderaterna.se\/stockholm\/#\/schema\/person\/image\/\",\"url\":\"https:\/\/secure.gravatar.com\/avatar\/cdb9d339dbafa52c812526e3f75df35bab1725c8375eaa3e17b27f2a40e8b094?s=96&d=mm&r=g\",\"contentUrl\":\"https:\/\/secure.gravatar.com\/avatar\/cdb9d339dbafa52c812526e3f75df35bab1725c8375eaa3e17b27f2a40e8b094?s=96&d=mm&r=g\",\"caption\":\"Veronica Nordstr\u00f6m\"},\"url\":\"https:\/\/moderaterna.se\/stockholm\/author\/veronicanordstrom\/\"}]}<\/script>\n<!-- \/ Yoast SEO Premium plugin. -->","yoast_head_json":{"title":"Debatt: Vi tror p\u00e5 ett bl\u00e5tt EU | Moderaterna i Stockholms stad och l\u00e4n","robots":{"index":"index","follow":"follow","max-snippet":"max-snippet:-1","max-image-preview":"max-image-preview:large","max-video-preview":"max-video-preview:-1"},"canonical":"https:\/\/moderaterna.se\/stockholm\/nyhet\/debatt-vi-tror-pa-ett-blatt-eu\/","og_locale":"sv_SE","og_type":"article","og_title":"Debatt: Vi tror p\u00e5 ett bl\u00e5tt EU","og_url":"https:\/\/moderaterna.se\/stockholm\/nyhet\/debatt-vi-tror-pa-ett-blatt-eu\/","og_site_name":"Moderaterna i Stockholms stad och l\u00e4n","article_publisher":"https:\/\/www.facebook.com\/ModeraternaSthlm","article_published_time":"2024-05-30T09:07:14+00:00","article_modified_time":"2024-05-30T09:07:58+00:00","og_image":[{"width":1200,"height":628,"url":"https:\/\/moderaterna.se\/app\/uploads\/sites\/5\/2022\/01\/DELNINGSBILD_hemsida_fo\u0308rstasida.png","type":"image\/png"}],"author":"Veronica Nordstr\u00f6m","twitter_card":"summary_large_image","twitter_creator":"@ModeratSthlm","twitter_site":"@ModeratSthlm","twitter_misc":{"Skriven av":"Veronica Nordstr\u00f6m","Ber\u00e4knad l\u00e4stid":"3 minuter"},"schema":{"@context":"https:\/\/schema.org","@graph":[{"@type":"Article","@id":"https:\/\/moderaterna.se\/stockholm\/nyhet\/debatt-vi-tror-pa-ett-blatt-eu\/#article","isPartOf":{"@id":"https:\/\/moderaterna.se\/stockholm\/nyhet\/debatt-vi-tror-pa-ett-blatt-eu\/"},"author":{"name":"Veronica Nordstr\u00f6m","@id":"https:\/\/moderaterna.se\/stockholm\/#\/schema\/person\/1790a6c815cef6251a1f13d3fd5254bd"},"headline":"Debatt: Vi tror p\u00e5 ett bl\u00e5tt EU","datePublished":"2024-05-30T09:07:14+00:00","dateModified":"2024-05-30T09:07:58+00:00","mainEntityOfPage":{"@id":"https:\/\/moderaterna.se\/stockholm\/nyhet\/debatt-vi-tror-pa-ett-blatt-eu\/"},"wordCount":451,"publisher":{"@id":"https:\/\/moderaterna.se\/stockholm\/#organization"},"articleSection":["Nyhet"],"inLanguage":"sv-SE"},{"@type":"WebPage","@id":"https:\/\/moderaterna.se\/stockholm\/nyhet\/debatt-vi-tror-pa-ett-blatt-eu\/","url":"https:\/\/moderaterna.se\/stockholm\/nyhet\/debatt-vi-tror-pa-ett-blatt-eu\/","name":"Debatt: Vi tror p\u00e5 ett bl\u00e5tt EU | Moderaterna i Stockholms stad och l\u00e4n","isPartOf":{"@id":"https:\/\/moderaterna.se\/stockholm\/#website"},"datePublished":"2024-05-30T09:07:14+00:00","dateModified":"2024-05-30T09:07:58+00:00","breadcrumb":{"@id":"https:\/\/moderaterna.se\/stockholm\/nyhet\/debatt-vi-tror-pa-ett-blatt-eu\/#breadcrumb"},"inLanguage":"sv-SE","potentialAction":[{"@type":"ReadAction","target":["https:\/\/moderaterna.se\/stockholm\/nyhet\/debatt-vi-tror-pa-ett-blatt-eu\/"]}]},{"@type":"BreadcrumbList","@id":"https:\/\/moderaterna.se\/stockholm\/nyhet\/debatt-vi-tror-pa-ett-blatt-eu\/#breadcrumb","itemListElement":[{"@type":"ListItem","position":1,"name":"Hem","item":"https:\/\/moderaterna.se\/stockholm\/"},{"@type":"ListItem","position":2,"name":"Debatt: Vi tror p\u00e5 ett bl\u00e5tt EU"}]},{"@type":"WebSite","@id":"https:\/\/moderaterna.se\/stockholm\/#website","url":"https:\/\/moderaterna.se\/stockholm\/","name":"Moderaterna i Stockholms stad och l\u00e4n","description":"Nu f\u00e5r vi ordning p\u00e5 Sverige","publisher":{"@id":"https:\/\/moderaterna.se\/stockholm\/#organization"},"potentialAction":[{"@type":"SearchAction","target":{"@type":"EntryPoint","urlTemplate":"https:\/\/moderaterna.se\/stockholm\/?s={search_term_string}"},"query-input":{"@type":"PropertyValueSpecification","valueRequired":true,"valueName":"search_term_string"}}],"inLanguage":"sv-SE"},{"@type":"Organization","@id":"https:\/\/moderaterna.se\/stockholm\/#organization","name":"Moderaterna","url":"https:\/\/moderaterna.se\/stockholm\/","logo":{"@type":"ImageObject","inLanguage":"sv-SE","@id":"https:\/\/moderaterna.se\/stockholm\/#\/schema\/logo\/image\/","url":"https:\/\/moderaterna.se\/app\/uploads\/2021\/10\/logo-general@2x.png","contentUrl":"https:\/\/moderaterna.se\/app\/uploads\/2021\/10\/logo-general@2x.png","width":122,"height":122,"caption":"Moderaterna"},"image":{"@id":"https:\/\/moderaterna.se\/stockholm\/#\/schema\/logo\/image\/"},"sameAs":["https:\/\/www.facebook.com\/ModeraternaSthlm","https:\/\/x.com\/ModeratSthlm","https:\/\/www.instagram.com\/moderatsthlm\/","https:\/\/www.youtube.com\/user\/ModeraternaSthlm"]},{"@type":"Person","@id":"https:\/\/moderaterna.se\/stockholm\/#\/schema\/person\/1790a6c815cef6251a1f13d3fd5254bd","name":"Veronica Nordstr\u00f6m","image":{"@type":"ImageObject","inLanguage":"sv-SE","@id":"https:\/\/moderaterna.se\/stockholm\/#\/schema\/person\/image\/","url":"https:\/\/secure.gravatar.com\/avatar\/cdb9d339dbafa52c812526e3f75df35bab1725c8375eaa3e17b27f2a40e8b094?s=96&d=mm&r=g","contentUrl":"https:\/\/secure.gravatar.com\/avatar\/cdb9d339dbafa52c812526e3f75df35bab1725c8375eaa3e17b27f2a40e8b094?s=96&d=mm&r=g","caption":"Veronica Nordstr\u00f6m"},"url":"https:\/\/moderaterna.se\/stockholm\/author\/veronicanordstrom\/"}]}},"publishpress_future_action":{"enabled":false,"date":"2026-05-04 09:54:56","action":"change-status","newStatus":"draft","terms":[],"taxonomy":"category"},"_links":{"self":[{"href":"https:\/\/moderaterna.se\/stockholm\/wp-json\/wp\/v2\/posts\/4237","targetHints":{"allow":["GET"]}}],"collection":[{"href":"https:\/\/moderaterna.se\/stockholm\/wp-json\/wp\/v2\/posts"}],"about":[{"href":"https:\/\/moderaterna.se\/stockholm\/wp-json\/wp\/v2\/types\/post"}],"author":[{"embeddable":true,"href":"https:\/\/moderaterna.se\/stockholm\/wp-json\/wp\/v2\/users\/55"}],"replies":[{"embeddable":true,"href":"https:\/\/moderaterna.se\/stockholm\/wp-json\/wp\/v2\/comments?post=4237"}],"version-history":[{"count":2,"href":"https:\/\/moderaterna.se\/stockholm\/wp-json\/wp\/v2\/posts\/4237\/revisions"}],"predecessor-version":[{"id":4240,"href":"https:\/\/moderaterna.se\/stockholm\/wp-json\/wp\/v2\/posts\/4237\/revisions\/4240"}],"wp:attachment":[{"href":"https:\/\/moderaterna.se\/stockholm\/wp-json\/wp\/v2\/media?parent=4237"}],"wp:term":[{"taxonomy":"category","embeddable":true,"href":"https:\/\/moderaterna.se\/stockholm\/wp-json\/wp\/v2\/categories?post=4237"},{"taxonomy":"post_tag","embeddable":true,"href":"https:\/\/moderaterna.se\/stockholm\/wp-json\/wp\/v2\/tags?post=4237"},{"taxonomy":"subject","embeddable":true,"href":"https:\/\/moderaterna.se\/stockholm\/wp-json\/wp\/v2\/subject?post=4237"}],"curies":[{"name":"wp","href":"https:\/\/api.w.org\/{rel}","templated":true}]}}