{"id":4231,"date":"2024-05-30T10:55:47","date_gmt":"2024-05-30T08:55:47","guid":{"rendered":"https:\/\/moderaterna.se\/stockholm\/?p=4231"},"modified":"2024-05-30T10:58:09","modified_gmt":"2024-05-30T08:58:09","slug":"debatt-fler-poliser-behovs-lokalt-och-internationellt","status":"publish","type":"post","link":"https:\/\/moderaterna.se\/stockholm\/nyhet\/debatt-fler-poliser-behovs-lokalt-och-internationellt\/","title":{"rendered":"Debatt: Fler poliser beh\u00f6vs &#8211; lokalt och internationellt"},"content":{"rendered":"<div class=\"wp-block-image\">\n<figure class=\"alignleft size-full is-resized\"><img loading=\"lazy\" decoding=\"async\" width=\"716\" height=\"712\" src=\"https:\/\/moderaterna.se\/app\/uploads\/sites\/5\/2024\/05\/Skarmavbild-2024-05-30-kl.-09.56.02.png\" alt=\"\" class=\"wp-image-4232\" style=\"width:462px;height:auto\" srcset=\"https:\/\/moderaterna.se\/app\/uploads\/sites\/5\/2024\/05\/Skarmavbild-2024-05-30-kl.-09.56.02.png 716w, https:\/\/moderaterna.se\/app\/uploads\/sites\/5\/2024\/05\/Skarmavbild-2024-05-30-kl.-09.56.02-300x298.png 300w, https:\/\/moderaterna.se\/app\/uploads\/sites\/5\/2024\/05\/Skarmavbild-2024-05-30-kl.-09.56.02-150x150.png 150w\" sizes=\"auto, (max-width: 716px) 100vw, 716px\" \/><\/figure>\n<\/div>\n\n\n<p><\/p>\n\n\n\n<p><\/p>\n\n\n\n<p><\/p>\n\n\n\n<p><\/p>\n\n\n\n<p><\/p>\n\n\n\n<p><\/p>\n\n\n\n<p><\/p>\n\n\n\n<p><\/p>\n\n\n\n<p><\/p>\n\n\n\n<p><\/p>\n\n\n\n<p><strong>Debatt: Fler poliser beh\u00f6vs &#8211; lokalt och internationellt.\u00a0<\/strong><br>Sveriges poliser beh\u00f6ver fler kollegor, framf\u00f6r allt i yttre tj\u00e4nst och inom utredningsverksamheten. Det \u00e4r den nya rikspolischefens uppdrag, och d\u00e4rf\u00f6r \u00f6kas anslagen till polisen. Men f\u00f6r att bek\u00e4mpa den organiserade brottsligheten vill Moderaterna \u00e4ven satsa mer p\u00e5 internationellt polisarbete.<\/p>\n\n\n\n<p>Problemen \u00e4r v\u00e4lk\u00e4nda. Uppemot tusen g\u00e4ngkriminella fr\u00e5n Sverige verkar fr\u00e5n spanska solkusten. Kriminella klaner har f\u00f6rgreningar i Tyskland. Internationella st\u00f6ldligor opererar i Sverige men har sin bas i bland annat Litauen, Rum\u00e4nien och Polen.<\/p>\n\n\n\n<p>M\u00e5nga poliser, tillsammans med \u00e5klagare, tulltj\u00e4nstem\u00e4n och andra inom de brottsbek\u00e4mpande myndigheterna, arbetar h\u00e5rt f\u00f6r att stoppa dessa internationella n\u00e4tverk. F\u00f6ruts\u00e4ttningarna beh\u00f6ver dock bli b\u00e4ttre, och r\u00e4tt politik p\u00e5 EU-niv\u00e5 kan bidra till det. D\u00e4rf\u00f6r kommer Moderaterna i Europarlamentet att driva tre f\u00f6rslag:<\/p>\n\n\n\n<p><strong>F\u00f6r det f\u00f6rsta<\/strong>&nbsp;vill vi att svensk polis ska st\u00f6ttas av en europeisk specialpolis, som ska kunna bedriva sj\u00e4lvst\u00e4ndig spanings- och utredningsverksamhet. Dagens Europol arbetar fr\u00e4mst med underr\u00e4ttelseinformation, och det vill vi kompletteras med f\u00f6runders\u00f6kningar och gripanden \u2013 f\u00f6r pr\u00f6vning i svenska eller andra l\u00e4nders domstolar. &nbsp;<\/p>\n\n\n\n<p>Att skapa en europeisk polisstyrka ska dock inte g\u00e5 ut \u00f6ver p\u00e5g\u00e5ende satsningar p\u00e5 svenska polisen, utan bli en ytterligare f\u00f6rst\u00e4rkning. En s\u00e5dan polisresurs p\u00e5 internationell niv\u00e5 b\u00f6r ha i uppgift att fokusera p\u00e5 gr\u00e4ns\u00f6verskridande brottslighet. Denna europeiska specialpolis m\u00e5ste sj\u00e4lvfallet f\u00f6lja de lagar och regler som g\u00e4ller f\u00f6r polisarbete i respektive medlemsland, och alltid arbeta n\u00e4ra den svenska polisen n\u00e4r det handlar om kriminella akt\u00f6rer med koppling till Sverige.<\/p>\n\n\n\n<p><strong>F\u00f6r det andra<\/strong>&nbsp;vill vi stoppa EU-regleringar som begr\u00e4nsar svensk polis. Till exempel b\u00f6r polisen, i specifika fall, kunna anv\u00e4nda ansiktsigenk\u00e4nning vid kamera\u00f6vervakning f\u00f6r att identifiera misst\u00e4nkta personer. Vi f\u00e5r inte hamna i en situation d\u00e4r den organiserade brottsligheten f\u00e5r ett \u00f6vertag genom l\u00e5ngt st\u00f6rre m\u00f6jligheter \u00e4n polisen att anv\u00e4nda artificiell intelligens och annan ny teknik.<\/p>\n\n\n\n<p><strong>F\u00f6r det tredje<\/strong>&nbsp;vill vi inf\u00f6ra resef\u00f6rbud f\u00f6r individer som \u00e4r involverade i organiserad brottslighet. Om exempelvis svensk, dansk eller tysk polis flaggar en individ som medlem i ett kriminellt n\u00e4tverk ska hans r\u00e4tt att resa fritt i Europa dras in.<\/p>\n\n\n\n<p>I praktiken inneb\u00e4r detta att svenska g\u00e4ngledare inte l\u00e4ngre kommer kunna leva lyxliv p\u00e5 spanska solkusten \u2013 och poliser ges b\u00e4ttre f\u00f6ruts\u00e4ttningar att utreda deras brottslighet och se till att de f\u00e4ngslas. Vi vill s\u00e4tta gr\u00e4nser f\u00f6r kriminella, inte f\u00f6r poliser.<br><br><strong>Tomas Tob\u00e9, <\/strong>toppkandidat f\u00f6r Moderaterna i Europavalet<br><br><strong>Fredrik K\u00e4rrholm, <\/strong>Riksdagsledamot f\u00f6r Moderaterna och tidigare polis<\/p>\n\n\n\n<div class=\"wp-block-buttons is-layout-flex wp-block-buttons-is-layout-flex\">\n<div class=\"wp-block-button\"><a class=\"wp-block-button__link wp-element-button\" href=\"https:\/\/polistidningen.se\/2024\/05\/fler-poliser-behovs-lokalt-och-internationellt\/\">L\u00e4s mer h\u00e4r<\/a><\/div>\n<\/div>\n","protected":false},"excerpt":{"rendered":"<p>Debatt: Fler poliser beh\u00f6vs &#8211; lokalt och internationellt.\u00a0Sveriges poliser beh\u00f6ver fler kollegor, framf\u00f6r allt i yttre tj\u00e4nst och inom utredningsverksamheten. Det \u00e4r den nya rikspolischefens uppdrag, och d\u00e4rf\u00f6r \u00f6kas anslagen till polisen. Men f\u00f6r att bek\u00e4mpa den organiserade brottsligheten vill Moderaterna \u00e4ven satsa mer p\u00e5 internationellt polisarbete. Problemen \u00e4r v\u00e4lk\u00e4nda. Uppemot tusen g\u00e4ngkriminella fr\u00e5n Sverige [&hellip;]<\/p>\n","protected":false},"author":55,"featured_media":0,"comment_status":"closed","ping_status":"closed","sticky":false,"template":"","format":"standard","meta":{"_acf_changed":false,"_relevanssi_hide_post":"","_relevanssi_hide_content":"","_relevanssi_pin_for_all":"","_relevanssi_pin_keywords":"","_relevanssi_unpin_keywords":"","_relevanssi_related_keywords":"","_relevanssi_related_include_ids":"","_relevanssi_related_exclude_ids":"","_relevanssi_related_no_append":"","_relevanssi_related_not_related":"","_relevanssi_related_posts":"979,957,4155,2163,995,1906","_relevanssi_noindex_reason":"","footnotes":""},"categories":[1],"tags":[],"subject":[],"class_list":["post-4231","post","type-post","status-publish","format-standard","hentry","category-nyhet"],"acf":[],"yoast_head":"<!-- This site is optimized with the Yoast SEO Premium plugin v27.1 (Yoast SEO v27.1.1) - https:\/\/yoast.com\/product\/yoast-seo-premium-wordpress\/ -->\n<title>Debatt: Fler poliser beh\u00f6vs - lokalt och internationellt | Moderaterna i Stockholms stad och l\u00e4n<\/title>\n<meta name=\"robots\" content=\"index, follow, max-snippet:-1, max-image-preview:large, max-video-preview:-1\" \/>\n<link rel=\"canonical\" href=\"https:\/\/moderaterna.se\/stockholm\/nyhet\/debatt-fler-poliser-behovs-lokalt-och-internationellt\/\" \/>\n<meta property=\"og:locale\" content=\"sv_SE\" \/>\n<meta property=\"og:type\" content=\"article\" \/>\n<meta property=\"og:title\" content=\"Debatt: Fler poliser beh\u00f6vs - lokalt och internationellt\" \/>\n<meta property=\"og:url\" content=\"https:\/\/moderaterna.se\/stockholm\/nyhet\/debatt-fler-poliser-behovs-lokalt-och-internationellt\/\" \/>\n<meta property=\"og:site_name\" content=\"Moderaterna i Stockholms stad och l\u00e4n\" \/>\n<meta property=\"article:publisher\" content=\"https:\/\/www.facebook.com\/ModeraternaSthlm\" \/>\n<meta property=\"article:published_time\" content=\"2024-05-30T08:55:47+00:00\" \/>\n<meta property=\"article:modified_time\" content=\"2024-05-30T08:58:09+00:00\" \/>\n<meta property=\"og:image\" content=\"https:\/\/moderaterna.se\/app\/uploads\/sites\/5\/2022\/01\/DELNINGSBILD_hemsida_fo\u0308rstasida.png\" \/>\n\t<meta property=\"og:image:width\" content=\"1200\" \/>\n\t<meta property=\"og:image:height\" content=\"628\" \/>\n\t<meta property=\"og:image:type\" content=\"image\/png\" \/>\n<meta name=\"author\" content=\"Veronica Nordstr\u00f6m\" \/>\n<meta name=\"twitter:card\" content=\"summary_large_image\" \/>\n<meta name=\"twitter:creator\" content=\"@ModeratSthlm\" \/>\n<meta name=\"twitter:site\" content=\"@ModeratSthlm\" \/>\n<meta name=\"twitter:label1\" content=\"Skriven av\" \/>\n\t<meta name=\"twitter:data1\" content=\"Veronica Nordstr\u00f6m\" \/>\n\t<meta name=\"twitter:label2\" content=\"Ber\u00e4knad l\u00e4stid\" \/>\n\t<meta name=\"twitter:data2\" content=\"3 minuter\" \/>\n<script type=\"application\/ld+json\" class=\"yoast-schema-graph\">{\"@context\":\"https:\/\/schema.org\",\"@graph\":[{\"@type\":\"Article\",\"@id\":\"https:\/\/moderaterna.se\/stockholm\/nyhet\/debatt-fler-poliser-behovs-lokalt-och-internationellt\/#article\",\"isPartOf\":{\"@id\":\"https:\/\/moderaterna.se\/stockholm\/nyhet\/debatt-fler-poliser-behovs-lokalt-och-internationellt\/\"},\"author\":{\"name\":\"Veronica Nordstr\u00f6m\",\"@id\":\"https:\/\/moderaterna.se\/stockholm\/#\/schema\/person\/1790a6c815cef6251a1f13d3fd5254bd\"},\"headline\":\"Debatt: Fler poliser beh\u00f6vs &#8211; lokalt och internationellt\",\"datePublished\":\"2024-05-30T08:55:47+00:00\",\"dateModified\":\"2024-05-30T08:58:09+00:00\",\"mainEntityOfPage\":{\"@id\":\"https:\/\/moderaterna.se\/stockholm\/nyhet\/debatt-fler-poliser-behovs-lokalt-och-internationellt\/\"},\"wordCount\":504,\"publisher\":{\"@id\":\"https:\/\/moderaterna.se\/stockholm\/#organization\"},\"articleSection\":[\"Nyhet\"],\"inLanguage\":\"sv-SE\"},{\"@type\":\"WebPage\",\"@id\":\"https:\/\/moderaterna.se\/stockholm\/nyhet\/debatt-fler-poliser-behovs-lokalt-och-internationellt\/\",\"url\":\"https:\/\/moderaterna.se\/stockholm\/nyhet\/debatt-fler-poliser-behovs-lokalt-och-internationellt\/\",\"name\":\"Debatt: Fler poliser beh\u00f6vs - lokalt och internationellt | Moderaterna i Stockholms stad och l\u00e4n\",\"isPartOf\":{\"@id\":\"https:\/\/moderaterna.se\/stockholm\/#website\"},\"datePublished\":\"2024-05-30T08:55:47+00:00\",\"dateModified\":\"2024-05-30T08:58:09+00:00\",\"breadcrumb\":{\"@id\":\"https:\/\/moderaterna.se\/stockholm\/nyhet\/debatt-fler-poliser-behovs-lokalt-och-internationellt\/#breadcrumb\"},\"inLanguage\":\"sv-SE\",\"potentialAction\":[{\"@type\":\"ReadAction\",\"target\":[\"https:\/\/moderaterna.se\/stockholm\/nyhet\/debatt-fler-poliser-behovs-lokalt-och-internationellt\/\"]}]},{\"@type\":\"BreadcrumbList\",\"@id\":\"https:\/\/moderaterna.se\/stockholm\/nyhet\/debatt-fler-poliser-behovs-lokalt-och-internationellt\/#breadcrumb\",\"itemListElement\":[{\"@type\":\"ListItem\",\"position\":1,\"name\":\"Hem\",\"item\":\"https:\/\/moderaterna.se\/stockholm\/\"},{\"@type\":\"ListItem\",\"position\":2,\"name\":\"Debatt: Fler poliser beh\u00f6vs &#8211; lokalt och internationellt\"}]},{\"@type\":\"WebSite\",\"@id\":\"https:\/\/moderaterna.se\/stockholm\/#website\",\"url\":\"https:\/\/moderaterna.se\/stockholm\/\",\"name\":\"Moderaterna i Stockholms stad och l\u00e4n\",\"description\":\"Nu f\u00e5r vi ordning p\u00e5 Sverige\",\"publisher\":{\"@id\":\"https:\/\/moderaterna.se\/stockholm\/#organization\"},\"potentialAction\":[{\"@type\":\"SearchAction\",\"target\":{\"@type\":\"EntryPoint\",\"urlTemplate\":\"https:\/\/moderaterna.se\/stockholm\/?s={search_term_string}\"},\"query-input\":{\"@type\":\"PropertyValueSpecification\",\"valueRequired\":true,\"valueName\":\"search_term_string\"}}],\"inLanguage\":\"sv-SE\"},{\"@type\":\"Organization\",\"@id\":\"https:\/\/moderaterna.se\/stockholm\/#organization\",\"name\":\"Moderaterna\",\"url\":\"https:\/\/moderaterna.se\/stockholm\/\",\"logo\":{\"@type\":\"ImageObject\",\"inLanguage\":\"sv-SE\",\"@id\":\"https:\/\/moderaterna.se\/stockholm\/#\/schema\/logo\/image\/\",\"url\":\"https:\/\/moderaterna.se\/app\/uploads\/2021\/10\/logo-general@2x.png\",\"contentUrl\":\"https:\/\/moderaterna.se\/app\/uploads\/2021\/10\/logo-general@2x.png\",\"width\":122,\"height\":122,\"caption\":\"Moderaterna\"},\"image\":{\"@id\":\"https:\/\/moderaterna.se\/stockholm\/#\/schema\/logo\/image\/\"},\"sameAs\":[\"https:\/\/www.facebook.com\/ModeraternaSthlm\",\"https:\/\/x.com\/ModeratSthlm\",\"https:\/\/www.instagram.com\/moderatsthlm\/\",\"https:\/\/www.youtube.com\/user\/ModeraternaSthlm\"]},{\"@type\":\"Person\",\"@id\":\"https:\/\/moderaterna.se\/stockholm\/#\/schema\/person\/1790a6c815cef6251a1f13d3fd5254bd\",\"name\":\"Veronica Nordstr\u00f6m\",\"image\":{\"@type\":\"ImageObject\",\"inLanguage\":\"sv-SE\",\"@id\":\"https:\/\/moderaterna.se\/stockholm\/#\/schema\/person\/image\/\",\"url\":\"https:\/\/secure.gravatar.com\/avatar\/cdb9d339dbafa52c812526e3f75df35bab1725c8375eaa3e17b27f2a40e8b094?s=96&d=mm&r=g\",\"contentUrl\":\"https:\/\/secure.gravatar.com\/avatar\/cdb9d339dbafa52c812526e3f75df35bab1725c8375eaa3e17b27f2a40e8b094?s=96&d=mm&r=g\",\"caption\":\"Veronica Nordstr\u00f6m\"},\"url\":\"https:\/\/moderaterna.se\/stockholm\/author\/veronicanordstrom\/\"}]}<\/script>\n<!-- \/ Yoast SEO Premium plugin. -->","yoast_head_json":{"title":"Debatt: Fler poliser beh\u00f6vs - lokalt och internationellt | Moderaterna i Stockholms stad och l\u00e4n","robots":{"index":"index","follow":"follow","max-snippet":"max-snippet:-1","max-image-preview":"max-image-preview:large","max-video-preview":"max-video-preview:-1"},"canonical":"https:\/\/moderaterna.se\/stockholm\/nyhet\/debatt-fler-poliser-behovs-lokalt-och-internationellt\/","og_locale":"sv_SE","og_type":"article","og_title":"Debatt: Fler poliser beh\u00f6vs - lokalt och internationellt","og_url":"https:\/\/moderaterna.se\/stockholm\/nyhet\/debatt-fler-poliser-behovs-lokalt-och-internationellt\/","og_site_name":"Moderaterna i Stockholms stad och l\u00e4n","article_publisher":"https:\/\/www.facebook.com\/ModeraternaSthlm","article_published_time":"2024-05-30T08:55:47+00:00","article_modified_time":"2024-05-30T08:58:09+00:00","og_image":[{"width":1200,"height":628,"url":"https:\/\/moderaterna.se\/app\/uploads\/sites\/5\/2022\/01\/DELNINGSBILD_hemsida_fo\u0308rstasida.png","type":"image\/png"}],"author":"Veronica Nordstr\u00f6m","twitter_card":"summary_large_image","twitter_creator":"@ModeratSthlm","twitter_site":"@ModeratSthlm","twitter_misc":{"Skriven av":"Veronica Nordstr\u00f6m","Ber\u00e4knad l\u00e4stid":"3 minuter"},"schema":{"@context":"https:\/\/schema.org","@graph":[{"@type":"Article","@id":"https:\/\/moderaterna.se\/stockholm\/nyhet\/debatt-fler-poliser-behovs-lokalt-och-internationellt\/#article","isPartOf":{"@id":"https:\/\/moderaterna.se\/stockholm\/nyhet\/debatt-fler-poliser-behovs-lokalt-och-internationellt\/"},"author":{"name":"Veronica Nordstr\u00f6m","@id":"https:\/\/moderaterna.se\/stockholm\/#\/schema\/person\/1790a6c815cef6251a1f13d3fd5254bd"},"headline":"Debatt: Fler poliser beh\u00f6vs &#8211; lokalt och internationellt","datePublished":"2024-05-30T08:55:47+00:00","dateModified":"2024-05-30T08:58:09+00:00","mainEntityOfPage":{"@id":"https:\/\/moderaterna.se\/stockholm\/nyhet\/debatt-fler-poliser-behovs-lokalt-och-internationellt\/"},"wordCount":504,"publisher":{"@id":"https:\/\/moderaterna.se\/stockholm\/#organization"},"articleSection":["Nyhet"],"inLanguage":"sv-SE"},{"@type":"WebPage","@id":"https:\/\/moderaterna.se\/stockholm\/nyhet\/debatt-fler-poliser-behovs-lokalt-och-internationellt\/","url":"https:\/\/moderaterna.se\/stockholm\/nyhet\/debatt-fler-poliser-behovs-lokalt-och-internationellt\/","name":"Debatt: Fler poliser beh\u00f6vs - lokalt och internationellt | Moderaterna i Stockholms stad och l\u00e4n","isPartOf":{"@id":"https:\/\/moderaterna.se\/stockholm\/#website"},"datePublished":"2024-05-30T08:55:47+00:00","dateModified":"2024-05-30T08:58:09+00:00","breadcrumb":{"@id":"https:\/\/moderaterna.se\/stockholm\/nyhet\/debatt-fler-poliser-behovs-lokalt-och-internationellt\/#breadcrumb"},"inLanguage":"sv-SE","potentialAction":[{"@type":"ReadAction","target":["https:\/\/moderaterna.se\/stockholm\/nyhet\/debatt-fler-poliser-behovs-lokalt-och-internationellt\/"]}]},{"@type":"BreadcrumbList","@id":"https:\/\/moderaterna.se\/stockholm\/nyhet\/debatt-fler-poliser-behovs-lokalt-och-internationellt\/#breadcrumb","itemListElement":[{"@type":"ListItem","position":1,"name":"Hem","item":"https:\/\/moderaterna.se\/stockholm\/"},{"@type":"ListItem","position":2,"name":"Debatt: Fler poliser beh\u00f6vs &#8211; lokalt och internationellt"}]},{"@type":"WebSite","@id":"https:\/\/moderaterna.se\/stockholm\/#website","url":"https:\/\/moderaterna.se\/stockholm\/","name":"Moderaterna i Stockholms stad och l\u00e4n","description":"Nu f\u00e5r vi ordning p\u00e5 Sverige","publisher":{"@id":"https:\/\/moderaterna.se\/stockholm\/#organization"},"potentialAction":[{"@type":"SearchAction","target":{"@type":"EntryPoint","urlTemplate":"https:\/\/moderaterna.se\/stockholm\/?s={search_term_string}"},"query-input":{"@type":"PropertyValueSpecification","valueRequired":true,"valueName":"search_term_string"}}],"inLanguage":"sv-SE"},{"@type":"Organization","@id":"https:\/\/moderaterna.se\/stockholm\/#organization","name":"Moderaterna","url":"https:\/\/moderaterna.se\/stockholm\/","logo":{"@type":"ImageObject","inLanguage":"sv-SE","@id":"https:\/\/moderaterna.se\/stockholm\/#\/schema\/logo\/image\/","url":"https:\/\/moderaterna.se\/app\/uploads\/2021\/10\/logo-general@2x.png","contentUrl":"https:\/\/moderaterna.se\/app\/uploads\/2021\/10\/logo-general@2x.png","width":122,"height":122,"caption":"Moderaterna"},"image":{"@id":"https:\/\/moderaterna.se\/stockholm\/#\/schema\/logo\/image\/"},"sameAs":["https:\/\/www.facebook.com\/ModeraternaSthlm","https:\/\/x.com\/ModeratSthlm","https:\/\/www.instagram.com\/moderatsthlm\/","https:\/\/www.youtube.com\/user\/ModeraternaSthlm"]},{"@type":"Person","@id":"https:\/\/moderaterna.se\/stockholm\/#\/schema\/person\/1790a6c815cef6251a1f13d3fd5254bd","name":"Veronica Nordstr\u00f6m","image":{"@type":"ImageObject","inLanguage":"sv-SE","@id":"https:\/\/moderaterna.se\/stockholm\/#\/schema\/person\/image\/","url":"https:\/\/secure.gravatar.com\/avatar\/cdb9d339dbafa52c812526e3f75df35bab1725c8375eaa3e17b27f2a40e8b094?s=96&d=mm&r=g","contentUrl":"https:\/\/secure.gravatar.com\/avatar\/cdb9d339dbafa52c812526e3f75df35bab1725c8375eaa3e17b27f2a40e8b094?s=96&d=mm&r=g","caption":"Veronica Nordstr\u00f6m"},"url":"https:\/\/moderaterna.se\/stockholm\/author\/veronicanordstrom\/"}]}},"publishpress_future_action":{"enabled":false,"date":"2026-05-04 10:07:34","action":"change-status","newStatus":"draft","terms":[],"taxonomy":"category"},"_links":{"self":[{"href":"https:\/\/moderaterna.se\/stockholm\/wp-json\/wp\/v2\/posts\/4231","targetHints":{"allow":["GET"]}}],"collection":[{"href":"https:\/\/moderaterna.se\/stockholm\/wp-json\/wp\/v2\/posts"}],"about":[{"href":"https:\/\/moderaterna.se\/stockholm\/wp-json\/wp\/v2\/types\/post"}],"author":[{"embeddable":true,"href":"https:\/\/moderaterna.se\/stockholm\/wp-json\/wp\/v2\/users\/55"}],"replies":[{"embeddable":true,"href":"https:\/\/moderaterna.se\/stockholm\/wp-json\/wp\/v2\/comments?post=4231"}],"version-history":[{"count":4,"href":"https:\/\/moderaterna.se\/stockholm\/wp-json\/wp\/v2\/posts\/4231\/revisions"}],"predecessor-version":[{"id":4236,"href":"https:\/\/moderaterna.se\/stockholm\/wp-json\/wp\/v2\/posts\/4231\/revisions\/4236"}],"wp:attachment":[{"href":"https:\/\/moderaterna.se\/stockholm\/wp-json\/wp\/v2\/media?parent=4231"}],"wp:term":[{"taxonomy":"category","embeddable":true,"href":"https:\/\/moderaterna.se\/stockholm\/wp-json\/wp\/v2\/categories?post=4231"},{"taxonomy":"post_tag","embeddable":true,"href":"https:\/\/moderaterna.se\/stockholm\/wp-json\/wp\/v2\/tags?post=4231"},{"taxonomy":"subject","embeddable":true,"href":"https:\/\/moderaterna.se\/stockholm\/wp-json\/wp\/v2\/subject?post=4231"}],"curies":[{"name":"wp","href":"https:\/\/api.w.org\/{rel}","templated":true}]}}