{"id":4195,"date":"2024-05-27T14:01:10","date_gmt":"2024-05-27T12:01:10","guid":{"rendered":"https:\/\/moderaterna.se\/stockholm\/?p=4195"},"modified":"2024-05-27T14:13:59","modified_gmt":"2024-05-27T12:13:59","slug":"socialdemokraterna-i-region-stockholm-vill-lagga-ned-ca-110-geriatrikplatser","status":"publish","type":"post","link":"https:\/\/moderaterna.se\/stockholm\/nyhet\/socialdemokraterna-i-region-stockholm-vill-lagga-ned-ca-110-geriatrikplatser\/","title":{"rendered":"Socialdemokraterna i region Stockholm vill l\u00e4gga ned ca 110 geriatrikplatser."},"content":{"rendered":"\n<p><\/p>\n\n\n\n<p><strong>Socialdemokraterna i region Stockholm vill l\u00e4gga ned ca 110 geriatrikplatser.<\/strong><br>Socialdemokraterna l\u00e4gger fram en ny plan f\u00f6r sjukv\u00e5rd f\u00f6r \u00e4ldre\u00a0och presenterar ett f\u00f6rslag att l\u00e4gga ned <br>ca 110 geriatrikplatser. Det moderata oppositionsregionr\u00e5det Axel Conradi (M) s\u00e4ger att de inte l\u00e4ngre ser v\u00e5rdval som enda svaret p\u00e5 sjukv\u00e5rdens problem, men att l\u00e4gga ner tv\u00e5 sjukhus med 100 v\u00e5rdplatser \u00e4r fel v\u00e4g att g\u00e5.<\/p>\n\n\n\n<p>\u2013 De \u00e4ldre blir fler, fler beh\u00f6ver v\u00e5rd, sjukhusens geriatriska avdelningar \u00e4r fulla. Det h\u00e4r g\u00f6r mig orolig, s\u00e4ger han till Mitti stockholm.<\/p>\n\n\n\n<p>L\u00e4s mer <a href=\"https:\/\/www.mitti.se\/nyheter\/planen-sa-ska-aldre-slippa-bollas-runt-i-varden-6.20.222852.0523dbd8be?fbclid=IwZXh0bgNhZW0CMTAAAR3_ibBIdj_9pMZVLN9vwvMMXQio8dBW_C-INTG7g5aZSW3aHNY4-2zQ5uE_aem_ATygKCwNuqjdEO0RQgpdX6V1HqdykqbP2p5qZcGIdXF1OLUePDZ9ChiORoikuzRahudHe5HFFnEeYl0oTOPvhoeK\">h\u00e4r<\/a>.<\/p>\n\n\n<div class=\"wp-block-image\">\n<figure class=\"alignleft size-large is-resized\"><img loading=\"lazy\" decoding=\"async\" width=\"1024\" height=\"858\" src=\"https:\/\/moderaterna.se\/app\/uploads\/sites\/5\/2024\/05\/443927507_10159990402657045_5240090569848667536_n-1-1024x858.jpg\" alt=\"\" class=\"wp-image-4198\" style=\"width:587px;height:auto\" srcset=\"https:\/\/moderaterna.se\/app\/uploads\/sites\/5\/2024\/05\/443927507_10159990402657045_5240090569848667536_n-1-1024x858.jpg 1024w, https:\/\/moderaterna.se\/app\/uploads\/sites\/5\/2024\/05\/443927507_10159990402657045_5240090569848667536_n-1-300x252.jpg 300w, https:\/\/moderaterna.se\/app\/uploads\/sites\/5\/2024\/05\/443927507_10159990402657045_5240090569848667536_n-1-768x644.jpg 768w, https:\/\/moderaterna.se\/app\/uploads\/sites\/5\/2024\/05\/443927507_10159990402657045_5240090569848667536_n-1.jpg 1293w\" sizes=\"auto, (max-width: 1024px) 100vw, 1024px\" \/><\/figure>\n<\/div>","protected":false},"excerpt":{"rendered":"<p>Socialdemokraterna i region Stockholm vill l\u00e4gga ned ca 110 geriatrikplatser.Socialdemokraterna l\u00e4gger fram en ny plan f\u00f6r sjukv\u00e5rd f\u00f6r \u00e4ldre\u00a0och presenterar ett f\u00f6rslag att l\u00e4gga ned ca 110 geriatrikplatser. Det moderata oppositionsregionr\u00e5det Axel Conradi (M) s\u00e4ger att de inte l\u00e4ngre ser v\u00e5rdval som enda svaret p\u00e5 sjukv\u00e5rdens problem, men att l\u00e4gga ner tv\u00e5 sjukhus med 100 [&hellip;]<\/p>\n","protected":false},"author":55,"featured_media":4198,"comment_status":"closed","ping_status":"closed","sticky":false,"template":"","format":"standard","meta":{"_acf_changed":false,"_relevanssi_hide_post":"","_relevanssi_hide_content":"","_relevanssi_pin_for_all":"","_relevanssi_pin_keywords":"","_relevanssi_unpin_keywords":"","_relevanssi_related_keywords":"","_relevanssi_related_include_ids":"","_relevanssi_related_exclude_ids":"","_relevanssi_related_no_append":"","_relevanssi_related_not_related":"","_relevanssi_related_posts":"2657,993,2100,2169,981,4077","_relevanssi_noindex_reason":"","footnotes":""},"categories":[87,1,7],"tags":[],"subject":[],"class_list":["post-4195","post","type-post","status-publish","format-standard","has-post-thumbnail","hentry","category-artikel","category-nyhet","category-press"],"acf":[],"yoast_head":"<!-- This site is optimized with the Yoast SEO Premium plugin v27.1 (Yoast SEO v27.1.1) - https:\/\/yoast.com\/product\/yoast-seo-premium-wordpress\/ -->\n<title>Socialdemokraterna i region Stockholm vill l\u00e4gga ned ca 110 geriatrikplatser. | Moderaterna i Stockholms stad och l\u00e4n<\/title>\n<meta name=\"robots\" content=\"index, follow, max-snippet:-1, max-image-preview:large, max-video-preview:-1\" \/>\n<link rel=\"canonical\" href=\"https:\/\/moderaterna.se\/stockholm\/nyhet\/socialdemokraterna-i-region-stockholm-vill-lagga-ned-ca-110-geriatrikplatser\/\" \/>\n<meta property=\"og:locale\" content=\"sv_SE\" \/>\n<meta property=\"og:type\" content=\"article\" \/>\n<meta property=\"og:title\" content=\"Socialdemokraterna i region Stockholm vill l\u00e4gga ned ca 110 geriatrikplatser.\" \/>\n<meta property=\"og:url\" content=\"https:\/\/moderaterna.se\/stockholm\/nyhet\/socialdemokraterna-i-region-stockholm-vill-lagga-ned-ca-110-geriatrikplatser\/\" \/>\n<meta property=\"og:site_name\" content=\"Moderaterna i Stockholms stad och l\u00e4n\" \/>\n<meta property=\"article:publisher\" content=\"https:\/\/www.facebook.com\/ModeraternaSthlm\" \/>\n<meta property=\"article:published_time\" content=\"2024-05-27T12:01:10+00:00\" \/>\n<meta property=\"article:modified_time\" content=\"2024-05-27T12:13:59+00:00\" \/>\n<meta property=\"og:image\" content=\"https:\/\/moderaterna.se\/app\/uploads\/sites\/5\/2024\/05\/443927507_10159990402657045_5240090569848667536_n-1.jpg\" \/>\n\t<meta property=\"og:image:width\" content=\"1293\" \/>\n\t<meta property=\"og:image:height\" content=\"1084\" \/>\n\t<meta property=\"og:image:type\" content=\"image\/jpeg\" \/>\n<meta name=\"author\" content=\"Veronica Nordstr\u00f6m\" \/>\n<meta name=\"twitter:card\" content=\"summary_large_image\" \/>\n<meta name=\"twitter:creator\" content=\"@ModeratSthlm\" \/>\n<meta name=\"twitter:site\" content=\"@ModeratSthlm\" \/>\n<meta name=\"twitter:label1\" content=\"Skriven av\" \/>\n\t<meta name=\"twitter:data1\" content=\"Veronica Nordstr\u00f6m\" \/>\n\t<meta name=\"twitter:label2\" content=\"Ber\u00e4knad l\u00e4stid\" \/>\n\t<meta name=\"twitter:data2\" content=\"2 minuter\" \/>\n<script type=\"application\/ld+json\" class=\"yoast-schema-graph\">{\"@context\":\"https:\/\/schema.org\",\"@graph\":[{\"@type\":\"Article\",\"@id\":\"https:\/\/moderaterna.se\/stockholm\/nyhet\/socialdemokraterna-i-region-stockholm-vill-lagga-ned-ca-110-geriatrikplatser\/#article\",\"isPartOf\":{\"@id\":\"https:\/\/moderaterna.se\/stockholm\/nyhet\/socialdemokraterna-i-region-stockholm-vill-lagga-ned-ca-110-geriatrikplatser\/\"},\"author\":{\"name\":\"Veronica Nordstr\u00f6m\",\"@id\":\"https:\/\/moderaterna.se\/stockholm\/#\/schema\/person\/1790a6c815cef6251a1f13d3fd5254bd\"},\"headline\":\"Socialdemokraterna i region Stockholm vill l\u00e4gga ned ca 110 geriatrikplatser.\",\"datePublished\":\"2024-05-27T12:01:10+00:00\",\"dateModified\":\"2024-05-27T12:13:59+00:00\",\"mainEntityOfPage\":{\"@id\":\"https:\/\/moderaterna.se\/stockholm\/nyhet\/socialdemokraterna-i-region-stockholm-vill-lagga-ned-ca-110-geriatrikplatser\/\"},\"wordCount\":117,\"publisher\":{\"@id\":\"https:\/\/moderaterna.se\/stockholm\/#organization\"},\"image\":{\"@id\":\"https:\/\/moderaterna.se\/stockholm\/nyhet\/socialdemokraterna-i-region-stockholm-vill-lagga-ned-ca-110-geriatrikplatser\/#primaryimage\"},\"thumbnailUrl\":\"https:\/\/moderaterna.se\/app\/uploads\/sites\/5\/2024\/05\/443927507_10159990402657045_5240090569848667536_n-1.jpg\",\"articleSection\":[\"Artikel\",\"Nyhet\",\"Pressmeddelande\"],\"inLanguage\":\"sv-SE\"},{\"@type\":\"WebPage\",\"@id\":\"https:\/\/moderaterna.se\/stockholm\/nyhet\/socialdemokraterna-i-region-stockholm-vill-lagga-ned-ca-110-geriatrikplatser\/\",\"url\":\"https:\/\/moderaterna.se\/stockholm\/nyhet\/socialdemokraterna-i-region-stockholm-vill-lagga-ned-ca-110-geriatrikplatser\/\",\"name\":\"Socialdemokraterna i region Stockholm vill l\u00e4gga ned ca 110 geriatrikplatser. | Moderaterna i Stockholms stad och l\u00e4n\",\"isPartOf\":{\"@id\":\"https:\/\/moderaterna.se\/stockholm\/#website\"},\"primaryImageOfPage\":{\"@id\":\"https:\/\/moderaterna.se\/stockholm\/nyhet\/socialdemokraterna-i-region-stockholm-vill-lagga-ned-ca-110-geriatrikplatser\/#primaryimage\"},\"image\":{\"@id\":\"https:\/\/moderaterna.se\/stockholm\/nyhet\/socialdemokraterna-i-region-stockholm-vill-lagga-ned-ca-110-geriatrikplatser\/#primaryimage\"},\"thumbnailUrl\":\"https:\/\/moderaterna.se\/app\/uploads\/sites\/5\/2024\/05\/443927507_10159990402657045_5240090569848667536_n-1.jpg\",\"datePublished\":\"2024-05-27T12:01:10+00:00\",\"dateModified\":\"2024-05-27T12:13:59+00:00\",\"breadcrumb\":{\"@id\":\"https:\/\/moderaterna.se\/stockholm\/nyhet\/socialdemokraterna-i-region-stockholm-vill-lagga-ned-ca-110-geriatrikplatser\/#breadcrumb\"},\"inLanguage\":\"sv-SE\",\"potentialAction\":[{\"@type\":\"ReadAction\",\"target\":[\"https:\/\/moderaterna.se\/stockholm\/nyhet\/socialdemokraterna-i-region-stockholm-vill-lagga-ned-ca-110-geriatrikplatser\/\"]}]},{\"@type\":\"ImageObject\",\"inLanguage\":\"sv-SE\",\"@id\":\"https:\/\/moderaterna.se\/stockholm\/nyhet\/socialdemokraterna-i-region-stockholm-vill-lagga-ned-ca-110-geriatrikplatser\/#primaryimage\",\"url\":\"https:\/\/moderaterna.se\/app\/uploads\/sites\/5\/2024\/05\/443927507_10159990402657045_5240090569848667536_n-1.jpg\",\"contentUrl\":\"https:\/\/moderaterna.se\/app\/uploads\/sites\/5\/2024\/05\/443927507_10159990402657045_5240090569848667536_n-1.jpg\",\"width\":1293,\"height\":1084},{\"@type\":\"BreadcrumbList\",\"@id\":\"https:\/\/moderaterna.se\/stockholm\/nyhet\/socialdemokraterna-i-region-stockholm-vill-lagga-ned-ca-110-geriatrikplatser\/#breadcrumb\",\"itemListElement\":[{\"@type\":\"ListItem\",\"position\":1,\"name\":\"Hem\",\"item\":\"https:\/\/moderaterna.se\/stockholm\/\"},{\"@type\":\"ListItem\",\"position\":2,\"name\":\"Socialdemokraterna i region Stockholm vill l\u00e4gga ned ca 110 geriatrikplatser.\"}]},{\"@type\":\"WebSite\",\"@id\":\"https:\/\/moderaterna.se\/stockholm\/#website\",\"url\":\"https:\/\/moderaterna.se\/stockholm\/\",\"name\":\"Moderaterna i Stockholms stad och l\u00e4n\",\"description\":\"Nu f\u00e5r vi ordning p\u00e5 Sverige\",\"publisher\":{\"@id\":\"https:\/\/moderaterna.se\/stockholm\/#organization\"},\"potentialAction\":[{\"@type\":\"SearchAction\",\"target\":{\"@type\":\"EntryPoint\",\"urlTemplate\":\"https:\/\/moderaterna.se\/stockholm\/?s={search_term_string}\"},\"query-input\":{\"@type\":\"PropertyValueSpecification\",\"valueRequired\":true,\"valueName\":\"search_term_string\"}}],\"inLanguage\":\"sv-SE\"},{\"@type\":\"Organization\",\"@id\":\"https:\/\/moderaterna.se\/stockholm\/#organization\",\"name\":\"Moderaterna\",\"url\":\"https:\/\/moderaterna.se\/stockholm\/\",\"logo\":{\"@type\":\"ImageObject\",\"inLanguage\":\"sv-SE\",\"@id\":\"https:\/\/moderaterna.se\/stockholm\/#\/schema\/logo\/image\/\",\"url\":\"https:\/\/moderaterna.se\/app\/uploads\/2021\/10\/logo-general@2x.png\",\"contentUrl\":\"https:\/\/moderaterna.se\/app\/uploads\/2021\/10\/logo-general@2x.png\",\"width\":122,\"height\":122,\"caption\":\"Moderaterna\"},\"image\":{\"@id\":\"https:\/\/moderaterna.se\/stockholm\/#\/schema\/logo\/image\/\"},\"sameAs\":[\"https:\/\/www.facebook.com\/ModeraternaSthlm\",\"https:\/\/x.com\/ModeratSthlm\",\"https:\/\/www.instagram.com\/moderatsthlm\/\",\"https:\/\/www.youtube.com\/user\/ModeraternaSthlm\"]},{\"@type\":\"Person\",\"@id\":\"https:\/\/moderaterna.se\/stockholm\/#\/schema\/person\/1790a6c815cef6251a1f13d3fd5254bd\",\"name\":\"Veronica Nordstr\u00f6m\",\"image\":{\"@type\":\"ImageObject\",\"inLanguage\":\"sv-SE\",\"@id\":\"https:\/\/moderaterna.se\/stockholm\/#\/schema\/person\/image\/\",\"url\":\"https:\/\/secure.gravatar.com\/avatar\/cdb9d339dbafa52c812526e3f75df35bab1725c8375eaa3e17b27f2a40e8b094?s=96&d=mm&r=g\",\"contentUrl\":\"https:\/\/secure.gravatar.com\/avatar\/cdb9d339dbafa52c812526e3f75df35bab1725c8375eaa3e17b27f2a40e8b094?s=96&d=mm&r=g\",\"caption\":\"Veronica Nordstr\u00f6m\"},\"url\":\"https:\/\/moderaterna.se\/stockholm\/author\/veronicanordstrom\/\"}]}<\/script>\n<!-- \/ Yoast SEO Premium plugin. -->","yoast_head_json":{"title":"Socialdemokraterna i region Stockholm vill l\u00e4gga ned ca 110 geriatrikplatser. | Moderaterna i Stockholms stad och l\u00e4n","robots":{"index":"index","follow":"follow","max-snippet":"max-snippet:-1","max-image-preview":"max-image-preview:large","max-video-preview":"max-video-preview:-1"},"canonical":"https:\/\/moderaterna.se\/stockholm\/nyhet\/socialdemokraterna-i-region-stockholm-vill-lagga-ned-ca-110-geriatrikplatser\/","og_locale":"sv_SE","og_type":"article","og_title":"Socialdemokraterna i region Stockholm vill l\u00e4gga ned ca 110 geriatrikplatser.","og_url":"https:\/\/moderaterna.se\/stockholm\/nyhet\/socialdemokraterna-i-region-stockholm-vill-lagga-ned-ca-110-geriatrikplatser\/","og_site_name":"Moderaterna i Stockholms stad och l\u00e4n","article_publisher":"https:\/\/www.facebook.com\/ModeraternaSthlm","article_published_time":"2024-05-27T12:01:10+00:00","article_modified_time":"2024-05-27T12:13:59+00:00","og_image":[{"width":1293,"height":1084,"url":"https:\/\/moderaterna.se\/app\/uploads\/sites\/5\/2024\/05\/443927507_10159990402657045_5240090569848667536_n-1.jpg","type":"image\/jpeg"}],"author":"Veronica Nordstr\u00f6m","twitter_card":"summary_large_image","twitter_creator":"@ModeratSthlm","twitter_site":"@ModeratSthlm","twitter_misc":{"Skriven av":"Veronica Nordstr\u00f6m","Ber\u00e4knad l\u00e4stid":"2 minuter"},"schema":{"@context":"https:\/\/schema.org","@graph":[{"@type":"Article","@id":"https:\/\/moderaterna.se\/stockholm\/nyhet\/socialdemokraterna-i-region-stockholm-vill-lagga-ned-ca-110-geriatrikplatser\/#article","isPartOf":{"@id":"https:\/\/moderaterna.se\/stockholm\/nyhet\/socialdemokraterna-i-region-stockholm-vill-lagga-ned-ca-110-geriatrikplatser\/"},"author":{"name":"Veronica Nordstr\u00f6m","@id":"https:\/\/moderaterna.se\/stockholm\/#\/schema\/person\/1790a6c815cef6251a1f13d3fd5254bd"},"headline":"Socialdemokraterna i region Stockholm vill l\u00e4gga ned ca 110 geriatrikplatser.","datePublished":"2024-05-27T12:01:10+00:00","dateModified":"2024-05-27T12:13:59+00:00","mainEntityOfPage":{"@id":"https:\/\/moderaterna.se\/stockholm\/nyhet\/socialdemokraterna-i-region-stockholm-vill-lagga-ned-ca-110-geriatrikplatser\/"},"wordCount":117,"publisher":{"@id":"https:\/\/moderaterna.se\/stockholm\/#organization"},"image":{"@id":"https:\/\/moderaterna.se\/stockholm\/nyhet\/socialdemokraterna-i-region-stockholm-vill-lagga-ned-ca-110-geriatrikplatser\/#primaryimage"},"thumbnailUrl":"https:\/\/moderaterna.se\/app\/uploads\/sites\/5\/2024\/05\/443927507_10159990402657045_5240090569848667536_n-1.jpg","articleSection":["Artikel","Nyhet","Pressmeddelande"],"inLanguage":"sv-SE"},{"@type":"WebPage","@id":"https:\/\/moderaterna.se\/stockholm\/nyhet\/socialdemokraterna-i-region-stockholm-vill-lagga-ned-ca-110-geriatrikplatser\/","url":"https:\/\/moderaterna.se\/stockholm\/nyhet\/socialdemokraterna-i-region-stockholm-vill-lagga-ned-ca-110-geriatrikplatser\/","name":"Socialdemokraterna i region Stockholm vill l\u00e4gga ned ca 110 geriatrikplatser. | Moderaterna i Stockholms stad och l\u00e4n","isPartOf":{"@id":"https:\/\/moderaterna.se\/stockholm\/#website"},"primaryImageOfPage":{"@id":"https:\/\/moderaterna.se\/stockholm\/nyhet\/socialdemokraterna-i-region-stockholm-vill-lagga-ned-ca-110-geriatrikplatser\/#primaryimage"},"image":{"@id":"https:\/\/moderaterna.se\/stockholm\/nyhet\/socialdemokraterna-i-region-stockholm-vill-lagga-ned-ca-110-geriatrikplatser\/#primaryimage"},"thumbnailUrl":"https:\/\/moderaterna.se\/app\/uploads\/sites\/5\/2024\/05\/443927507_10159990402657045_5240090569848667536_n-1.jpg","datePublished":"2024-05-27T12:01:10+00:00","dateModified":"2024-05-27T12:13:59+00:00","breadcrumb":{"@id":"https:\/\/moderaterna.se\/stockholm\/nyhet\/socialdemokraterna-i-region-stockholm-vill-lagga-ned-ca-110-geriatrikplatser\/#breadcrumb"},"inLanguage":"sv-SE","potentialAction":[{"@type":"ReadAction","target":["https:\/\/moderaterna.se\/stockholm\/nyhet\/socialdemokraterna-i-region-stockholm-vill-lagga-ned-ca-110-geriatrikplatser\/"]}]},{"@type":"ImageObject","inLanguage":"sv-SE","@id":"https:\/\/moderaterna.se\/stockholm\/nyhet\/socialdemokraterna-i-region-stockholm-vill-lagga-ned-ca-110-geriatrikplatser\/#primaryimage","url":"https:\/\/moderaterna.se\/app\/uploads\/sites\/5\/2024\/05\/443927507_10159990402657045_5240090569848667536_n-1.jpg","contentUrl":"https:\/\/moderaterna.se\/app\/uploads\/sites\/5\/2024\/05\/443927507_10159990402657045_5240090569848667536_n-1.jpg","width":1293,"height":1084},{"@type":"BreadcrumbList","@id":"https:\/\/moderaterna.se\/stockholm\/nyhet\/socialdemokraterna-i-region-stockholm-vill-lagga-ned-ca-110-geriatrikplatser\/#breadcrumb","itemListElement":[{"@type":"ListItem","position":1,"name":"Hem","item":"https:\/\/moderaterna.se\/stockholm\/"},{"@type":"ListItem","position":2,"name":"Socialdemokraterna i region Stockholm vill l\u00e4gga ned ca 110 geriatrikplatser."}]},{"@type":"WebSite","@id":"https:\/\/moderaterna.se\/stockholm\/#website","url":"https:\/\/moderaterna.se\/stockholm\/","name":"Moderaterna i Stockholms stad och l\u00e4n","description":"Nu f\u00e5r vi ordning p\u00e5 Sverige","publisher":{"@id":"https:\/\/moderaterna.se\/stockholm\/#organization"},"potentialAction":[{"@type":"SearchAction","target":{"@type":"EntryPoint","urlTemplate":"https:\/\/moderaterna.se\/stockholm\/?s={search_term_string}"},"query-input":{"@type":"PropertyValueSpecification","valueRequired":true,"valueName":"search_term_string"}}],"inLanguage":"sv-SE"},{"@type":"Organization","@id":"https:\/\/moderaterna.se\/stockholm\/#organization","name":"Moderaterna","url":"https:\/\/moderaterna.se\/stockholm\/","logo":{"@type":"ImageObject","inLanguage":"sv-SE","@id":"https:\/\/moderaterna.se\/stockholm\/#\/schema\/logo\/image\/","url":"https:\/\/moderaterna.se\/app\/uploads\/2021\/10\/logo-general@2x.png","contentUrl":"https:\/\/moderaterna.se\/app\/uploads\/2021\/10\/logo-general@2x.png","width":122,"height":122,"caption":"Moderaterna"},"image":{"@id":"https:\/\/moderaterna.se\/stockholm\/#\/schema\/logo\/image\/"},"sameAs":["https:\/\/www.facebook.com\/ModeraternaSthlm","https:\/\/x.com\/ModeratSthlm","https:\/\/www.instagram.com\/moderatsthlm\/","https:\/\/www.youtube.com\/user\/ModeraternaSthlm"]},{"@type":"Person","@id":"https:\/\/moderaterna.se\/stockholm\/#\/schema\/person\/1790a6c815cef6251a1f13d3fd5254bd","name":"Veronica Nordstr\u00f6m","image":{"@type":"ImageObject","inLanguage":"sv-SE","@id":"https:\/\/moderaterna.se\/stockholm\/#\/schema\/person\/image\/","url":"https:\/\/secure.gravatar.com\/avatar\/cdb9d339dbafa52c812526e3f75df35bab1725c8375eaa3e17b27f2a40e8b094?s=96&d=mm&r=g","contentUrl":"https:\/\/secure.gravatar.com\/avatar\/cdb9d339dbafa52c812526e3f75df35bab1725c8375eaa3e17b27f2a40e8b094?s=96&d=mm&r=g","caption":"Veronica Nordstr\u00f6m"},"url":"https:\/\/moderaterna.se\/stockholm\/author\/veronicanordstrom\/"}]}},"publishpress_future_action":{"enabled":false,"date":"2026-05-05 00:02:09","action":"change-status","newStatus":"draft","terms":[],"taxonomy":"category"},"_links":{"self":[{"href":"https:\/\/moderaterna.se\/stockholm\/wp-json\/wp\/v2\/posts\/4195","targetHints":{"allow":["GET"]}}],"collection":[{"href":"https:\/\/moderaterna.se\/stockholm\/wp-json\/wp\/v2\/posts"}],"about":[{"href":"https:\/\/moderaterna.se\/stockholm\/wp-json\/wp\/v2\/types\/post"}],"author":[{"embeddable":true,"href":"https:\/\/moderaterna.se\/stockholm\/wp-json\/wp\/v2\/users\/55"}],"replies":[{"embeddable":true,"href":"https:\/\/moderaterna.se\/stockholm\/wp-json\/wp\/v2\/comments?post=4195"}],"version-history":[{"count":5,"href":"https:\/\/moderaterna.se\/stockholm\/wp-json\/wp\/v2\/posts\/4195\/revisions"}],"predecessor-version":[{"id":4204,"href":"https:\/\/moderaterna.se\/stockholm\/wp-json\/wp\/v2\/posts\/4195\/revisions\/4204"}],"wp:featuredmedia":[{"embeddable":true,"href":"https:\/\/moderaterna.se\/stockholm\/wp-json\/wp\/v2\/media\/4198"}],"wp:attachment":[{"href":"https:\/\/moderaterna.se\/stockholm\/wp-json\/wp\/v2\/media?parent=4195"}],"wp:term":[{"taxonomy":"category","embeddable":true,"href":"https:\/\/moderaterna.se\/stockholm\/wp-json\/wp\/v2\/categories?post=4195"},{"taxonomy":"post_tag","embeddable":true,"href":"https:\/\/moderaterna.se\/stockholm\/wp-json\/wp\/v2\/tags?post=4195"},{"taxonomy":"subject","embeddable":true,"href":"https:\/\/moderaterna.se\/stockholm\/wp-json\/wp\/v2\/subject?post=4195"}],"curies":[{"name":"wp","href":"https:\/\/api.w.org\/{rel}","templated":true}]}}