{"id":4182,"date":"2024-05-24T21:31:03","date_gmt":"2024-05-24T19:31:03","guid":{"rendered":"https:\/\/moderaterna.se\/stockholm\/?p=4182"},"modified":"2024-05-24T21:33:51","modified_gmt":"2024-05-24T19:33:51","slug":"tomas-tobe-eu-behover-en-nollvision-for-ekonomisk-migration","status":"publish","type":"post","link":"https:\/\/moderaterna.se\/stockholm\/nyhet\/tomas-tobe-eu-behover-en-nollvision-for-ekonomisk-migration\/","title":{"rendered":"Tomas Tob\u00e9: EU beh\u00f6ver en nollvision f\u00f6r ekonomisk migration"},"content":{"rendered":"\n<p><\/p>\n\n\n\n<p><strong>Tomas Tob\u00e9: EU beh\u00f6ver en nollvision f\u00f6r ekonomisk migration<\/strong><br>Med EU:s nya migrationspakt lyckades vi bryta det politiska d\u00f6dl\u00e4get som har pr\u00e4glat migrationspolitiken under m\u00e5nga \u00e5r och s\u00e4krade en l\u00e4gre invandring till Sverige och Europa. Nu kommer vi kunna prioritera personer som har r\u00e4tt att vara i Europa, i st\u00e4llet f\u00f6r ekonomiska migranter.&nbsp;<\/p>\n\n\n\n<p>De senaste \u00e5ren har migrationen till EU \u00e5terigen \u00f6kat. Under f\u00f6rra \u00e5ret var migrationstrycket mot Europa det h\u00f6gsta sedan 2016. Risken \u00e4r stor att det forts\u00e4tter att \u00f6ka p\u00e5 grund av den oroliga omv\u00e4rlden.&nbsp;<\/p>\n\n\n\n<p>Samtidigt \u00e4r \u00f6ver 100 miljoner m\u00e4nniskor p\u00e5 flykt i v\u00e4rlden, varav en majoritet befinner sig i heml\u00e4nderna. St\u00f6d i n\u00e4romr\u00e5det \u00e4r det som kan hj\u00e4lpa flest utsatta m\u00e4nniskor.&nbsp;<\/p>\n\n\n\n<p>Det \u00e4r s\u00e5ledes genom bist\u00e5nds-, utrikes- och s\u00e4kerhetspolitiken vi kan g\u00f6ra skillnad p\u00e5 riktigt.&nbsp;<\/p>\n\n\n\n<p><strong>Inf\u00f6r Europavalet i juni lovar Moderaterna att vi kommer prioritera fyra viktiga f\u00f6r\u00e4ndringar av migrationspolitiken:\u00a0<\/strong><\/p>\n\n\n\n<ul class=\"wp-block-list\">\n<li>En nollvision f\u00f6r ekonomisk migration\u00a0<\/li>\n\n\n\n<li>Volymm\u00e5l p\u00e5 medlemsstatsniv\u00e5\u00a0<\/li>\n\n\n\n<li>Fler avtal med l\u00e4nder utanf\u00f6r Europa och gr\u00e4nsvakter i Nordafrika\u00a0Motverka migrationens grundorsaker\u00a0<\/li>\n<\/ul>\n\n\n\n<p>Det \u00e4r dags att ta tillbaka kontrollen \u00f6ver invandringen. Nya folkvandringar in i Europa m\u00e5ste undvikas.Tomas Tob\u00e9 (M), toppkandidat i Europavalet<\/p>\n\n\n\n<p>L\u00e4s hela debattartikeln i Dagens Nyheter <a href=\"https:\/\/evt.ungpd.com\/Issues\/3b2f35b6-aba3-4ef2-8000-881d57cc1ce6\/Click?ContactId=34799747-2425-4369-a20f-b56dd4bb7a16&amp;AccountId=caa7af5f-d184-4272-93a4-7601c3334819&amp;ir=f281177f-5922-42f7-a368-7de5208f7857&amp;url=https%3a%2f%2fwww.dn.se%2fdebatt%2feu-behover-en-nollvision-for-ekonomisk-migration%2f\" target=\"_blank\" rel=\"noreferrer noopener\">h\u00e4r<\/a>.<\/p>\n","protected":false},"excerpt":{"rendered":"<p>Tomas Tob\u00e9: EU beh\u00f6ver en nollvision f\u00f6r ekonomisk migrationMed EU:s nya migrationspakt lyckades vi bryta det politiska d\u00f6dl\u00e4get som har pr\u00e4glat migrationspolitiken under m\u00e5nga \u00e5r och s\u00e4krade en l\u00e4gre invandring till Sverige och Europa. Nu kommer vi kunna prioritera personer som har r\u00e4tt att vara i Europa, i st\u00e4llet f\u00f6r ekonomiska migranter.&nbsp; De senaste \u00e5ren [&hellip;]<\/p>\n","protected":false},"author":55,"featured_media":0,"comment_status":"closed","ping_status":"closed","sticky":false,"template":"","format":"standard","meta":{"_acf_changed":false,"_relevanssi_hide_post":"","_relevanssi_hide_content":"","_relevanssi_pin_for_all":"","_relevanssi_pin_keywords":"","_relevanssi_unpin_keywords":"","_relevanssi_related_keywords":"","_relevanssi_related_include_ids":"","_relevanssi_related_exclude_ids":"","_relevanssi_related_no_append":"","_relevanssi_related_not_related":"","_relevanssi_related_posts":"979,2078,2163,957,967,3006","_relevanssi_noindex_reason":"","footnotes":""},"categories":[1],"tags":[],"subject":[],"class_list":["post-4182","post","type-post","status-publish","format-standard","hentry","category-nyhet"],"acf":[],"yoast_head":"<!-- This site is optimized with the Yoast SEO Premium plugin v27.1 (Yoast SEO v27.1.1) - https:\/\/yoast.com\/product\/yoast-seo-premium-wordpress\/ -->\n<title>Tomas Tob\u00e9: EU beh\u00f6ver en nollvision f\u00f6r ekonomisk migration | Moderaterna i Stockholms stad och l\u00e4n<\/title>\n<meta name=\"robots\" content=\"index, follow, max-snippet:-1, max-image-preview:large, max-video-preview:-1\" \/>\n<link rel=\"canonical\" href=\"https:\/\/moderaterna.se\/stockholm\/nyhet\/tomas-tobe-eu-behover-en-nollvision-for-ekonomisk-migration\/\" \/>\n<meta property=\"og:locale\" content=\"sv_SE\" \/>\n<meta property=\"og:type\" content=\"article\" \/>\n<meta property=\"og:title\" content=\"Tomas Tob\u00e9: EU beh\u00f6ver en nollvision f\u00f6r ekonomisk migration\" \/>\n<meta property=\"og:url\" content=\"https:\/\/moderaterna.se\/stockholm\/nyhet\/tomas-tobe-eu-behover-en-nollvision-for-ekonomisk-migration\/\" \/>\n<meta property=\"og:site_name\" content=\"Moderaterna i Stockholms stad och l\u00e4n\" \/>\n<meta property=\"article:publisher\" content=\"https:\/\/www.facebook.com\/ModeraternaSthlm\" \/>\n<meta property=\"article:published_time\" content=\"2024-05-24T19:31:03+00:00\" \/>\n<meta property=\"article:modified_time\" content=\"2024-05-24T19:33:51+00:00\" \/>\n<meta property=\"og:image\" content=\"https:\/\/moderaterna.se\/app\/uploads\/sites\/5\/2022\/01\/DELNINGSBILD_hemsida_fo\u0308rstasida.png\" \/>\n\t<meta property=\"og:image:width\" content=\"1200\" \/>\n\t<meta property=\"og:image:height\" content=\"628\" \/>\n\t<meta property=\"og:image:type\" content=\"image\/png\" \/>\n<meta name=\"author\" content=\"Veronica Nordstr\u00f6m\" \/>\n<meta name=\"twitter:card\" content=\"summary_large_image\" \/>\n<meta name=\"twitter:creator\" content=\"@ModeratSthlm\" \/>\n<meta name=\"twitter:site\" content=\"@ModeratSthlm\" \/>\n<meta name=\"twitter:label1\" content=\"Skriven av\" \/>\n\t<meta name=\"twitter:data1\" content=\"Veronica Nordstr\u00f6m\" \/>\n\t<meta name=\"twitter:label2\" content=\"Ber\u00e4knad l\u00e4stid\" \/>\n\t<meta name=\"twitter:data2\" content=\"2 minuter\" \/>\n<script type=\"application\/ld+json\" class=\"yoast-schema-graph\">{\"@context\":\"https:\/\/schema.org\",\"@graph\":[{\"@type\":\"Article\",\"@id\":\"https:\/\/moderaterna.se\/stockholm\/nyhet\/tomas-tobe-eu-behover-en-nollvision-for-ekonomisk-migration\/#article\",\"isPartOf\":{\"@id\":\"https:\/\/moderaterna.se\/stockholm\/nyhet\/tomas-tobe-eu-behover-en-nollvision-for-ekonomisk-migration\/\"},\"author\":{\"name\":\"Veronica Nordstr\u00f6m\",\"@id\":\"https:\/\/moderaterna.se\/stockholm\/#\/schema\/person\/1790a6c815cef6251a1f13d3fd5254bd\"},\"headline\":\"Tomas Tob\u00e9: EU beh\u00f6ver en nollvision f\u00f6r ekonomisk migration\",\"datePublished\":\"2024-05-24T19:31:03+00:00\",\"dateModified\":\"2024-05-24T19:33:51+00:00\",\"mainEntityOfPage\":{\"@id\":\"https:\/\/moderaterna.se\/stockholm\/nyhet\/tomas-tobe-eu-behover-en-nollvision-for-ekonomisk-migration\/\"},\"wordCount\":246,\"publisher\":{\"@id\":\"https:\/\/moderaterna.se\/stockholm\/#organization\"},\"articleSection\":[\"Nyhet\"],\"inLanguage\":\"sv-SE\"},{\"@type\":\"WebPage\",\"@id\":\"https:\/\/moderaterna.se\/stockholm\/nyhet\/tomas-tobe-eu-behover-en-nollvision-for-ekonomisk-migration\/\",\"url\":\"https:\/\/moderaterna.se\/stockholm\/nyhet\/tomas-tobe-eu-behover-en-nollvision-for-ekonomisk-migration\/\",\"name\":\"Tomas Tob\u00e9: EU beh\u00f6ver en nollvision f\u00f6r ekonomisk migration | Moderaterna i Stockholms stad och l\u00e4n\",\"isPartOf\":{\"@id\":\"https:\/\/moderaterna.se\/stockholm\/#website\"},\"datePublished\":\"2024-05-24T19:31:03+00:00\",\"dateModified\":\"2024-05-24T19:33:51+00:00\",\"breadcrumb\":{\"@id\":\"https:\/\/moderaterna.se\/stockholm\/nyhet\/tomas-tobe-eu-behover-en-nollvision-for-ekonomisk-migration\/#breadcrumb\"},\"inLanguage\":\"sv-SE\",\"potentialAction\":[{\"@type\":\"ReadAction\",\"target\":[\"https:\/\/moderaterna.se\/stockholm\/nyhet\/tomas-tobe-eu-behover-en-nollvision-for-ekonomisk-migration\/\"]}]},{\"@type\":\"BreadcrumbList\",\"@id\":\"https:\/\/moderaterna.se\/stockholm\/nyhet\/tomas-tobe-eu-behover-en-nollvision-for-ekonomisk-migration\/#breadcrumb\",\"itemListElement\":[{\"@type\":\"ListItem\",\"position\":1,\"name\":\"Hem\",\"item\":\"https:\/\/moderaterna.se\/stockholm\/\"},{\"@type\":\"ListItem\",\"position\":2,\"name\":\"Tomas Tob\u00e9: EU beh\u00f6ver en nollvision f\u00f6r ekonomisk migration\"}]},{\"@type\":\"WebSite\",\"@id\":\"https:\/\/moderaterna.se\/stockholm\/#website\",\"url\":\"https:\/\/moderaterna.se\/stockholm\/\",\"name\":\"Moderaterna i Stockholms stad och l\u00e4n\",\"description\":\"Nu f\u00e5r vi ordning p\u00e5 Sverige\",\"publisher\":{\"@id\":\"https:\/\/moderaterna.se\/stockholm\/#organization\"},\"potentialAction\":[{\"@type\":\"SearchAction\",\"target\":{\"@type\":\"EntryPoint\",\"urlTemplate\":\"https:\/\/moderaterna.se\/stockholm\/?s={search_term_string}\"},\"query-input\":{\"@type\":\"PropertyValueSpecification\",\"valueRequired\":true,\"valueName\":\"search_term_string\"}}],\"inLanguage\":\"sv-SE\"},{\"@type\":\"Organization\",\"@id\":\"https:\/\/moderaterna.se\/stockholm\/#organization\",\"name\":\"Moderaterna\",\"url\":\"https:\/\/moderaterna.se\/stockholm\/\",\"logo\":{\"@type\":\"ImageObject\",\"inLanguage\":\"sv-SE\",\"@id\":\"https:\/\/moderaterna.se\/stockholm\/#\/schema\/logo\/image\/\",\"url\":\"https:\/\/moderaterna.se\/app\/uploads\/2021\/10\/logo-general@2x.png\",\"contentUrl\":\"https:\/\/moderaterna.se\/app\/uploads\/2021\/10\/logo-general@2x.png\",\"width\":122,\"height\":122,\"caption\":\"Moderaterna\"},\"image\":{\"@id\":\"https:\/\/moderaterna.se\/stockholm\/#\/schema\/logo\/image\/\"},\"sameAs\":[\"https:\/\/www.facebook.com\/ModeraternaSthlm\",\"https:\/\/x.com\/ModeratSthlm\",\"https:\/\/www.instagram.com\/moderatsthlm\/\",\"https:\/\/www.youtube.com\/user\/ModeraternaSthlm\"]},{\"@type\":\"Person\",\"@id\":\"https:\/\/moderaterna.se\/stockholm\/#\/schema\/person\/1790a6c815cef6251a1f13d3fd5254bd\",\"name\":\"Veronica Nordstr\u00f6m\",\"image\":{\"@type\":\"ImageObject\",\"inLanguage\":\"sv-SE\",\"@id\":\"https:\/\/moderaterna.se\/stockholm\/#\/schema\/person\/image\/\",\"url\":\"https:\/\/secure.gravatar.com\/avatar\/cdb9d339dbafa52c812526e3f75df35bab1725c8375eaa3e17b27f2a40e8b094?s=96&d=mm&r=g\",\"contentUrl\":\"https:\/\/secure.gravatar.com\/avatar\/cdb9d339dbafa52c812526e3f75df35bab1725c8375eaa3e17b27f2a40e8b094?s=96&d=mm&r=g\",\"caption\":\"Veronica Nordstr\u00f6m\"},\"url\":\"https:\/\/moderaterna.se\/stockholm\/author\/veronicanordstrom\/\"}]}<\/script>\n<!-- \/ Yoast SEO Premium plugin. -->","yoast_head_json":{"title":"Tomas Tob\u00e9: EU beh\u00f6ver en nollvision f\u00f6r ekonomisk migration | Moderaterna i Stockholms stad och l\u00e4n","robots":{"index":"index","follow":"follow","max-snippet":"max-snippet:-1","max-image-preview":"max-image-preview:large","max-video-preview":"max-video-preview:-1"},"canonical":"https:\/\/moderaterna.se\/stockholm\/nyhet\/tomas-tobe-eu-behover-en-nollvision-for-ekonomisk-migration\/","og_locale":"sv_SE","og_type":"article","og_title":"Tomas Tob\u00e9: EU beh\u00f6ver en nollvision f\u00f6r ekonomisk migration","og_url":"https:\/\/moderaterna.se\/stockholm\/nyhet\/tomas-tobe-eu-behover-en-nollvision-for-ekonomisk-migration\/","og_site_name":"Moderaterna i Stockholms stad och l\u00e4n","article_publisher":"https:\/\/www.facebook.com\/ModeraternaSthlm","article_published_time":"2024-05-24T19:31:03+00:00","article_modified_time":"2024-05-24T19:33:51+00:00","og_image":[{"width":1200,"height":628,"url":"https:\/\/moderaterna.se\/app\/uploads\/sites\/5\/2022\/01\/DELNINGSBILD_hemsida_fo\u0308rstasida.png","type":"image\/png"}],"author":"Veronica Nordstr\u00f6m","twitter_card":"summary_large_image","twitter_creator":"@ModeratSthlm","twitter_site":"@ModeratSthlm","twitter_misc":{"Skriven av":"Veronica Nordstr\u00f6m","Ber\u00e4knad l\u00e4stid":"2 minuter"},"schema":{"@context":"https:\/\/schema.org","@graph":[{"@type":"Article","@id":"https:\/\/moderaterna.se\/stockholm\/nyhet\/tomas-tobe-eu-behover-en-nollvision-for-ekonomisk-migration\/#article","isPartOf":{"@id":"https:\/\/moderaterna.se\/stockholm\/nyhet\/tomas-tobe-eu-behover-en-nollvision-for-ekonomisk-migration\/"},"author":{"name":"Veronica Nordstr\u00f6m","@id":"https:\/\/moderaterna.se\/stockholm\/#\/schema\/person\/1790a6c815cef6251a1f13d3fd5254bd"},"headline":"Tomas Tob\u00e9: EU beh\u00f6ver en nollvision f\u00f6r ekonomisk migration","datePublished":"2024-05-24T19:31:03+00:00","dateModified":"2024-05-24T19:33:51+00:00","mainEntityOfPage":{"@id":"https:\/\/moderaterna.se\/stockholm\/nyhet\/tomas-tobe-eu-behover-en-nollvision-for-ekonomisk-migration\/"},"wordCount":246,"publisher":{"@id":"https:\/\/moderaterna.se\/stockholm\/#organization"},"articleSection":["Nyhet"],"inLanguage":"sv-SE"},{"@type":"WebPage","@id":"https:\/\/moderaterna.se\/stockholm\/nyhet\/tomas-tobe-eu-behover-en-nollvision-for-ekonomisk-migration\/","url":"https:\/\/moderaterna.se\/stockholm\/nyhet\/tomas-tobe-eu-behover-en-nollvision-for-ekonomisk-migration\/","name":"Tomas Tob\u00e9: EU beh\u00f6ver en nollvision f\u00f6r ekonomisk migration | Moderaterna i Stockholms stad och l\u00e4n","isPartOf":{"@id":"https:\/\/moderaterna.se\/stockholm\/#website"},"datePublished":"2024-05-24T19:31:03+00:00","dateModified":"2024-05-24T19:33:51+00:00","breadcrumb":{"@id":"https:\/\/moderaterna.se\/stockholm\/nyhet\/tomas-tobe-eu-behover-en-nollvision-for-ekonomisk-migration\/#breadcrumb"},"inLanguage":"sv-SE","potentialAction":[{"@type":"ReadAction","target":["https:\/\/moderaterna.se\/stockholm\/nyhet\/tomas-tobe-eu-behover-en-nollvision-for-ekonomisk-migration\/"]}]},{"@type":"BreadcrumbList","@id":"https:\/\/moderaterna.se\/stockholm\/nyhet\/tomas-tobe-eu-behover-en-nollvision-for-ekonomisk-migration\/#breadcrumb","itemListElement":[{"@type":"ListItem","position":1,"name":"Hem","item":"https:\/\/moderaterna.se\/stockholm\/"},{"@type":"ListItem","position":2,"name":"Tomas Tob\u00e9: EU beh\u00f6ver en nollvision f\u00f6r ekonomisk migration"}]},{"@type":"WebSite","@id":"https:\/\/moderaterna.se\/stockholm\/#website","url":"https:\/\/moderaterna.se\/stockholm\/","name":"Moderaterna i Stockholms stad och l\u00e4n","description":"Nu f\u00e5r vi ordning p\u00e5 Sverige","publisher":{"@id":"https:\/\/moderaterna.se\/stockholm\/#organization"},"potentialAction":[{"@type":"SearchAction","target":{"@type":"EntryPoint","urlTemplate":"https:\/\/moderaterna.se\/stockholm\/?s={search_term_string}"},"query-input":{"@type":"PropertyValueSpecification","valueRequired":true,"valueName":"search_term_string"}}],"inLanguage":"sv-SE"},{"@type":"Organization","@id":"https:\/\/moderaterna.se\/stockholm\/#organization","name":"Moderaterna","url":"https:\/\/moderaterna.se\/stockholm\/","logo":{"@type":"ImageObject","inLanguage":"sv-SE","@id":"https:\/\/moderaterna.se\/stockholm\/#\/schema\/logo\/image\/","url":"https:\/\/moderaterna.se\/app\/uploads\/2021\/10\/logo-general@2x.png","contentUrl":"https:\/\/moderaterna.se\/app\/uploads\/2021\/10\/logo-general@2x.png","width":122,"height":122,"caption":"Moderaterna"},"image":{"@id":"https:\/\/moderaterna.se\/stockholm\/#\/schema\/logo\/image\/"},"sameAs":["https:\/\/www.facebook.com\/ModeraternaSthlm","https:\/\/x.com\/ModeratSthlm","https:\/\/www.instagram.com\/moderatsthlm\/","https:\/\/www.youtube.com\/user\/ModeraternaSthlm"]},{"@type":"Person","@id":"https:\/\/moderaterna.se\/stockholm\/#\/schema\/person\/1790a6c815cef6251a1f13d3fd5254bd","name":"Veronica Nordstr\u00f6m","image":{"@type":"ImageObject","inLanguage":"sv-SE","@id":"https:\/\/moderaterna.se\/stockholm\/#\/schema\/person\/image\/","url":"https:\/\/secure.gravatar.com\/avatar\/cdb9d339dbafa52c812526e3f75df35bab1725c8375eaa3e17b27f2a40e8b094?s=96&d=mm&r=g","contentUrl":"https:\/\/secure.gravatar.com\/avatar\/cdb9d339dbafa52c812526e3f75df35bab1725c8375eaa3e17b27f2a40e8b094?s=96&d=mm&r=g","caption":"Veronica Nordstr\u00f6m"},"url":"https:\/\/moderaterna.se\/stockholm\/author\/veronicanordstrom\/"}]}},"publishpress_future_action":{"enabled":false,"date":"2026-05-04 23:43:30","action":"change-status","newStatus":"draft","terms":[],"taxonomy":"category"},"_links":{"self":[{"href":"https:\/\/moderaterna.se\/stockholm\/wp-json\/wp\/v2\/posts\/4182","targetHints":{"allow":["GET"]}}],"collection":[{"href":"https:\/\/moderaterna.se\/stockholm\/wp-json\/wp\/v2\/posts"}],"about":[{"href":"https:\/\/moderaterna.se\/stockholm\/wp-json\/wp\/v2\/types\/post"}],"author":[{"embeddable":true,"href":"https:\/\/moderaterna.se\/stockholm\/wp-json\/wp\/v2\/users\/55"}],"replies":[{"embeddable":true,"href":"https:\/\/moderaterna.se\/stockholm\/wp-json\/wp\/v2\/comments?post=4182"}],"version-history":[{"count":4,"href":"https:\/\/moderaterna.se\/stockholm\/wp-json\/wp\/v2\/posts\/4182\/revisions"}],"predecessor-version":[{"id":4188,"href":"https:\/\/moderaterna.se\/stockholm\/wp-json\/wp\/v2\/posts\/4182\/revisions\/4188"}],"wp:attachment":[{"href":"https:\/\/moderaterna.se\/stockholm\/wp-json\/wp\/v2\/media?parent=4182"}],"wp:term":[{"taxonomy":"category","embeddable":true,"href":"https:\/\/moderaterna.se\/stockholm\/wp-json\/wp\/v2\/categories?post=4182"},{"taxonomy":"post_tag","embeddable":true,"href":"https:\/\/moderaterna.se\/stockholm\/wp-json\/wp\/v2\/tags?post=4182"},{"taxonomy":"subject","embeddable":true,"href":"https:\/\/moderaterna.se\/stockholm\/wp-json\/wp\/v2\/subject?post=4182"}],"curies":[{"name":"wp","href":"https:\/\/api.w.org\/{rel}","templated":true}]}}