{"id":4171,"date":"2024-05-24T14:49:49","date_gmt":"2024-05-24T12:49:49","guid":{"rendered":"https:\/\/moderaterna.se\/stockholm\/?p=4171"},"modified":"2024-05-24T14:52:29","modified_gmt":"2024-05-24T12:52:29","slug":"utbilda-minst-100-000-ukrainska-soldater","status":"publish","type":"post","link":"https:\/\/moderaterna.se\/stockholm\/nyhet\/utbilda-minst-100-000-ukrainska-soldater\/","title":{"rendered":"Utbilda minst 100 000 ukrainska soldater"},"content":{"rendered":"\n<p><\/p>\n\n\n\n<p><strong>Utbilda minst 100 000 ukrainska soldater<\/strong><br>Antalet ukrainska soldater som utbildas inom EU-insatser b\u00f6r \u00f6kas, enligt Moderaterna. P\u00e5 en presstr\u00e4ff under tisdagen pratade Tomas Tob\u00e9, partiets toppnamn inf\u00f6r sommarens val, om ambitionen att l\u00e5ta minst 100 000 soldater f\u00e5 utbildning inom ett \u00e5r.<\/p>\n\n\n\n<p><\/p>\n\n\n\n<p>L\u00e4s mer <a href=\"https:\/\/omni.se\/moderaterna-utbilda-minst-100000-ukrainska-soldater\/a\/mPRO2p\">h\u00e4r<\/a><\/p>\n\n\n<div class=\"wp-block-image\">\n<figure class=\"alignleft size-large is-resized\"><img loading=\"lazy\" decoding=\"async\" width=\"1024\" height=\"895\" src=\"https:\/\/moderaterna.se\/app\/uploads\/sites\/5\/2022\/01\/Moderaterna_Tomas_Tobe\u2560u_8039-kopiera-1024x895.jpg\" alt=\"\" class=\"wp-image-4075\" style=\"width:514px;height:auto\" srcset=\"https:\/\/moderaterna.se\/app\/uploads\/sites\/5\/2022\/01\/Moderaterna_Tomas_Tobe\u2560u_8039-kopiera-1024x895.jpg 1024w, https:\/\/moderaterna.se\/app\/uploads\/sites\/5\/2022\/01\/Moderaterna_Tomas_Tobe\u2560u_8039-kopiera-300x262.jpg 300w, https:\/\/moderaterna.se\/app\/uploads\/sites\/5\/2022\/01\/Moderaterna_Tomas_Tobe\u2560u_8039-kopiera-768x672.jpg 768w, https:\/\/moderaterna.se\/app\/uploads\/sites\/5\/2022\/01\/Moderaterna_Tomas_Tobe\u2560u_8039-kopiera-1536x1343.jpg 1536w, https:\/\/moderaterna.se\/app\/uploads\/sites\/5\/2022\/01\/Moderaterna_Tomas_Tobe\u2560u_8039-kopiera.jpg 2000w\" sizes=\"auto, (max-width: 1024px) 100vw, 1024px\" \/><\/figure>\n<\/div>","protected":false},"excerpt":{"rendered":"<p>Utbilda minst 100 000 ukrainska soldaterAntalet ukrainska soldater som utbildas inom EU-insatser b\u00f6r \u00f6kas, enligt Moderaterna. P\u00e5 en presstr\u00e4ff under tisdagen pratade Tomas Tob\u00e9, partiets toppnamn inf\u00f6r sommarens val, om ambitionen att l\u00e5ta minst 100 000 soldater f\u00e5 utbildning inom ett \u00e5r. L\u00e4s mer h\u00e4r<\/p>\n","protected":false},"author":55,"featured_media":4075,"comment_status":"closed","ping_status":"closed","sticky":false,"template":"","format":"standard","meta":{"_acf_changed":false,"_relevanssi_hide_post":"","_relevanssi_hide_content":"","_relevanssi_pin_for_all":"","_relevanssi_pin_keywords":"","_relevanssi_unpin_keywords":"","_relevanssi_related_keywords":"","_relevanssi_related_include_ids":"","_relevanssi_related_exclude_ids":"","_relevanssi_related_no_append":"","_relevanssi_related_not_related":"","_relevanssi_related_posts":"4144,4155,1009,2078,997,4057","_relevanssi_noindex_reason":"","footnotes":""},"categories":[1],"tags":[],"subject":[],"class_list":["post-4171","post","type-post","status-publish","format-standard","has-post-thumbnail","hentry","category-nyhet"],"acf":[],"yoast_head":"<!-- This site is optimized with the Yoast SEO Premium plugin v27.1 (Yoast SEO v27.1.1) - https:\/\/yoast.com\/product\/yoast-seo-premium-wordpress\/ -->\n<title>Utbilda minst 100 000 ukrainska soldater | Moderaterna i Stockholms stad och l\u00e4n<\/title>\n<meta name=\"robots\" content=\"index, follow, max-snippet:-1, max-image-preview:large, max-video-preview:-1\" \/>\n<link rel=\"canonical\" href=\"https:\/\/moderaterna.se\/stockholm\/nyhet\/utbilda-minst-100-000-ukrainska-soldater\/\" \/>\n<meta property=\"og:locale\" content=\"sv_SE\" \/>\n<meta property=\"og:type\" content=\"article\" \/>\n<meta property=\"og:title\" content=\"Utbilda minst 100 000 ukrainska soldater\" \/>\n<meta property=\"og:url\" content=\"https:\/\/moderaterna.se\/stockholm\/nyhet\/utbilda-minst-100-000-ukrainska-soldater\/\" \/>\n<meta property=\"og:site_name\" content=\"Moderaterna i Stockholms stad och l\u00e4n\" \/>\n<meta property=\"article:publisher\" content=\"https:\/\/www.facebook.com\/ModeraternaSthlm\" \/>\n<meta property=\"article:published_time\" content=\"2024-05-24T12:49:49+00:00\" \/>\n<meta property=\"article:modified_time\" content=\"2024-05-24T12:52:29+00:00\" \/>\n<meta property=\"og:image\" content=\"https:\/\/moderaterna.se\/app\/uploads\/sites\/5\/2022\/01\/Moderaterna_Tomas_Tobe\u2560u_8039-kopiera.jpg\" \/>\n\t<meta property=\"og:image:width\" content=\"2000\" \/>\n\t<meta property=\"og:image:height\" content=\"1749\" \/>\n\t<meta property=\"og:image:type\" content=\"image\/jpeg\" \/>\n<meta name=\"author\" content=\"Veronica Nordstr\u00f6m\" \/>\n<meta name=\"twitter:card\" content=\"summary_large_image\" \/>\n<meta name=\"twitter:creator\" content=\"@ModeratSthlm\" \/>\n<meta name=\"twitter:site\" content=\"@ModeratSthlm\" \/>\n<meta name=\"twitter:label1\" content=\"Skriven av\" \/>\n\t<meta name=\"twitter:data1\" content=\"Veronica Nordstr\u00f6m\" \/>\n\t<meta name=\"twitter:label2\" content=\"Ber\u00e4knad l\u00e4stid\" \/>\n\t<meta name=\"twitter:data2\" content=\"1 minut\" \/>\n<script type=\"application\/ld+json\" class=\"yoast-schema-graph\">{\"@context\":\"https:\/\/schema.org\",\"@graph\":[{\"@type\":\"Article\",\"@id\":\"https:\/\/moderaterna.se\/stockholm\/nyhet\/utbilda-minst-100-000-ukrainska-soldater\/#article\",\"isPartOf\":{\"@id\":\"https:\/\/moderaterna.se\/stockholm\/nyhet\/utbilda-minst-100-000-ukrainska-soldater\/\"},\"author\":{\"name\":\"Veronica Nordstr\u00f6m\",\"@id\":\"https:\/\/moderaterna.se\/stockholm\/#\/schema\/person\/1790a6c815cef6251a1f13d3fd5254bd\"},\"headline\":\"Utbilda minst 100 000 ukrainska soldater\",\"datePublished\":\"2024-05-24T12:49:49+00:00\",\"dateModified\":\"2024-05-24T12:52:29+00:00\",\"mainEntityOfPage\":{\"@id\":\"https:\/\/moderaterna.se\/stockholm\/nyhet\/utbilda-minst-100-000-ukrainska-soldater\/\"},\"wordCount\":52,\"publisher\":{\"@id\":\"https:\/\/moderaterna.se\/stockholm\/#organization\"},\"image\":{\"@id\":\"https:\/\/moderaterna.se\/stockholm\/nyhet\/utbilda-minst-100-000-ukrainska-soldater\/#primaryimage\"},\"thumbnailUrl\":\"https:\/\/moderaterna.se\/app\/uploads\/sites\/5\/2022\/01\/Moderaterna_Tomas_Tobe\u2560u_8039-kopiera.jpg\",\"articleSection\":[\"Nyhet\"],\"inLanguage\":\"sv-SE\"},{\"@type\":\"WebPage\",\"@id\":\"https:\/\/moderaterna.se\/stockholm\/nyhet\/utbilda-minst-100-000-ukrainska-soldater\/\",\"url\":\"https:\/\/moderaterna.se\/stockholm\/nyhet\/utbilda-minst-100-000-ukrainska-soldater\/\",\"name\":\"Utbilda minst 100 000 ukrainska soldater | Moderaterna i Stockholms stad och l\u00e4n\",\"isPartOf\":{\"@id\":\"https:\/\/moderaterna.se\/stockholm\/#website\"},\"primaryImageOfPage\":{\"@id\":\"https:\/\/moderaterna.se\/stockholm\/nyhet\/utbilda-minst-100-000-ukrainska-soldater\/#primaryimage\"},\"image\":{\"@id\":\"https:\/\/moderaterna.se\/stockholm\/nyhet\/utbilda-minst-100-000-ukrainska-soldater\/#primaryimage\"},\"thumbnailUrl\":\"https:\/\/moderaterna.se\/app\/uploads\/sites\/5\/2022\/01\/Moderaterna_Tomas_Tobe\u2560u_8039-kopiera.jpg\",\"datePublished\":\"2024-05-24T12:49:49+00:00\",\"dateModified\":\"2024-05-24T12:52:29+00:00\",\"breadcrumb\":{\"@id\":\"https:\/\/moderaterna.se\/stockholm\/nyhet\/utbilda-minst-100-000-ukrainska-soldater\/#breadcrumb\"},\"inLanguage\":\"sv-SE\",\"potentialAction\":[{\"@type\":\"ReadAction\",\"target\":[\"https:\/\/moderaterna.se\/stockholm\/nyhet\/utbilda-minst-100-000-ukrainska-soldater\/\"]}]},{\"@type\":\"ImageObject\",\"inLanguage\":\"sv-SE\",\"@id\":\"https:\/\/moderaterna.se\/stockholm\/nyhet\/utbilda-minst-100-000-ukrainska-soldater\/#primaryimage\",\"url\":\"https:\/\/moderaterna.se\/app\/uploads\/sites\/5\/2022\/01\/Moderaterna_Tomas_Tobe\u2560u_8039-kopiera.jpg\",\"contentUrl\":\"https:\/\/moderaterna.se\/app\/uploads\/sites\/5\/2022\/01\/Moderaterna_Tomas_Tobe\u2560u_8039-kopiera.jpg\",\"width\":2000,\"height\":1749},{\"@type\":\"BreadcrumbList\",\"@id\":\"https:\/\/moderaterna.se\/stockholm\/nyhet\/utbilda-minst-100-000-ukrainska-soldater\/#breadcrumb\",\"itemListElement\":[{\"@type\":\"ListItem\",\"position\":1,\"name\":\"Hem\",\"item\":\"https:\/\/moderaterna.se\/stockholm\/\"},{\"@type\":\"ListItem\",\"position\":2,\"name\":\"Utbilda minst 100 000 ukrainska soldater\"}]},{\"@type\":\"WebSite\",\"@id\":\"https:\/\/moderaterna.se\/stockholm\/#website\",\"url\":\"https:\/\/moderaterna.se\/stockholm\/\",\"name\":\"Moderaterna i Stockholms stad och l\u00e4n\",\"description\":\"Nu f\u00e5r vi ordning p\u00e5 Sverige\",\"publisher\":{\"@id\":\"https:\/\/moderaterna.se\/stockholm\/#organization\"},\"potentialAction\":[{\"@type\":\"SearchAction\",\"target\":{\"@type\":\"EntryPoint\",\"urlTemplate\":\"https:\/\/moderaterna.se\/stockholm\/?s={search_term_string}\"},\"query-input\":{\"@type\":\"PropertyValueSpecification\",\"valueRequired\":true,\"valueName\":\"search_term_string\"}}],\"inLanguage\":\"sv-SE\"},{\"@type\":\"Organization\",\"@id\":\"https:\/\/moderaterna.se\/stockholm\/#organization\",\"name\":\"Moderaterna\",\"url\":\"https:\/\/moderaterna.se\/stockholm\/\",\"logo\":{\"@type\":\"ImageObject\",\"inLanguage\":\"sv-SE\",\"@id\":\"https:\/\/moderaterna.se\/stockholm\/#\/schema\/logo\/image\/\",\"url\":\"https:\/\/moderaterna.se\/app\/uploads\/2021\/10\/logo-general@2x.png\",\"contentUrl\":\"https:\/\/moderaterna.se\/app\/uploads\/2021\/10\/logo-general@2x.png\",\"width\":122,\"height\":122,\"caption\":\"Moderaterna\"},\"image\":{\"@id\":\"https:\/\/moderaterna.se\/stockholm\/#\/schema\/logo\/image\/\"},\"sameAs\":[\"https:\/\/www.facebook.com\/ModeraternaSthlm\",\"https:\/\/x.com\/ModeratSthlm\",\"https:\/\/www.instagram.com\/moderatsthlm\/\",\"https:\/\/www.youtube.com\/user\/ModeraternaSthlm\"]},{\"@type\":\"Person\",\"@id\":\"https:\/\/moderaterna.se\/stockholm\/#\/schema\/person\/1790a6c815cef6251a1f13d3fd5254bd\",\"name\":\"Veronica Nordstr\u00f6m\",\"image\":{\"@type\":\"ImageObject\",\"inLanguage\":\"sv-SE\",\"@id\":\"https:\/\/moderaterna.se\/stockholm\/#\/schema\/person\/image\/\",\"url\":\"https:\/\/secure.gravatar.com\/avatar\/cdb9d339dbafa52c812526e3f75df35bab1725c8375eaa3e17b27f2a40e8b094?s=96&d=mm&r=g\",\"contentUrl\":\"https:\/\/secure.gravatar.com\/avatar\/cdb9d339dbafa52c812526e3f75df35bab1725c8375eaa3e17b27f2a40e8b094?s=96&d=mm&r=g\",\"caption\":\"Veronica Nordstr\u00f6m\"},\"url\":\"https:\/\/moderaterna.se\/stockholm\/author\/veronicanordstrom\/\"}]}<\/script>\n<!-- \/ Yoast SEO Premium plugin. -->","yoast_head_json":{"title":"Utbilda minst 100 000 ukrainska soldater | Moderaterna i Stockholms stad och l\u00e4n","robots":{"index":"index","follow":"follow","max-snippet":"max-snippet:-1","max-image-preview":"max-image-preview:large","max-video-preview":"max-video-preview:-1"},"canonical":"https:\/\/moderaterna.se\/stockholm\/nyhet\/utbilda-minst-100-000-ukrainska-soldater\/","og_locale":"sv_SE","og_type":"article","og_title":"Utbilda minst 100 000 ukrainska soldater","og_url":"https:\/\/moderaterna.se\/stockholm\/nyhet\/utbilda-minst-100-000-ukrainska-soldater\/","og_site_name":"Moderaterna i Stockholms stad och l\u00e4n","article_publisher":"https:\/\/www.facebook.com\/ModeraternaSthlm","article_published_time":"2024-05-24T12:49:49+00:00","article_modified_time":"2024-05-24T12:52:29+00:00","og_image":[{"width":2000,"height":1749,"url":"https:\/\/moderaterna.se\/app\/uploads\/sites\/5\/2022\/01\/Moderaterna_Tomas_Tobe\u2560u_8039-kopiera.jpg","type":"image\/jpeg"}],"author":"Veronica Nordstr\u00f6m","twitter_card":"summary_large_image","twitter_creator":"@ModeratSthlm","twitter_site":"@ModeratSthlm","twitter_misc":{"Skriven av":"Veronica Nordstr\u00f6m","Ber\u00e4knad l\u00e4stid":"1 minut"},"schema":{"@context":"https:\/\/schema.org","@graph":[{"@type":"Article","@id":"https:\/\/moderaterna.se\/stockholm\/nyhet\/utbilda-minst-100-000-ukrainska-soldater\/#article","isPartOf":{"@id":"https:\/\/moderaterna.se\/stockholm\/nyhet\/utbilda-minst-100-000-ukrainska-soldater\/"},"author":{"name":"Veronica Nordstr\u00f6m","@id":"https:\/\/moderaterna.se\/stockholm\/#\/schema\/person\/1790a6c815cef6251a1f13d3fd5254bd"},"headline":"Utbilda minst 100 000 ukrainska soldater","datePublished":"2024-05-24T12:49:49+00:00","dateModified":"2024-05-24T12:52:29+00:00","mainEntityOfPage":{"@id":"https:\/\/moderaterna.se\/stockholm\/nyhet\/utbilda-minst-100-000-ukrainska-soldater\/"},"wordCount":52,"publisher":{"@id":"https:\/\/moderaterna.se\/stockholm\/#organization"},"image":{"@id":"https:\/\/moderaterna.se\/stockholm\/nyhet\/utbilda-minst-100-000-ukrainska-soldater\/#primaryimage"},"thumbnailUrl":"https:\/\/moderaterna.se\/app\/uploads\/sites\/5\/2022\/01\/Moderaterna_Tomas_Tobe\u2560u_8039-kopiera.jpg","articleSection":["Nyhet"],"inLanguage":"sv-SE"},{"@type":"WebPage","@id":"https:\/\/moderaterna.se\/stockholm\/nyhet\/utbilda-minst-100-000-ukrainska-soldater\/","url":"https:\/\/moderaterna.se\/stockholm\/nyhet\/utbilda-minst-100-000-ukrainska-soldater\/","name":"Utbilda minst 100 000 ukrainska soldater | Moderaterna i Stockholms stad och l\u00e4n","isPartOf":{"@id":"https:\/\/moderaterna.se\/stockholm\/#website"},"primaryImageOfPage":{"@id":"https:\/\/moderaterna.se\/stockholm\/nyhet\/utbilda-minst-100-000-ukrainska-soldater\/#primaryimage"},"image":{"@id":"https:\/\/moderaterna.se\/stockholm\/nyhet\/utbilda-minst-100-000-ukrainska-soldater\/#primaryimage"},"thumbnailUrl":"https:\/\/moderaterna.se\/app\/uploads\/sites\/5\/2022\/01\/Moderaterna_Tomas_Tobe\u2560u_8039-kopiera.jpg","datePublished":"2024-05-24T12:49:49+00:00","dateModified":"2024-05-24T12:52:29+00:00","breadcrumb":{"@id":"https:\/\/moderaterna.se\/stockholm\/nyhet\/utbilda-minst-100-000-ukrainska-soldater\/#breadcrumb"},"inLanguage":"sv-SE","potentialAction":[{"@type":"ReadAction","target":["https:\/\/moderaterna.se\/stockholm\/nyhet\/utbilda-minst-100-000-ukrainska-soldater\/"]}]},{"@type":"ImageObject","inLanguage":"sv-SE","@id":"https:\/\/moderaterna.se\/stockholm\/nyhet\/utbilda-minst-100-000-ukrainska-soldater\/#primaryimage","url":"https:\/\/moderaterna.se\/app\/uploads\/sites\/5\/2022\/01\/Moderaterna_Tomas_Tobe\u2560u_8039-kopiera.jpg","contentUrl":"https:\/\/moderaterna.se\/app\/uploads\/sites\/5\/2022\/01\/Moderaterna_Tomas_Tobe\u2560u_8039-kopiera.jpg","width":2000,"height":1749},{"@type":"BreadcrumbList","@id":"https:\/\/moderaterna.se\/stockholm\/nyhet\/utbilda-minst-100-000-ukrainska-soldater\/#breadcrumb","itemListElement":[{"@type":"ListItem","position":1,"name":"Hem","item":"https:\/\/moderaterna.se\/stockholm\/"},{"@type":"ListItem","position":2,"name":"Utbilda minst 100 000 ukrainska soldater"}]},{"@type":"WebSite","@id":"https:\/\/moderaterna.se\/stockholm\/#website","url":"https:\/\/moderaterna.se\/stockholm\/","name":"Moderaterna i Stockholms stad och l\u00e4n","description":"Nu f\u00e5r vi ordning p\u00e5 Sverige","publisher":{"@id":"https:\/\/moderaterna.se\/stockholm\/#organization"},"potentialAction":[{"@type":"SearchAction","target":{"@type":"EntryPoint","urlTemplate":"https:\/\/moderaterna.se\/stockholm\/?s={search_term_string}"},"query-input":{"@type":"PropertyValueSpecification","valueRequired":true,"valueName":"search_term_string"}}],"inLanguage":"sv-SE"},{"@type":"Organization","@id":"https:\/\/moderaterna.se\/stockholm\/#organization","name":"Moderaterna","url":"https:\/\/moderaterna.se\/stockholm\/","logo":{"@type":"ImageObject","inLanguage":"sv-SE","@id":"https:\/\/moderaterna.se\/stockholm\/#\/schema\/logo\/image\/","url":"https:\/\/moderaterna.se\/app\/uploads\/2021\/10\/logo-general@2x.png","contentUrl":"https:\/\/moderaterna.se\/app\/uploads\/2021\/10\/logo-general@2x.png","width":122,"height":122,"caption":"Moderaterna"},"image":{"@id":"https:\/\/moderaterna.se\/stockholm\/#\/schema\/logo\/image\/"},"sameAs":["https:\/\/www.facebook.com\/ModeraternaSthlm","https:\/\/x.com\/ModeratSthlm","https:\/\/www.instagram.com\/moderatsthlm\/","https:\/\/www.youtube.com\/user\/ModeraternaSthlm"]},{"@type":"Person","@id":"https:\/\/moderaterna.se\/stockholm\/#\/schema\/person\/1790a6c815cef6251a1f13d3fd5254bd","name":"Veronica Nordstr\u00f6m","image":{"@type":"ImageObject","inLanguage":"sv-SE","@id":"https:\/\/moderaterna.se\/stockholm\/#\/schema\/person\/image\/","url":"https:\/\/secure.gravatar.com\/avatar\/cdb9d339dbafa52c812526e3f75df35bab1725c8375eaa3e17b27f2a40e8b094?s=96&d=mm&r=g","contentUrl":"https:\/\/secure.gravatar.com\/avatar\/cdb9d339dbafa52c812526e3f75df35bab1725c8375eaa3e17b27f2a40e8b094?s=96&d=mm&r=g","caption":"Veronica Nordstr\u00f6m"},"url":"https:\/\/moderaterna.se\/stockholm\/author\/veronicanordstrom\/"}]}},"publishpress_future_action":{"enabled":false,"date":"2026-05-04 23:50:37","action":"change-status","newStatus":"draft","terms":[],"taxonomy":"category"},"_links":{"self":[{"href":"https:\/\/moderaterna.se\/stockholm\/wp-json\/wp\/v2\/posts\/4171","targetHints":{"allow":["GET"]}}],"collection":[{"href":"https:\/\/moderaterna.se\/stockholm\/wp-json\/wp\/v2\/posts"}],"about":[{"href":"https:\/\/moderaterna.se\/stockholm\/wp-json\/wp\/v2\/types\/post"}],"author":[{"embeddable":true,"href":"https:\/\/moderaterna.se\/stockholm\/wp-json\/wp\/v2\/users\/55"}],"replies":[{"embeddable":true,"href":"https:\/\/moderaterna.se\/stockholm\/wp-json\/wp\/v2\/comments?post=4171"}],"version-history":[{"count":5,"href":"https:\/\/moderaterna.se\/stockholm\/wp-json\/wp\/v2\/posts\/4171\/revisions"}],"predecessor-version":[{"id":4176,"href":"https:\/\/moderaterna.se\/stockholm\/wp-json\/wp\/v2\/posts\/4171\/revisions\/4176"}],"wp:featuredmedia":[{"embeddable":true,"href":"https:\/\/moderaterna.se\/stockholm\/wp-json\/wp\/v2\/media\/4075"}],"wp:attachment":[{"href":"https:\/\/moderaterna.se\/stockholm\/wp-json\/wp\/v2\/media?parent=4171"}],"wp:term":[{"taxonomy":"category","embeddable":true,"href":"https:\/\/moderaterna.se\/stockholm\/wp-json\/wp\/v2\/categories?post=4171"},{"taxonomy":"post_tag","embeddable":true,"href":"https:\/\/moderaterna.se\/stockholm\/wp-json\/wp\/v2\/tags?post=4171"},{"taxonomy":"subject","embeddable":true,"href":"https:\/\/moderaterna.se\/stockholm\/wp-json\/wp\/v2\/subject?post=4171"}],"curies":[{"name":"wp","href":"https:\/\/api.w.org\/{rel}","templated":true}]}}