{"id":4112,"date":"2024-05-22T08:53:02","date_gmt":"2024-05-22T06:53:02","guid":{"rendered":"https:\/\/moderaterna.se\/stockholm\/?p=4112"},"modified":"2024-05-22T13:14:47","modified_gmt":"2024-05-22T11:14:47","slug":"pressmeddelande-ralambshovsparken-raddad","status":"publish","type":"post","link":"https:\/\/moderaterna.se\/stockholm\/press\/pressmeddelande-ralambshovsparken-raddad\/","title":{"rendered":"Pressmeddelande: R\u00e5lambshovsparken r\u00e4ddad"},"content":{"rendered":"\n<p><\/p>\n\n\n\n<p><strong>M: R\u00e5lambshovsparken r\u00e4ddad<\/strong><br>Nu st\u00e5r det klart: arbetstunneln f\u00f6r tunnelbaneutbyggnaden f\u00f6rl\u00e4ggs vid Lindhagensplan och R\u00e5lambshovsparken r\u00e4ddas d\u00e4rmed undan nio \u00e5rs byggkaos. V\u00e5r tids almstrid \u00e4r vunnen, menar oppositionsregionr\u00e5det Kristoffer Tamsons.<\/p>\n\n\n\n<p>&#8211; Detta \u00e4r en seger f\u00f6r stockholmarna. En seger f\u00f6r oss som menar att utbyggd tunnelbana kan och m\u00e5ste g\u00e5 hand i hand med en respekt f\u00f6r Stockholms gr\u00f6na lungor, s\u00e4ger Kristoffer Tamsons (M), oppositionsregionr\u00e5d i Region Stockholm<\/p>\n\n\n\n<p>&#8211; Regionen har lyssnat och tagit till sig av kritiken. V\u00e5r tids almstrid \u00e4r vunnen. Samtidigt \u00e4r det ett underbetyg \u00e5t Milj\u00f6partiet att striden har dragits i l\u00e5ngb\u00e4nk. Oviljan att visa ledarskap riskerade inte bara att f\u00f6rs\u00e4tta R\u00e5lambshovsparken i \u00e5ratal av byggkaos, utan ocks\u00e5 minska st\u00f6det f\u00f6r kollektivtrafikutbyggnaden som s\u00e5dan, s\u00e4ger Tamsons.<\/p>\n\n\n\n<p><strong>Fakta:<\/strong><br>Bygget av den nya tunnelbanelinjen mellan Fridhemsplan och \u00c4lvsj\u00f6 kr\u00e4ver en arbetstunnel vid Fridhemsplan. Placeringen av denna tunnel har haft tv\u00e5 alternativ: i R\u00e5lambshovsparken eller vid Lindhagensplan. Moderaterna har sedan arbetets b\u00f6rjan f\u00f6rordat alternativ tv\u00e5.<\/p>\n\n\n\n<p>I dag har Region Stockholms lokaliseringsutredning presenterat sin slutsats. I den framkommer att Moderaternas linje vinner och att arbetstunneln f\u00f6r tunnelbaneutbyggnaden f\u00f6rl\u00e4ggs vid Lindhagensplan. Med detta r\u00e4ddas R\u00e5lambshovsparken undan nio \u00e5rs byggkaos och stockholmarna f\u00e5r beh\u00e5lla sin gr\u00f6na lunga intakt.<\/p>\n\n\n\n<div class=\"wp-block-buttons is-layout-flex wp-block-buttons-is-layout-flex\">\n<div class=\"wp-block-button\"><a class=\"wp-block-button__link wp-element-button\" href=\"https:\/\/www.mynewsdesk.com\/se\/moderaterna-stockholms-lans-landsting\/pressreleases\/m-raalambshovsparken-raeddad-3324368\">L\u00e4s mer h\u00e4r!<\/a><\/div>\n<\/div>\n\n\n\n<div class=\"wp-block-buttons is-layout-flex wp-block-buttons-is-layout-flex\">\n<div class=\"wp-block-button\"><a class=\"wp-block-button__link wp-element-button\" href=\"https:\/\/www.dn.se\/sverige\/m-vill-inte-ha-t-bana-i-ralambshovsparken\/?fbclid=IwZXh0bgNhZW0CMTAAAR2dIUguzMExEqMmgjR999u-w2D7-QwmHtoV1zTE2ftWyfkaTNtqgsS7AYA_aem_AfbY6uhzbQ5mO5d5hVR9fl0sEs8Hu1V1y89fL_eG1aXMuj8hf8zAlU7dpAm30hwZitqjt7THcrnxS8fY_UBe6m2P\">Artikel i DN<\/a><\/div>\n<\/div>\n\n\n<div class=\"wp-block-image\">\n<figure class=\"alignleft size-large is-resized\"><img loading=\"lazy\" decoding=\"async\" width=\"1024\" height=\"858\" src=\"https:\/\/moderaterna.se\/app\/uploads\/sites\/5\/2024\/05\/438173492_10163597256769838_1732710168499182753_n-1024x858.jpg\" alt=\"\" class=\"wp-image-4121\" style=\"width:680px;height:auto\" srcset=\"https:\/\/moderaterna.se\/app\/uploads\/sites\/5\/2024\/05\/438173492_10163597256769838_1732710168499182753_n-1024x858.jpg 1024w, https:\/\/moderaterna.se\/app\/uploads\/sites\/5\/2024\/05\/438173492_10163597256769838_1732710168499182753_n-300x251.jpg 300w, https:\/\/moderaterna.se\/app\/uploads\/sites\/5\/2024\/05\/438173492_10163597256769838_1732710168499182753_n-768x644.jpg 768w, https:\/\/moderaterna.se\/app\/uploads\/sites\/5\/2024\/05\/438173492_10163597256769838_1732710168499182753_n.jpg 1410w\" sizes=\"auto, (max-width: 1024px) 100vw, 1024px\" \/><\/figure>\n<\/div>","protected":false},"excerpt":{"rendered":"<p>M: R\u00e5lambshovsparken r\u00e4ddadNu st\u00e5r det klart: arbetstunneln f\u00f6r tunnelbaneutbyggnaden f\u00f6rl\u00e4ggs vid Lindhagensplan och R\u00e5lambshovsparken r\u00e4ddas d\u00e4rmed undan nio \u00e5rs byggkaos. V\u00e5r tids almstrid \u00e4r vunnen, menar oppositionsregionr\u00e5det Kristoffer Tamsons. &#8211; Detta \u00e4r en seger f\u00f6r stockholmarna. En seger f\u00f6r oss som menar att utbyggd tunnelbana kan och m\u00e5ste g\u00e5 hand i hand med en respekt [&hellip;]<\/p>\n","protected":false},"author":55,"featured_media":4114,"comment_status":"closed","ping_status":"closed","sticky":false,"template":"","format":"standard","meta":{"_acf_changed":false,"_relevanssi_hide_post":"","_relevanssi_hide_content":"","_relevanssi_pin_for_all":"","_relevanssi_pin_keywords":"","_relevanssi_unpin_keywords":"","_relevanssi_related_keywords":"","_relevanssi_related_include_ids":"","_relevanssi_related_exclude_ids":"","_relevanssi_related_no_append":"","_relevanssi_related_not_related":"","_relevanssi_related_posts":"3656,2340,2657,3496,2187,963","_relevanssi_noindex_reason":"","footnotes":""},"categories":[87,1,7],"tags":[],"subject":[],"class_list":["post-4112","post","type-post","status-publish","format-standard","has-post-thumbnail","hentry","category-artikel","category-nyhet","category-press"],"acf":[],"yoast_head":"<!-- This site is optimized with the Yoast SEO Premium plugin v27.1 (Yoast SEO v27.1.1) - https:\/\/yoast.com\/product\/yoast-seo-premium-wordpress\/ -->\n<title>Pressmeddelande: R\u00e5lambshovsparken r\u00e4ddad | Moderaterna i Stockholms stad och l\u00e4n<\/title>\n<meta name=\"robots\" content=\"index, follow, max-snippet:-1, max-image-preview:large, max-video-preview:-1\" \/>\n<link rel=\"canonical\" href=\"https:\/\/moderaterna.se\/stockholm\/press\/pressmeddelande-ralambshovsparken-raddad\/\" \/>\n<meta property=\"og:locale\" content=\"sv_SE\" \/>\n<meta property=\"og:type\" content=\"article\" \/>\n<meta property=\"og:title\" content=\"Pressmeddelande: R\u00e5lambshovsparken r\u00e4ddad\" \/>\n<meta property=\"og:url\" content=\"https:\/\/moderaterna.se\/stockholm\/press\/pressmeddelande-ralambshovsparken-raddad\/\" \/>\n<meta property=\"og:site_name\" content=\"Moderaterna i Stockholms stad och l\u00e4n\" \/>\n<meta property=\"article:publisher\" content=\"https:\/\/www.facebook.com\/ModeraternaSthlm\" \/>\n<meta property=\"article:published_time\" content=\"2024-05-22T06:53:02+00:00\" \/>\n<meta property=\"article:modified_time\" content=\"2024-05-22T11:14:47+00:00\" \/>\n<meta property=\"og:image\" content=\"https:\/\/moderaterna.se\/app\/uploads\/sites\/5\/2024\/05\/tXAmlBKw-1.jpeg\" \/>\n\t<meta property=\"og:image:width\" content=\"1667\" \/>\n\t<meta property=\"og:image:height\" content=\"1153\" \/>\n\t<meta property=\"og:image:type\" content=\"image\/jpeg\" \/>\n<meta name=\"author\" content=\"Veronica Nordstr\u00f6m\" \/>\n<meta name=\"twitter:card\" content=\"summary_large_image\" \/>\n<meta name=\"twitter:creator\" content=\"@ModeratSthlm\" \/>\n<meta name=\"twitter:site\" content=\"@ModeratSthlm\" \/>\n<meta name=\"twitter:label1\" content=\"Skriven av\" \/>\n\t<meta name=\"twitter:data1\" content=\"Veronica Nordstr\u00f6m\" \/>\n\t<meta name=\"twitter:label2\" content=\"Ber\u00e4knad l\u00e4stid\" \/>\n\t<meta name=\"twitter:data2\" content=\"2 minuter\" \/>\n<script type=\"application\/ld+json\" class=\"yoast-schema-graph\">{\"@context\":\"https:\/\/schema.org\",\"@graph\":[{\"@type\":\"Article\",\"@id\":\"https:\/\/moderaterna.se\/stockholm\/press\/pressmeddelande-ralambshovsparken-raddad\/#article\",\"isPartOf\":{\"@id\":\"https:\/\/moderaterna.se\/stockholm\/press\/pressmeddelande-ralambshovsparken-raddad\/\"},\"author\":{\"name\":\"Veronica Nordstr\u00f6m\",\"@id\":\"https:\/\/moderaterna.se\/stockholm\/#\/schema\/person\/1790a6c815cef6251a1f13d3fd5254bd\"},\"headline\":\"Pressmeddelande: R\u00e5lambshovsparken r\u00e4ddad\",\"datePublished\":\"2024-05-22T06:53:02+00:00\",\"dateModified\":\"2024-05-22T11:14:47+00:00\",\"mainEntityOfPage\":{\"@id\":\"https:\/\/moderaterna.se\/stockholm\/press\/pressmeddelande-ralambshovsparken-raddad\/\"},\"wordCount\":250,\"publisher\":{\"@id\":\"https:\/\/moderaterna.se\/stockholm\/#organization\"},\"image\":{\"@id\":\"https:\/\/moderaterna.se\/stockholm\/press\/pressmeddelande-ralambshovsparken-raddad\/#primaryimage\"},\"thumbnailUrl\":\"https:\/\/moderaterna.se\/app\/uploads\/sites\/5\/2024\/05\/tXAmlBKw-1.jpeg\",\"articleSection\":[\"Artikel\",\"Nyhet\",\"Pressmeddelande\"],\"inLanguage\":\"sv-SE\"},{\"@type\":\"WebPage\",\"@id\":\"https:\/\/moderaterna.se\/stockholm\/press\/pressmeddelande-ralambshovsparken-raddad\/\",\"url\":\"https:\/\/moderaterna.se\/stockholm\/press\/pressmeddelande-ralambshovsparken-raddad\/\",\"name\":\"Pressmeddelande: R\u00e5lambshovsparken r\u00e4ddad | Moderaterna i Stockholms stad och l\u00e4n\",\"isPartOf\":{\"@id\":\"https:\/\/moderaterna.se\/stockholm\/#website\"},\"primaryImageOfPage\":{\"@id\":\"https:\/\/moderaterna.se\/stockholm\/press\/pressmeddelande-ralambshovsparken-raddad\/#primaryimage\"},\"image\":{\"@id\":\"https:\/\/moderaterna.se\/stockholm\/press\/pressmeddelande-ralambshovsparken-raddad\/#primaryimage\"},\"thumbnailUrl\":\"https:\/\/moderaterna.se\/app\/uploads\/sites\/5\/2024\/05\/tXAmlBKw-1.jpeg\",\"datePublished\":\"2024-05-22T06:53:02+00:00\",\"dateModified\":\"2024-05-22T11:14:47+00:00\",\"breadcrumb\":{\"@id\":\"https:\/\/moderaterna.se\/stockholm\/press\/pressmeddelande-ralambshovsparken-raddad\/#breadcrumb\"},\"inLanguage\":\"sv-SE\",\"potentialAction\":[{\"@type\":\"ReadAction\",\"target\":[\"https:\/\/moderaterna.se\/stockholm\/press\/pressmeddelande-ralambshovsparken-raddad\/\"]}]},{\"@type\":\"ImageObject\",\"inLanguage\":\"sv-SE\",\"@id\":\"https:\/\/moderaterna.se\/stockholm\/press\/pressmeddelande-ralambshovsparken-raddad\/#primaryimage\",\"url\":\"https:\/\/moderaterna.se\/app\/uploads\/sites\/5\/2024\/05\/tXAmlBKw-1.jpeg\",\"contentUrl\":\"https:\/\/moderaterna.se\/app\/uploads\/sites\/5\/2024\/05\/tXAmlBKw-1.jpeg\",\"width\":1667,\"height\":1153},{\"@type\":\"BreadcrumbList\",\"@id\":\"https:\/\/moderaterna.se\/stockholm\/press\/pressmeddelande-ralambshovsparken-raddad\/#breadcrumb\",\"itemListElement\":[{\"@type\":\"ListItem\",\"position\":1,\"name\":\"Hem\",\"item\":\"https:\/\/moderaterna.se\/stockholm\/\"},{\"@type\":\"ListItem\",\"position\":2,\"name\":\"Pressmeddelande: R\u00e5lambshovsparken r\u00e4ddad\"}]},{\"@type\":\"WebSite\",\"@id\":\"https:\/\/moderaterna.se\/stockholm\/#website\",\"url\":\"https:\/\/moderaterna.se\/stockholm\/\",\"name\":\"Moderaterna i Stockholms stad och l\u00e4n\",\"description\":\"Nu f\u00e5r vi ordning p\u00e5 Sverige\",\"publisher\":{\"@id\":\"https:\/\/moderaterna.se\/stockholm\/#organization\"},\"potentialAction\":[{\"@type\":\"SearchAction\",\"target\":{\"@type\":\"EntryPoint\",\"urlTemplate\":\"https:\/\/moderaterna.se\/stockholm\/?s={search_term_string}\"},\"query-input\":{\"@type\":\"PropertyValueSpecification\",\"valueRequired\":true,\"valueName\":\"search_term_string\"}}],\"inLanguage\":\"sv-SE\"},{\"@type\":\"Organization\",\"@id\":\"https:\/\/moderaterna.se\/stockholm\/#organization\",\"name\":\"Moderaterna\",\"url\":\"https:\/\/moderaterna.se\/stockholm\/\",\"logo\":{\"@type\":\"ImageObject\",\"inLanguage\":\"sv-SE\",\"@id\":\"https:\/\/moderaterna.se\/stockholm\/#\/schema\/logo\/image\/\",\"url\":\"https:\/\/moderaterna.se\/app\/uploads\/2021\/10\/logo-general@2x.png\",\"contentUrl\":\"https:\/\/moderaterna.se\/app\/uploads\/2021\/10\/logo-general@2x.png\",\"width\":122,\"height\":122,\"caption\":\"Moderaterna\"},\"image\":{\"@id\":\"https:\/\/moderaterna.se\/stockholm\/#\/schema\/logo\/image\/\"},\"sameAs\":[\"https:\/\/www.facebook.com\/ModeraternaSthlm\",\"https:\/\/x.com\/ModeratSthlm\",\"https:\/\/www.instagram.com\/moderatsthlm\/\",\"https:\/\/www.youtube.com\/user\/ModeraternaSthlm\"]},{\"@type\":\"Person\",\"@id\":\"https:\/\/moderaterna.se\/stockholm\/#\/schema\/person\/1790a6c815cef6251a1f13d3fd5254bd\",\"name\":\"Veronica Nordstr\u00f6m\",\"image\":{\"@type\":\"ImageObject\",\"inLanguage\":\"sv-SE\",\"@id\":\"https:\/\/moderaterna.se\/stockholm\/#\/schema\/person\/image\/\",\"url\":\"https:\/\/secure.gravatar.com\/avatar\/cdb9d339dbafa52c812526e3f75df35bab1725c8375eaa3e17b27f2a40e8b094?s=96&d=mm&r=g\",\"contentUrl\":\"https:\/\/secure.gravatar.com\/avatar\/cdb9d339dbafa52c812526e3f75df35bab1725c8375eaa3e17b27f2a40e8b094?s=96&d=mm&r=g\",\"caption\":\"Veronica Nordstr\u00f6m\"},\"url\":\"https:\/\/moderaterna.se\/stockholm\/author\/veronicanordstrom\/\"}]}<\/script>\n<!-- \/ Yoast SEO Premium plugin. -->","yoast_head_json":{"title":"Pressmeddelande: R\u00e5lambshovsparken r\u00e4ddad | Moderaterna i Stockholms stad och l\u00e4n","robots":{"index":"index","follow":"follow","max-snippet":"max-snippet:-1","max-image-preview":"max-image-preview:large","max-video-preview":"max-video-preview:-1"},"canonical":"https:\/\/moderaterna.se\/stockholm\/press\/pressmeddelande-ralambshovsparken-raddad\/","og_locale":"sv_SE","og_type":"article","og_title":"Pressmeddelande: R\u00e5lambshovsparken r\u00e4ddad","og_url":"https:\/\/moderaterna.se\/stockholm\/press\/pressmeddelande-ralambshovsparken-raddad\/","og_site_name":"Moderaterna i Stockholms stad och l\u00e4n","article_publisher":"https:\/\/www.facebook.com\/ModeraternaSthlm","article_published_time":"2024-05-22T06:53:02+00:00","article_modified_time":"2024-05-22T11:14:47+00:00","og_image":[{"width":1667,"height":1153,"url":"https:\/\/moderaterna.se\/app\/uploads\/sites\/5\/2024\/05\/tXAmlBKw-1.jpeg","type":"image\/jpeg"}],"author":"Veronica Nordstr\u00f6m","twitter_card":"summary_large_image","twitter_creator":"@ModeratSthlm","twitter_site":"@ModeratSthlm","twitter_misc":{"Skriven av":"Veronica Nordstr\u00f6m","Ber\u00e4knad l\u00e4stid":"2 minuter"},"schema":{"@context":"https:\/\/schema.org","@graph":[{"@type":"Article","@id":"https:\/\/moderaterna.se\/stockholm\/press\/pressmeddelande-ralambshovsparken-raddad\/#article","isPartOf":{"@id":"https:\/\/moderaterna.se\/stockholm\/press\/pressmeddelande-ralambshovsparken-raddad\/"},"author":{"name":"Veronica Nordstr\u00f6m","@id":"https:\/\/moderaterna.se\/stockholm\/#\/schema\/person\/1790a6c815cef6251a1f13d3fd5254bd"},"headline":"Pressmeddelande: R\u00e5lambshovsparken r\u00e4ddad","datePublished":"2024-05-22T06:53:02+00:00","dateModified":"2024-05-22T11:14:47+00:00","mainEntityOfPage":{"@id":"https:\/\/moderaterna.se\/stockholm\/press\/pressmeddelande-ralambshovsparken-raddad\/"},"wordCount":250,"publisher":{"@id":"https:\/\/moderaterna.se\/stockholm\/#organization"},"image":{"@id":"https:\/\/moderaterna.se\/stockholm\/press\/pressmeddelande-ralambshovsparken-raddad\/#primaryimage"},"thumbnailUrl":"https:\/\/moderaterna.se\/app\/uploads\/sites\/5\/2024\/05\/tXAmlBKw-1.jpeg","articleSection":["Artikel","Nyhet","Pressmeddelande"],"inLanguage":"sv-SE"},{"@type":"WebPage","@id":"https:\/\/moderaterna.se\/stockholm\/press\/pressmeddelande-ralambshovsparken-raddad\/","url":"https:\/\/moderaterna.se\/stockholm\/press\/pressmeddelande-ralambshovsparken-raddad\/","name":"Pressmeddelande: R\u00e5lambshovsparken r\u00e4ddad | Moderaterna i Stockholms stad och l\u00e4n","isPartOf":{"@id":"https:\/\/moderaterna.se\/stockholm\/#website"},"primaryImageOfPage":{"@id":"https:\/\/moderaterna.se\/stockholm\/press\/pressmeddelande-ralambshovsparken-raddad\/#primaryimage"},"image":{"@id":"https:\/\/moderaterna.se\/stockholm\/press\/pressmeddelande-ralambshovsparken-raddad\/#primaryimage"},"thumbnailUrl":"https:\/\/moderaterna.se\/app\/uploads\/sites\/5\/2024\/05\/tXAmlBKw-1.jpeg","datePublished":"2024-05-22T06:53:02+00:00","dateModified":"2024-05-22T11:14:47+00:00","breadcrumb":{"@id":"https:\/\/moderaterna.se\/stockholm\/press\/pressmeddelande-ralambshovsparken-raddad\/#breadcrumb"},"inLanguage":"sv-SE","potentialAction":[{"@type":"ReadAction","target":["https:\/\/moderaterna.se\/stockholm\/press\/pressmeddelande-ralambshovsparken-raddad\/"]}]},{"@type":"ImageObject","inLanguage":"sv-SE","@id":"https:\/\/moderaterna.se\/stockholm\/press\/pressmeddelande-ralambshovsparken-raddad\/#primaryimage","url":"https:\/\/moderaterna.se\/app\/uploads\/sites\/5\/2024\/05\/tXAmlBKw-1.jpeg","contentUrl":"https:\/\/moderaterna.se\/app\/uploads\/sites\/5\/2024\/05\/tXAmlBKw-1.jpeg","width":1667,"height":1153},{"@type":"BreadcrumbList","@id":"https:\/\/moderaterna.se\/stockholm\/press\/pressmeddelande-ralambshovsparken-raddad\/#breadcrumb","itemListElement":[{"@type":"ListItem","position":1,"name":"Hem","item":"https:\/\/moderaterna.se\/stockholm\/"},{"@type":"ListItem","position":2,"name":"Pressmeddelande: R\u00e5lambshovsparken r\u00e4ddad"}]},{"@type":"WebSite","@id":"https:\/\/moderaterna.se\/stockholm\/#website","url":"https:\/\/moderaterna.se\/stockholm\/","name":"Moderaterna i Stockholms stad och l\u00e4n","description":"Nu f\u00e5r vi ordning p\u00e5 Sverige","publisher":{"@id":"https:\/\/moderaterna.se\/stockholm\/#organization"},"potentialAction":[{"@type":"SearchAction","target":{"@type":"EntryPoint","urlTemplate":"https:\/\/moderaterna.se\/stockholm\/?s={search_term_string}"},"query-input":{"@type":"PropertyValueSpecification","valueRequired":true,"valueName":"search_term_string"}}],"inLanguage":"sv-SE"},{"@type":"Organization","@id":"https:\/\/moderaterna.se\/stockholm\/#organization","name":"Moderaterna","url":"https:\/\/moderaterna.se\/stockholm\/","logo":{"@type":"ImageObject","inLanguage":"sv-SE","@id":"https:\/\/moderaterna.se\/stockholm\/#\/schema\/logo\/image\/","url":"https:\/\/moderaterna.se\/app\/uploads\/2021\/10\/logo-general@2x.png","contentUrl":"https:\/\/moderaterna.se\/app\/uploads\/2021\/10\/logo-general@2x.png","width":122,"height":122,"caption":"Moderaterna"},"image":{"@id":"https:\/\/moderaterna.se\/stockholm\/#\/schema\/logo\/image\/"},"sameAs":["https:\/\/www.facebook.com\/ModeraternaSthlm","https:\/\/x.com\/ModeratSthlm","https:\/\/www.instagram.com\/moderatsthlm\/","https:\/\/www.youtube.com\/user\/ModeraternaSthlm"]},{"@type":"Person","@id":"https:\/\/moderaterna.se\/stockholm\/#\/schema\/person\/1790a6c815cef6251a1f13d3fd5254bd","name":"Veronica Nordstr\u00f6m","image":{"@type":"ImageObject","inLanguage":"sv-SE","@id":"https:\/\/moderaterna.se\/stockholm\/#\/schema\/person\/image\/","url":"https:\/\/secure.gravatar.com\/avatar\/cdb9d339dbafa52c812526e3f75df35bab1725c8375eaa3e17b27f2a40e8b094?s=96&d=mm&r=g","contentUrl":"https:\/\/secure.gravatar.com\/avatar\/cdb9d339dbafa52c812526e3f75df35bab1725c8375eaa3e17b27f2a40e8b094?s=96&d=mm&r=g","caption":"Veronica Nordstr\u00f6m"},"url":"https:\/\/moderaterna.se\/stockholm\/author\/veronicanordstrom\/"}]}},"publishpress_future_action":{"enabled":false,"date":"2026-05-04 08:22:35","action":"change-status","newStatus":"draft","terms":[],"taxonomy":"category"},"_links":{"self":[{"href":"https:\/\/moderaterna.se\/stockholm\/wp-json\/wp\/v2\/posts\/4112","targetHints":{"allow":["GET"]}}],"collection":[{"href":"https:\/\/moderaterna.se\/stockholm\/wp-json\/wp\/v2\/posts"}],"about":[{"href":"https:\/\/moderaterna.se\/stockholm\/wp-json\/wp\/v2\/types\/post"}],"author":[{"embeddable":true,"href":"https:\/\/moderaterna.se\/stockholm\/wp-json\/wp\/v2\/users\/55"}],"replies":[{"embeddable":true,"href":"https:\/\/moderaterna.se\/stockholm\/wp-json\/wp\/v2\/comments?post=4112"}],"version-history":[{"count":3,"href":"https:\/\/moderaterna.se\/stockholm\/wp-json\/wp\/v2\/posts\/4112\/revisions"}],"predecessor-version":[{"id":4122,"href":"https:\/\/moderaterna.se\/stockholm\/wp-json\/wp\/v2\/posts\/4112\/revisions\/4122"}],"wp:featuredmedia":[{"embeddable":true,"href":"https:\/\/moderaterna.se\/stockholm\/wp-json\/wp\/v2\/media\/4114"}],"wp:attachment":[{"href":"https:\/\/moderaterna.se\/stockholm\/wp-json\/wp\/v2\/media?parent=4112"}],"wp:term":[{"taxonomy":"category","embeddable":true,"href":"https:\/\/moderaterna.se\/stockholm\/wp-json\/wp\/v2\/categories?post=4112"},{"taxonomy":"post_tag","embeddable":true,"href":"https:\/\/moderaterna.se\/stockholm\/wp-json\/wp\/v2\/tags?post=4112"},{"taxonomy":"subject","embeddable":true,"href":"https:\/\/moderaterna.se\/stockholm\/wp-json\/wp\/v2\/subject?post=4112"}],"curies":[{"name":"wp","href":"https:\/\/api.w.org\/{rel}","templated":true}]}}