{"id":4077,"date":"2024-05-21T09:27:09","date_gmt":"2024-05-21T07:27:09","guid":{"rendered":"https:\/\/moderaterna.se\/stockholm\/?p=4077"},"modified":"2024-05-21T09:28:37","modified_gmt":"2024-05-21T07:28:37","slug":"artikel-affischerna-ar-uppe-slass-om-basta-platserna","status":"publish","type":"post","link":"https:\/\/moderaterna.se\/stockholm\/artikel\/artikel-affischerna-ar-uppe-slass-om-basta-platserna\/","title":{"rendered":"Artikel: Affischerna \u00e4r uppe \u2013 sl\u00e5ss om b\u00e4sta platserna"},"content":{"rendered":"\n<p><\/p>\n\n\n\n<p><strong>Artikel: Affischerna \u00e4r uppe \u2013 sl\u00e5ss om b\u00e4sta platserna<\/strong><br>Inf\u00f6r det kommande EU-valet t\u00e4cks stadens gator av partiernas affischer. Det g\u00e4ller att vara snabb f\u00f6r att knycka de b\u00e4sta platserna.<\/p>\n\n\n\n<p>\u2013&nbsp;Det \u00e4r alltid n\u00e5gon rackare som b\u00f6rjar en halvtimme i f\u00f6rv\u00e4g, s\u00e4ger Christofer Fjellner (M) till MItti Stockholm.&nbsp;<\/p>\n\n\n\n<div class=\"wp-block-buttons is-layout-flex wp-block-buttons-is-layout-flex\">\n<div class=\"wp-block-button\"><a class=\"wp-block-button__link wp-element-button\" href=\"https:\/\/www.mitti.se\/nyheter\/affischerna-ar-uppe--slass-om-basta-platserna-6.3.223890.d2e3beab1a\">L\u00e4s mer h\u00e4r!<\/a><\/div>\n<\/div>\n","protected":false},"excerpt":{"rendered":"<p>Artikel: Affischerna \u00e4r uppe \u2013 sl\u00e5ss om b\u00e4sta platsernaInf\u00f6r det kommande EU-valet t\u00e4cks stadens gator av partiernas affischer. Det g\u00e4ller att vara snabb f\u00f6r att knycka de b\u00e4sta platserna. \u2013&nbsp;Det \u00e4r alltid n\u00e5gon rackare som b\u00f6rjar en halvtimme i f\u00f6rv\u00e4g, s\u00e4ger Christofer Fjellner (M) till MItti Stockholm.&nbsp;<\/p>\n","protected":false},"author":55,"featured_media":4066,"comment_status":"closed","ping_status":"closed","sticky":false,"template":"","format":"standard","meta":{"_acf_changed":false,"_relevanssi_hide_post":"","_relevanssi_hide_content":"","_relevanssi_pin_for_all":"","_relevanssi_pin_keywords":"","_relevanssi_unpin_keywords":"","_relevanssi_related_keywords":"","_relevanssi_related_include_ids":"","_relevanssi_related_exclude_ids":"","_relevanssi_related_no_append":"","_relevanssi_related_not_related":"","_relevanssi_related_posts":"4025,4071,4057,3061,3734,979","_relevanssi_noindex_reason":"","footnotes":""},"categories":[87,1],"tags":[],"subject":[],"class_list":["post-4077","post","type-post","status-publish","format-standard","has-post-thumbnail","hentry","category-artikel","category-nyhet"],"acf":[],"yoast_head":"<!-- This site is optimized with the Yoast SEO Premium plugin v27.1 (Yoast SEO v27.1.1) - https:\/\/yoast.com\/product\/yoast-seo-premium-wordpress\/ -->\n<title>Artikel: Affischerna \u00e4r uppe \u2013 sl\u00e5ss om b\u00e4sta platserna | Moderaterna i Stockholms stad och l\u00e4n<\/title>\n<meta name=\"robots\" content=\"index, follow, max-snippet:-1, max-image-preview:large, max-video-preview:-1\" \/>\n<link rel=\"canonical\" href=\"https:\/\/moderaterna.se\/stockholm\/artikel\/artikel-affischerna-ar-uppe-slass-om-basta-platserna\/\" \/>\n<meta property=\"og:locale\" content=\"sv_SE\" \/>\n<meta property=\"og:type\" content=\"article\" \/>\n<meta property=\"og:title\" content=\"Artikel: Affischerna \u00e4r uppe \u2013 sl\u00e5ss om b\u00e4sta platserna\" \/>\n<meta property=\"og:url\" content=\"https:\/\/moderaterna.se\/stockholm\/artikel\/artikel-affischerna-ar-uppe-slass-om-basta-platserna\/\" \/>\n<meta property=\"og:site_name\" content=\"Moderaterna i Stockholms stad och l\u00e4n\" \/>\n<meta property=\"article:publisher\" content=\"https:\/\/www.facebook.com\/ModeraternaSthlm\" \/>\n<meta property=\"article:published_time\" content=\"2024-05-21T07:27:09+00:00\" \/>\n<meta property=\"article:modified_time\" content=\"2024-05-21T07:28:37+00:00\" \/>\n<meta property=\"og:image\" content=\"https:\/\/moderaterna.se\/app\/uploads\/sites\/5\/2024\/05\/Skarmavbild-2024-05-19-kl.-12.39.22-1024x765.png\" \/>\n\t<meta property=\"og:image:width\" content=\"1024\" \/>\n\t<meta property=\"og:image:height\" content=\"765\" \/>\n\t<meta property=\"og:image:type\" content=\"image\/png\" \/>\n<meta name=\"author\" content=\"Veronica Nordstr\u00f6m\" \/>\n<meta name=\"twitter:card\" content=\"summary_large_image\" \/>\n<meta name=\"twitter:creator\" content=\"@ModeratSthlm\" \/>\n<meta name=\"twitter:site\" content=\"@ModeratSthlm\" \/>\n<meta name=\"twitter:label1\" content=\"Skriven av\" \/>\n\t<meta name=\"twitter:data1\" content=\"Veronica Nordstr\u00f6m\" \/>\n\t<meta name=\"twitter:label2\" content=\"Ber\u00e4knad l\u00e4stid\" \/>\n\t<meta name=\"twitter:data2\" content=\"1 minut\" \/>\n<script type=\"application\/ld+json\" class=\"yoast-schema-graph\">{\"@context\":\"https:\/\/schema.org\",\"@graph\":[{\"@type\":\"Article\",\"@id\":\"https:\/\/moderaterna.se\/stockholm\/artikel\/artikel-affischerna-ar-uppe-slass-om-basta-platserna\/#article\",\"isPartOf\":{\"@id\":\"https:\/\/moderaterna.se\/stockholm\/artikel\/artikel-affischerna-ar-uppe-slass-om-basta-platserna\/\"},\"author\":{\"name\":\"Veronica Nordstr\u00f6m\",\"@id\":\"https:\/\/moderaterna.se\/stockholm\/#\/schema\/person\/1790a6c815cef6251a1f13d3fd5254bd\"},\"headline\":\"Artikel: Affischerna \u00e4r uppe \u2013 sl\u00e5ss om b\u00e4sta platserna\",\"datePublished\":\"2024-05-21T07:27:09+00:00\",\"dateModified\":\"2024-05-21T07:28:37+00:00\",\"mainEntityOfPage\":{\"@id\":\"https:\/\/moderaterna.se\/stockholm\/artikel\/artikel-affischerna-ar-uppe-slass-om-basta-platserna\/\"},\"wordCount\":76,\"publisher\":{\"@id\":\"https:\/\/moderaterna.se\/stockholm\/#organization\"},\"image\":{\"@id\":\"https:\/\/moderaterna.se\/stockholm\/artikel\/artikel-affischerna-ar-uppe-slass-om-basta-platserna\/#primaryimage\"},\"thumbnailUrl\":\"https:\/\/moderaterna.se\/app\/uploads\/sites\/5\/2024\/05\/Skarmavbild-2024-05-19-kl.-12.39.22.png\",\"articleSection\":[\"Artikel\",\"Nyhet\"],\"inLanguage\":\"sv-SE\"},{\"@type\":\"WebPage\",\"@id\":\"https:\/\/moderaterna.se\/stockholm\/artikel\/artikel-affischerna-ar-uppe-slass-om-basta-platserna\/\",\"url\":\"https:\/\/moderaterna.se\/stockholm\/artikel\/artikel-affischerna-ar-uppe-slass-om-basta-platserna\/\",\"name\":\"Artikel: Affischerna \u00e4r uppe \u2013 sl\u00e5ss om b\u00e4sta platserna | Moderaterna i Stockholms stad och l\u00e4n\",\"isPartOf\":{\"@id\":\"https:\/\/moderaterna.se\/stockholm\/#website\"},\"primaryImageOfPage\":{\"@id\":\"https:\/\/moderaterna.se\/stockholm\/artikel\/artikel-affischerna-ar-uppe-slass-om-basta-platserna\/#primaryimage\"},\"image\":{\"@id\":\"https:\/\/moderaterna.se\/stockholm\/artikel\/artikel-affischerna-ar-uppe-slass-om-basta-platserna\/#primaryimage\"},\"thumbnailUrl\":\"https:\/\/moderaterna.se\/app\/uploads\/sites\/5\/2024\/05\/Skarmavbild-2024-05-19-kl.-12.39.22.png\",\"datePublished\":\"2024-05-21T07:27:09+00:00\",\"dateModified\":\"2024-05-21T07:28:37+00:00\",\"breadcrumb\":{\"@id\":\"https:\/\/moderaterna.se\/stockholm\/artikel\/artikel-affischerna-ar-uppe-slass-om-basta-platserna\/#breadcrumb\"},\"inLanguage\":\"sv-SE\",\"potentialAction\":[{\"@type\":\"ReadAction\",\"target\":[\"https:\/\/moderaterna.se\/stockholm\/artikel\/artikel-affischerna-ar-uppe-slass-om-basta-platserna\/\"]}]},{\"@type\":\"ImageObject\",\"inLanguage\":\"sv-SE\",\"@id\":\"https:\/\/moderaterna.se\/stockholm\/artikel\/artikel-affischerna-ar-uppe-slass-om-basta-platserna\/#primaryimage\",\"url\":\"https:\/\/moderaterna.se\/app\/uploads\/sites\/5\/2024\/05\/Skarmavbild-2024-05-19-kl.-12.39.22.png\",\"contentUrl\":\"https:\/\/moderaterna.se\/app\/uploads\/sites\/5\/2024\/05\/Skarmavbild-2024-05-19-kl.-12.39.22.png\",\"width\":1590,\"height\":1188},{\"@type\":\"BreadcrumbList\",\"@id\":\"https:\/\/moderaterna.se\/stockholm\/artikel\/artikel-affischerna-ar-uppe-slass-om-basta-platserna\/#breadcrumb\",\"itemListElement\":[{\"@type\":\"ListItem\",\"position\":1,\"name\":\"Hem\",\"item\":\"https:\/\/moderaterna.se\/stockholm\/\"},{\"@type\":\"ListItem\",\"position\":2,\"name\":\"Artikel: Affischerna \u00e4r uppe \u2013 sl\u00e5ss om b\u00e4sta platserna\"}]},{\"@type\":\"WebSite\",\"@id\":\"https:\/\/moderaterna.se\/stockholm\/#website\",\"url\":\"https:\/\/moderaterna.se\/stockholm\/\",\"name\":\"Moderaterna i Stockholms stad och l\u00e4n\",\"description\":\"Nu f\u00e5r vi ordning p\u00e5 Sverige\",\"publisher\":{\"@id\":\"https:\/\/moderaterna.se\/stockholm\/#organization\"},\"potentialAction\":[{\"@type\":\"SearchAction\",\"target\":{\"@type\":\"EntryPoint\",\"urlTemplate\":\"https:\/\/moderaterna.se\/stockholm\/?s={search_term_string}\"},\"query-input\":{\"@type\":\"PropertyValueSpecification\",\"valueRequired\":true,\"valueName\":\"search_term_string\"}}],\"inLanguage\":\"sv-SE\"},{\"@type\":\"Organization\",\"@id\":\"https:\/\/moderaterna.se\/stockholm\/#organization\",\"name\":\"Moderaterna\",\"url\":\"https:\/\/moderaterna.se\/stockholm\/\",\"logo\":{\"@type\":\"ImageObject\",\"inLanguage\":\"sv-SE\",\"@id\":\"https:\/\/moderaterna.se\/stockholm\/#\/schema\/logo\/image\/\",\"url\":\"https:\/\/moderaterna.se\/app\/uploads\/2021\/10\/logo-general@2x.png\",\"contentUrl\":\"https:\/\/moderaterna.se\/app\/uploads\/2021\/10\/logo-general@2x.png\",\"width\":122,\"height\":122,\"caption\":\"Moderaterna\"},\"image\":{\"@id\":\"https:\/\/moderaterna.se\/stockholm\/#\/schema\/logo\/image\/\"},\"sameAs\":[\"https:\/\/www.facebook.com\/ModeraternaSthlm\",\"https:\/\/x.com\/ModeratSthlm\",\"https:\/\/www.instagram.com\/moderatsthlm\/\",\"https:\/\/www.youtube.com\/user\/ModeraternaSthlm\"]},{\"@type\":\"Person\",\"@id\":\"https:\/\/moderaterna.se\/stockholm\/#\/schema\/person\/1790a6c815cef6251a1f13d3fd5254bd\",\"name\":\"Veronica Nordstr\u00f6m\",\"image\":{\"@type\":\"ImageObject\",\"inLanguage\":\"sv-SE\",\"@id\":\"https:\/\/moderaterna.se\/stockholm\/#\/schema\/person\/image\/\",\"url\":\"https:\/\/secure.gravatar.com\/avatar\/cdb9d339dbafa52c812526e3f75df35bab1725c8375eaa3e17b27f2a40e8b094?s=96&d=mm&r=g\",\"contentUrl\":\"https:\/\/secure.gravatar.com\/avatar\/cdb9d339dbafa52c812526e3f75df35bab1725c8375eaa3e17b27f2a40e8b094?s=96&d=mm&r=g\",\"caption\":\"Veronica Nordstr\u00f6m\"},\"url\":\"https:\/\/moderaterna.se\/stockholm\/author\/veronicanordstrom\/\"}]}<\/script>\n<!-- \/ Yoast SEO Premium plugin. -->","yoast_head_json":{"title":"Artikel: Affischerna \u00e4r uppe \u2013 sl\u00e5ss om b\u00e4sta platserna | Moderaterna i Stockholms stad och l\u00e4n","robots":{"index":"index","follow":"follow","max-snippet":"max-snippet:-1","max-image-preview":"max-image-preview:large","max-video-preview":"max-video-preview:-1"},"canonical":"https:\/\/moderaterna.se\/stockholm\/artikel\/artikel-affischerna-ar-uppe-slass-om-basta-platserna\/","og_locale":"sv_SE","og_type":"article","og_title":"Artikel: Affischerna \u00e4r uppe \u2013 sl\u00e5ss om b\u00e4sta platserna","og_url":"https:\/\/moderaterna.se\/stockholm\/artikel\/artikel-affischerna-ar-uppe-slass-om-basta-platserna\/","og_site_name":"Moderaterna i Stockholms stad och l\u00e4n","article_publisher":"https:\/\/www.facebook.com\/ModeraternaSthlm","article_published_time":"2024-05-21T07:27:09+00:00","article_modified_time":"2024-05-21T07:28:37+00:00","og_image":[{"width":1024,"height":765,"url":"https:\/\/moderaterna.se\/app\/uploads\/sites\/5\/2024\/05\/Skarmavbild-2024-05-19-kl.-12.39.22-1024x765.png","type":"image\/png"}],"author":"Veronica Nordstr\u00f6m","twitter_card":"summary_large_image","twitter_creator":"@ModeratSthlm","twitter_site":"@ModeratSthlm","twitter_misc":{"Skriven av":"Veronica Nordstr\u00f6m","Ber\u00e4knad l\u00e4stid":"1 minut"},"schema":{"@context":"https:\/\/schema.org","@graph":[{"@type":"Article","@id":"https:\/\/moderaterna.se\/stockholm\/artikel\/artikel-affischerna-ar-uppe-slass-om-basta-platserna\/#article","isPartOf":{"@id":"https:\/\/moderaterna.se\/stockholm\/artikel\/artikel-affischerna-ar-uppe-slass-om-basta-platserna\/"},"author":{"name":"Veronica Nordstr\u00f6m","@id":"https:\/\/moderaterna.se\/stockholm\/#\/schema\/person\/1790a6c815cef6251a1f13d3fd5254bd"},"headline":"Artikel: Affischerna \u00e4r uppe \u2013 sl\u00e5ss om b\u00e4sta platserna","datePublished":"2024-05-21T07:27:09+00:00","dateModified":"2024-05-21T07:28:37+00:00","mainEntityOfPage":{"@id":"https:\/\/moderaterna.se\/stockholm\/artikel\/artikel-affischerna-ar-uppe-slass-om-basta-platserna\/"},"wordCount":76,"publisher":{"@id":"https:\/\/moderaterna.se\/stockholm\/#organization"},"image":{"@id":"https:\/\/moderaterna.se\/stockholm\/artikel\/artikel-affischerna-ar-uppe-slass-om-basta-platserna\/#primaryimage"},"thumbnailUrl":"https:\/\/moderaterna.se\/app\/uploads\/sites\/5\/2024\/05\/Skarmavbild-2024-05-19-kl.-12.39.22.png","articleSection":["Artikel","Nyhet"],"inLanguage":"sv-SE"},{"@type":"WebPage","@id":"https:\/\/moderaterna.se\/stockholm\/artikel\/artikel-affischerna-ar-uppe-slass-om-basta-platserna\/","url":"https:\/\/moderaterna.se\/stockholm\/artikel\/artikel-affischerna-ar-uppe-slass-om-basta-platserna\/","name":"Artikel: Affischerna \u00e4r uppe \u2013 sl\u00e5ss om b\u00e4sta platserna | Moderaterna i Stockholms stad och l\u00e4n","isPartOf":{"@id":"https:\/\/moderaterna.se\/stockholm\/#website"},"primaryImageOfPage":{"@id":"https:\/\/moderaterna.se\/stockholm\/artikel\/artikel-affischerna-ar-uppe-slass-om-basta-platserna\/#primaryimage"},"image":{"@id":"https:\/\/moderaterna.se\/stockholm\/artikel\/artikel-affischerna-ar-uppe-slass-om-basta-platserna\/#primaryimage"},"thumbnailUrl":"https:\/\/moderaterna.se\/app\/uploads\/sites\/5\/2024\/05\/Skarmavbild-2024-05-19-kl.-12.39.22.png","datePublished":"2024-05-21T07:27:09+00:00","dateModified":"2024-05-21T07:28:37+00:00","breadcrumb":{"@id":"https:\/\/moderaterna.se\/stockholm\/artikel\/artikel-affischerna-ar-uppe-slass-om-basta-platserna\/#breadcrumb"},"inLanguage":"sv-SE","potentialAction":[{"@type":"ReadAction","target":["https:\/\/moderaterna.se\/stockholm\/artikel\/artikel-affischerna-ar-uppe-slass-om-basta-platserna\/"]}]},{"@type":"ImageObject","inLanguage":"sv-SE","@id":"https:\/\/moderaterna.se\/stockholm\/artikel\/artikel-affischerna-ar-uppe-slass-om-basta-platserna\/#primaryimage","url":"https:\/\/moderaterna.se\/app\/uploads\/sites\/5\/2024\/05\/Skarmavbild-2024-05-19-kl.-12.39.22.png","contentUrl":"https:\/\/moderaterna.se\/app\/uploads\/sites\/5\/2024\/05\/Skarmavbild-2024-05-19-kl.-12.39.22.png","width":1590,"height":1188},{"@type":"BreadcrumbList","@id":"https:\/\/moderaterna.se\/stockholm\/artikel\/artikel-affischerna-ar-uppe-slass-om-basta-platserna\/#breadcrumb","itemListElement":[{"@type":"ListItem","position":1,"name":"Hem","item":"https:\/\/moderaterna.se\/stockholm\/"},{"@type":"ListItem","position":2,"name":"Artikel: Affischerna \u00e4r uppe \u2013 sl\u00e5ss om b\u00e4sta platserna"}]},{"@type":"WebSite","@id":"https:\/\/moderaterna.se\/stockholm\/#website","url":"https:\/\/moderaterna.se\/stockholm\/","name":"Moderaterna i Stockholms stad och l\u00e4n","description":"Nu f\u00e5r vi ordning p\u00e5 Sverige","publisher":{"@id":"https:\/\/moderaterna.se\/stockholm\/#organization"},"potentialAction":[{"@type":"SearchAction","target":{"@type":"EntryPoint","urlTemplate":"https:\/\/moderaterna.se\/stockholm\/?s={search_term_string}"},"query-input":{"@type":"PropertyValueSpecification","valueRequired":true,"valueName":"search_term_string"}}],"inLanguage":"sv-SE"},{"@type":"Organization","@id":"https:\/\/moderaterna.se\/stockholm\/#organization","name":"Moderaterna","url":"https:\/\/moderaterna.se\/stockholm\/","logo":{"@type":"ImageObject","inLanguage":"sv-SE","@id":"https:\/\/moderaterna.se\/stockholm\/#\/schema\/logo\/image\/","url":"https:\/\/moderaterna.se\/app\/uploads\/2021\/10\/logo-general@2x.png","contentUrl":"https:\/\/moderaterna.se\/app\/uploads\/2021\/10\/logo-general@2x.png","width":122,"height":122,"caption":"Moderaterna"},"image":{"@id":"https:\/\/moderaterna.se\/stockholm\/#\/schema\/logo\/image\/"},"sameAs":["https:\/\/www.facebook.com\/ModeraternaSthlm","https:\/\/x.com\/ModeratSthlm","https:\/\/www.instagram.com\/moderatsthlm\/","https:\/\/www.youtube.com\/user\/ModeraternaSthlm"]},{"@type":"Person","@id":"https:\/\/moderaterna.se\/stockholm\/#\/schema\/person\/1790a6c815cef6251a1f13d3fd5254bd","name":"Veronica Nordstr\u00f6m","image":{"@type":"ImageObject","inLanguage":"sv-SE","@id":"https:\/\/moderaterna.se\/stockholm\/#\/schema\/person\/image\/","url":"https:\/\/secure.gravatar.com\/avatar\/cdb9d339dbafa52c812526e3f75df35bab1725c8375eaa3e17b27f2a40e8b094?s=96&d=mm&r=g","contentUrl":"https:\/\/secure.gravatar.com\/avatar\/cdb9d339dbafa52c812526e3f75df35bab1725c8375eaa3e17b27f2a40e8b094?s=96&d=mm&r=g","caption":"Veronica Nordstr\u00f6m"},"url":"https:\/\/moderaterna.se\/stockholm\/author\/veronicanordstrom\/"}]}},"publishpress_future_action":{"enabled":false,"date":"2026-05-04 08:22:10","action":"change-status","newStatus":"draft","terms":[],"taxonomy":"category"},"_links":{"self":[{"href":"https:\/\/moderaterna.se\/stockholm\/wp-json\/wp\/v2\/posts\/4077","targetHints":{"allow":["GET"]}}],"collection":[{"href":"https:\/\/moderaterna.se\/stockholm\/wp-json\/wp\/v2\/posts"}],"about":[{"href":"https:\/\/moderaterna.se\/stockholm\/wp-json\/wp\/v2\/types\/post"}],"author":[{"embeddable":true,"href":"https:\/\/moderaterna.se\/stockholm\/wp-json\/wp\/v2\/users\/55"}],"replies":[{"embeddable":true,"href":"https:\/\/moderaterna.se\/stockholm\/wp-json\/wp\/v2\/comments?post=4077"}],"version-history":[{"count":2,"href":"https:\/\/moderaterna.se\/stockholm\/wp-json\/wp\/v2\/posts\/4077\/revisions"}],"predecessor-version":[{"id":4079,"href":"https:\/\/moderaterna.se\/stockholm\/wp-json\/wp\/v2\/posts\/4077\/revisions\/4079"}],"wp:featuredmedia":[{"embeddable":true,"href":"https:\/\/moderaterna.se\/stockholm\/wp-json\/wp\/v2\/media\/4066"}],"wp:attachment":[{"href":"https:\/\/moderaterna.se\/stockholm\/wp-json\/wp\/v2\/media?parent=4077"}],"wp:term":[{"taxonomy":"category","embeddable":true,"href":"https:\/\/moderaterna.se\/stockholm\/wp-json\/wp\/v2\/categories?post=4077"},{"taxonomy":"post_tag","embeddable":true,"href":"https:\/\/moderaterna.se\/stockholm\/wp-json\/wp\/v2\/tags?post=4077"},{"taxonomy":"subject","embeddable":true,"href":"https:\/\/moderaterna.se\/stockholm\/wp-json\/wp\/v2\/subject?post=4077"}],"curies":[{"name":"wp","href":"https:\/\/api.w.org\/{rel}","templated":true}]}}