{"id":3918,"date":"2024-05-06T13:47:00","date_gmt":"2024-05-06T11:47:00","guid":{"rendered":"https:\/\/moderaterna.se\/stockholm\/?p=3918"},"modified":"2024-05-10T14:10:23","modified_gmt":"2024-05-10T12:10:23","slug":"moderaterna-sager-nej-till-forbud-och-symbolpolitik-i-form-av-miljozon-klass-3","status":"publish","type":"post","link":"https:\/\/moderaterna.se\/stockholm\/artikel\/moderaterna-sager-nej-till-forbud-och-symbolpolitik-i-form-av-miljozon-klass-3\/","title":{"rendered":"Moderaterna s\u00e4ger nej till f\u00f6rbud och symbolpolitik i form av Milj\u00f6zon klass 3"},"content":{"rendered":"\n<p><strong>Moderaterna s\u00e4ger nej till f\u00f6rbud och symbolpolitik i form av Milj\u00f6zon klass 3<\/strong><\/p>\n\n\n\n<p>Vid \u00e5rsskiftet f\u00f6rbjuds alla bilar som inte \u00e4r renodlade elbilar att k\u00f6ra i centrala Stockholm! F\u00f6rbudet g\u00e4ller s\u00e5v\u00e4l hybridbilar som transporter.<\/p>\n\n\n\n<p>V\u00e4nsterstyret i Stockholms stad klubbar beslut om milj\u00f6zon i centrala Stockholm utan konsekvensanalys. I omr\u00e5det runt Kungsgatan, Birger Jarlsgatan, Hamngatan och Sveav\u00e4gen blir det totalf\u00f6rbud mot diesel, bensin och hybridbilar. Sammantaget omfattas 20 kvarter.<\/p>\n\n\n\n<p>Moderaterna \u00e4r kritiska till beslutet eftersom det \u00e4r f\u00f6rhastat och inte l\u00f6ser problemet. Ist\u00e4llet vill vi se en \u00f6stlig f\u00f6rbindelse som leder trafik utanf\u00f6r staden, s\u00e5 att bilar inte beh\u00f6ver \u00e5ka igenom. Vi vill ocks\u00e5 ha fler laddstolpar och via tr\u00e4ngselskatten underl\u00e4tta f\u00f6r den som har elbil.<\/p>\n\n\n\n<p>Beslutet om milj\u00f6zon kommer sl\u00e5 h\u00e5rt mot Stockholms f\u00f6retagare som redan nu \u00f6verv\u00e4ger att flytta samtidigt som trafikproblematiken ist\u00e4llet kommer flyttas till omr\u00e5den d\u00e4r \u00e4nnu fler bor.<\/p>\n\n\n\n<div class=\"wp-block-buttons is-content-justification-left is-layout-flex wp-container-core-buttons-is-layout-fdcfc74e wp-block-buttons-is-layout-flex\">\n<div class=\"wp-block-button\"><a class=\"wp-block-button__link wp-element-button\" href=\"https:\/\/www.svt.se\/nyheter\/lokalt\/stockholm\/moderaterna-overklagar-miljozon-3-i-centrala-stockholm?fbclid=IwZXh0bgNhZW0CMTAAAR2fij5nkVKTusoVJPJ6EogWrTxlCmfkVE6Se6x22q9OVhcXtLDJXyLw4yA_aem_ATTmH2a02A4D17v7215uvfLh2eRjkwKgeNKUX7Va60K_GVHtYs3yHO4tAH8AcloGxjIJrfqGquR3o-y8d4ijM3ox\">L\u00e4s mer h\u00e4r!<\/a><\/div>\n<\/div>\n\n\n<div class=\"wp-block-image\">\n<figure class=\"aligncenter size-large is-resized\"><img loading=\"lazy\" decoding=\"async\" width=\"1024\" height=\"683\" src=\"https:\/\/moderaterna.se\/app\/uploads\/sites\/5\/2024\/05\/shutterstock_402834727-1024x683.jpg\" alt=\"\" class=\"wp-image-3919\" style=\"aspect-ratio:1.499267935578331;width:673px;height:auto\" srcset=\"https:\/\/moderaterna.se\/app\/uploads\/sites\/5\/2024\/05\/shutterstock_402834727-1024x683.jpg 1024w, https:\/\/moderaterna.se\/app\/uploads\/sites\/5\/2024\/05\/shutterstock_402834727-300x200.jpg 300w, https:\/\/moderaterna.se\/app\/uploads\/sites\/5\/2024\/05\/shutterstock_402834727-768x512.jpg 768w, https:\/\/moderaterna.se\/app\/uploads\/sites\/5\/2024\/05\/shutterstock_402834727-1536x1024.jpg 1536w, https:\/\/moderaterna.se\/app\/uploads\/sites\/5\/2024\/05\/shutterstock_402834727-2048x1365.jpg 2048w\" sizes=\"auto, (max-width: 1024px) 100vw, 1024px\" \/><\/figure>\n<\/div>\n\n\n<hr class=\"wp-block-separator has-alpha-channel-opacity\" \/>\n\n\n\n<p><strong>Moderaterna s\u00e4ger NEJ till:<\/strong><\/p>\n\n\n\n<ul class=\"wp-block-list\">\n<li>F\u00f6rbud och symbolpolitik i form av\u00a0Milj\u00f6zon klass 3 i delar av City som leder till f\u00f6rs\u00e4mrad framkomlighet och \u00f6kad biltrafik. Samtidigt riskerar det att bli stora trafikstockningar vilket leder till att fler bilar st\u00e5r p\u00e5 tomg\u00e5ng och sl\u00e4pper ut avgaser.<br><br><\/li>\n\n\n\n<li>Butiksd\u00f6den som Milj\u00f6zon klass 3 p\u00e5skyndar genom dyrare leveranser och transporter till resturanger, butiker och f\u00f6retag.<br><br><\/li>\n\n\n\n<li>D\u00e5lig framf\u00f6rh\u00e5llning. P\u00e5 bara ett \u00e5r ska f\u00f6retag, resturanger och stockholmare betala hundratusentals kronor f\u00f6r att st\u00e4lla om till en elbil som till\u00e5ts \u00e4ven inom Milj\u00f6zon klass 3 &#8211; i en<strong> <\/strong>sv\u00e5r ekonomisk tid.<br><\/li>\n<\/ul>\n\n\n\n<p><strong>Moderaterna s\u00e4ger JA till: <\/strong><\/p>\n\n\n\n<ul class=\"wp-block-list\">\n<li>Ha fossilfri biltrafik i innerstan till 2030 genom att skapa m\u00f6jligheter f\u00f6r stockholmare att st\u00e4lla om. Det handlar bland annat om att skynda p\u00e5 utbyggnaden av laddinfrastruktur f\u00f6r att m\u00f6jligg\u00f6ra snabbare elektrifiering av fordonsflottan.<br><br><\/li>\n\n\n\n<li>Kr\u00e4va f\u00e4rdigst\u00e4llande av Stockholms ringled f\u00f6r b\u00e4ttre framkomlighet och minskad biltrafik i innerstaden.<br><br><\/li>\n\n\n\n<li>S\u00e4nka parkeringsavgifter och tr\u00e4ngselskatter f\u00f6r utsl\u00e4ppsfria bilar.<br><br><\/li>\n\n\n\n<li>Plantera fler tr\u00e4d och gr\u00f6nska f\u00f6r b\u00e4ttre luftkvalitet och klimatanpassning.<br><br><\/li>\n\n\n\n<li>Utreda fler platser d\u00e4r milj\u00f6zon klass 2 kan inf\u00f6ras utan att framkomligheten eller trafikfl\u00f6den p\u00e5verkas negativt.<br><\/li>\n<\/ul>\n","protected":false},"excerpt":{"rendered":"<p>Moderaterna s\u00e4ger nej till f\u00f6rbud och symbolpolitik i form av Milj\u00f6zon klass 3 Vid \u00e5rsskiftet f\u00f6rbjuds alla bilar som inte \u00e4r renodlade elbilar att k\u00f6ra i centrala Stockholm! F\u00f6rbudet g\u00e4ller s\u00e5v\u00e4l hybridbilar som transporter. V\u00e4nsterstyret i Stockholms stad klubbar beslut om milj\u00f6zon i centrala Stockholm utan konsekvensanalys. I omr\u00e5det runt Kungsgatan, Birger Jarlsgatan, Hamngatan och [&hellip;]<\/p>\n","protected":false},"author":55,"featured_media":0,"comment_status":"closed","ping_status":"closed","sticky":false,"template":"","format":"standard","meta":{"_acf_changed":false,"_relevanssi_hide_post":"","_relevanssi_hide_content":"","_relevanssi_pin_for_all":"","_relevanssi_pin_keywords":"","_relevanssi_unpin_keywords":"","_relevanssi_related_keywords":"","_relevanssi_related_include_ids":"","_relevanssi_related_exclude_ids":"","_relevanssi_related_no_append":"","_relevanssi_related_not_related":"","_relevanssi_related_posts":"3707,1788,977,985,3486,2119","_relevanssi_noindex_reason":"","footnotes":""},"categories":[87,1],"tags":[],"subject":[],"class_list":["post-3918","post","type-post","status-publish","format-standard","hentry","category-artikel","category-nyhet"],"acf":[],"yoast_head":"<!-- This site is optimized with the Yoast SEO Premium plugin v27.1 (Yoast SEO v27.1.1) - https:\/\/yoast.com\/product\/yoast-seo-premium-wordpress\/ -->\n<title>Moderaterna s\u00e4ger nej till f\u00f6rbud och symbolpolitik i form av Milj\u00f6zon klass 3 | Moderaterna i Stockholms stad och l\u00e4n<\/title>\n<meta name=\"robots\" content=\"index, follow, max-snippet:-1, max-image-preview:large, max-video-preview:-1\" \/>\n<link rel=\"canonical\" href=\"https:\/\/moderaterna.se\/stockholm\/artikel\/moderaterna-sager-nej-till-forbud-och-symbolpolitik-i-form-av-miljozon-klass-3\/\" \/>\n<meta property=\"og:locale\" content=\"sv_SE\" \/>\n<meta property=\"og:type\" content=\"article\" \/>\n<meta property=\"og:title\" content=\"Moderaterna s\u00e4ger nej till f\u00f6rbud och symbolpolitik i form av Milj\u00f6zon klass 3\" \/>\n<meta property=\"og:url\" content=\"https:\/\/moderaterna.se\/stockholm\/artikel\/moderaterna-sager-nej-till-forbud-och-symbolpolitik-i-form-av-miljozon-klass-3\/\" \/>\n<meta property=\"og:site_name\" content=\"Moderaterna i Stockholms stad och l\u00e4n\" \/>\n<meta property=\"article:publisher\" content=\"https:\/\/www.facebook.com\/ModeraternaSthlm\" \/>\n<meta property=\"article:published_time\" content=\"2024-05-06T11:47:00+00:00\" \/>\n<meta property=\"article:modified_time\" content=\"2024-05-10T12:10:23+00:00\" \/>\n<meta property=\"og:image\" content=\"https:\/\/moderaterna.se\/app\/uploads\/sites\/5\/2022\/01\/DELNINGSBILD_hemsida_fo\u0308rstasida.png\" \/>\n\t<meta property=\"og:image:width\" content=\"1200\" \/>\n\t<meta property=\"og:image:height\" content=\"628\" \/>\n\t<meta property=\"og:image:type\" content=\"image\/png\" \/>\n<meta name=\"author\" content=\"Veronica Nordstr\u00f6m\" \/>\n<meta name=\"twitter:card\" content=\"summary_large_image\" \/>\n<meta name=\"twitter:creator\" content=\"@ModeratSthlm\" \/>\n<meta name=\"twitter:site\" content=\"@ModeratSthlm\" \/>\n<meta name=\"twitter:label1\" content=\"Skriven av\" \/>\n\t<meta name=\"twitter:data1\" content=\"Veronica Nordstr\u00f6m\" \/>\n\t<meta name=\"twitter:label2\" content=\"Ber\u00e4knad l\u00e4stid\" \/>\n\t<meta name=\"twitter:data2\" content=\"2 minuter\" \/>\n<script type=\"application\/ld+json\" class=\"yoast-schema-graph\">{\"@context\":\"https:\/\/schema.org\",\"@graph\":[{\"@type\":\"Article\",\"@id\":\"https:\/\/moderaterna.se\/stockholm\/artikel\/moderaterna-sager-nej-till-forbud-och-symbolpolitik-i-form-av-miljozon-klass-3\/#article\",\"isPartOf\":{\"@id\":\"https:\/\/moderaterna.se\/stockholm\/artikel\/moderaterna-sager-nej-till-forbud-och-symbolpolitik-i-form-av-miljozon-klass-3\/\"},\"author\":{\"name\":\"Veronica Nordstr\u00f6m\",\"@id\":\"https:\/\/moderaterna.se\/stockholm\/#\/schema\/person\/1790a6c815cef6251a1f13d3fd5254bd\"},\"headline\":\"Moderaterna s\u00e4ger nej till f\u00f6rbud och symbolpolitik i form av Milj\u00f6zon klass 3\",\"datePublished\":\"2024-05-06T11:47:00+00:00\",\"dateModified\":\"2024-05-10T12:10:23+00:00\",\"mainEntityOfPage\":{\"@id\":\"https:\/\/moderaterna.se\/stockholm\/artikel\/moderaterna-sager-nej-till-forbud-och-symbolpolitik-i-form-av-miljozon-klass-3\/\"},\"wordCount\":410,\"publisher\":{\"@id\":\"https:\/\/moderaterna.se\/stockholm\/#organization\"},\"articleSection\":[\"Artikel\",\"Nyhet\"],\"inLanguage\":\"sv-SE\"},{\"@type\":\"WebPage\",\"@id\":\"https:\/\/moderaterna.se\/stockholm\/artikel\/moderaterna-sager-nej-till-forbud-och-symbolpolitik-i-form-av-miljozon-klass-3\/\",\"url\":\"https:\/\/moderaterna.se\/stockholm\/artikel\/moderaterna-sager-nej-till-forbud-och-symbolpolitik-i-form-av-miljozon-klass-3\/\",\"name\":\"Moderaterna s\u00e4ger nej till f\u00f6rbud och symbolpolitik i form av Milj\u00f6zon klass 3 | Moderaterna i Stockholms stad och l\u00e4n\",\"isPartOf\":{\"@id\":\"https:\/\/moderaterna.se\/stockholm\/#website\"},\"datePublished\":\"2024-05-06T11:47:00+00:00\",\"dateModified\":\"2024-05-10T12:10:23+00:00\",\"breadcrumb\":{\"@id\":\"https:\/\/moderaterna.se\/stockholm\/artikel\/moderaterna-sager-nej-till-forbud-och-symbolpolitik-i-form-av-miljozon-klass-3\/#breadcrumb\"},\"inLanguage\":\"sv-SE\",\"potentialAction\":[{\"@type\":\"ReadAction\",\"target\":[\"https:\/\/moderaterna.se\/stockholm\/artikel\/moderaterna-sager-nej-till-forbud-och-symbolpolitik-i-form-av-miljozon-klass-3\/\"]}]},{\"@type\":\"BreadcrumbList\",\"@id\":\"https:\/\/moderaterna.se\/stockholm\/artikel\/moderaterna-sager-nej-till-forbud-och-symbolpolitik-i-form-av-miljozon-klass-3\/#breadcrumb\",\"itemListElement\":[{\"@type\":\"ListItem\",\"position\":1,\"name\":\"Hem\",\"item\":\"https:\/\/moderaterna.se\/stockholm\/\"},{\"@type\":\"ListItem\",\"position\":2,\"name\":\"Moderaterna s\u00e4ger nej till f\u00f6rbud och symbolpolitik i form av Milj\u00f6zon klass 3\"}]},{\"@type\":\"WebSite\",\"@id\":\"https:\/\/moderaterna.se\/stockholm\/#website\",\"url\":\"https:\/\/moderaterna.se\/stockholm\/\",\"name\":\"Moderaterna i Stockholms stad och l\u00e4n\",\"description\":\"Nu f\u00e5r vi ordning p\u00e5 Sverige\",\"publisher\":{\"@id\":\"https:\/\/moderaterna.se\/stockholm\/#organization\"},\"potentialAction\":[{\"@type\":\"SearchAction\",\"target\":{\"@type\":\"EntryPoint\",\"urlTemplate\":\"https:\/\/moderaterna.se\/stockholm\/?s={search_term_string}\"},\"query-input\":{\"@type\":\"PropertyValueSpecification\",\"valueRequired\":true,\"valueName\":\"search_term_string\"}}],\"inLanguage\":\"sv-SE\"},{\"@type\":\"Organization\",\"@id\":\"https:\/\/moderaterna.se\/stockholm\/#organization\",\"name\":\"Moderaterna\",\"url\":\"https:\/\/moderaterna.se\/stockholm\/\",\"logo\":{\"@type\":\"ImageObject\",\"inLanguage\":\"sv-SE\",\"@id\":\"https:\/\/moderaterna.se\/stockholm\/#\/schema\/logo\/image\/\",\"url\":\"https:\/\/moderaterna.se\/app\/uploads\/2021\/10\/logo-general@2x.png\",\"contentUrl\":\"https:\/\/moderaterna.se\/app\/uploads\/2021\/10\/logo-general@2x.png\",\"width\":122,\"height\":122,\"caption\":\"Moderaterna\"},\"image\":{\"@id\":\"https:\/\/moderaterna.se\/stockholm\/#\/schema\/logo\/image\/\"},\"sameAs\":[\"https:\/\/www.facebook.com\/ModeraternaSthlm\",\"https:\/\/x.com\/ModeratSthlm\",\"https:\/\/www.instagram.com\/moderatsthlm\/\",\"https:\/\/www.youtube.com\/user\/ModeraternaSthlm\"]},{\"@type\":\"Person\",\"@id\":\"https:\/\/moderaterna.se\/stockholm\/#\/schema\/person\/1790a6c815cef6251a1f13d3fd5254bd\",\"name\":\"Veronica Nordstr\u00f6m\",\"image\":{\"@type\":\"ImageObject\",\"inLanguage\":\"sv-SE\",\"@id\":\"https:\/\/moderaterna.se\/stockholm\/#\/schema\/person\/image\/\",\"url\":\"https:\/\/secure.gravatar.com\/avatar\/cdb9d339dbafa52c812526e3f75df35bab1725c8375eaa3e17b27f2a40e8b094?s=96&d=mm&r=g\",\"contentUrl\":\"https:\/\/secure.gravatar.com\/avatar\/cdb9d339dbafa52c812526e3f75df35bab1725c8375eaa3e17b27f2a40e8b094?s=96&d=mm&r=g\",\"caption\":\"Veronica Nordstr\u00f6m\"},\"url\":\"https:\/\/moderaterna.se\/stockholm\/author\/veronicanordstrom\/\"}]}<\/script>\n<!-- \/ Yoast SEO Premium plugin. -->","yoast_head_json":{"title":"Moderaterna s\u00e4ger nej till f\u00f6rbud och symbolpolitik i form av Milj\u00f6zon klass 3 | Moderaterna i Stockholms stad och l\u00e4n","robots":{"index":"index","follow":"follow","max-snippet":"max-snippet:-1","max-image-preview":"max-image-preview:large","max-video-preview":"max-video-preview:-1"},"canonical":"https:\/\/moderaterna.se\/stockholm\/artikel\/moderaterna-sager-nej-till-forbud-och-symbolpolitik-i-form-av-miljozon-klass-3\/","og_locale":"sv_SE","og_type":"article","og_title":"Moderaterna s\u00e4ger nej till f\u00f6rbud och symbolpolitik i form av Milj\u00f6zon klass 3","og_url":"https:\/\/moderaterna.se\/stockholm\/artikel\/moderaterna-sager-nej-till-forbud-och-symbolpolitik-i-form-av-miljozon-klass-3\/","og_site_name":"Moderaterna i Stockholms stad och l\u00e4n","article_publisher":"https:\/\/www.facebook.com\/ModeraternaSthlm","article_published_time":"2024-05-06T11:47:00+00:00","article_modified_time":"2024-05-10T12:10:23+00:00","og_image":[{"width":1200,"height":628,"url":"https:\/\/moderaterna.se\/app\/uploads\/sites\/5\/2022\/01\/DELNINGSBILD_hemsida_fo\u0308rstasida.png","type":"image\/png"}],"author":"Veronica Nordstr\u00f6m","twitter_card":"summary_large_image","twitter_creator":"@ModeratSthlm","twitter_site":"@ModeratSthlm","twitter_misc":{"Skriven av":"Veronica Nordstr\u00f6m","Ber\u00e4knad l\u00e4stid":"2 minuter"},"schema":{"@context":"https:\/\/schema.org","@graph":[{"@type":"Article","@id":"https:\/\/moderaterna.se\/stockholm\/artikel\/moderaterna-sager-nej-till-forbud-och-symbolpolitik-i-form-av-miljozon-klass-3\/#article","isPartOf":{"@id":"https:\/\/moderaterna.se\/stockholm\/artikel\/moderaterna-sager-nej-till-forbud-och-symbolpolitik-i-form-av-miljozon-klass-3\/"},"author":{"name":"Veronica Nordstr\u00f6m","@id":"https:\/\/moderaterna.se\/stockholm\/#\/schema\/person\/1790a6c815cef6251a1f13d3fd5254bd"},"headline":"Moderaterna s\u00e4ger nej till f\u00f6rbud och symbolpolitik i form av Milj\u00f6zon klass 3","datePublished":"2024-05-06T11:47:00+00:00","dateModified":"2024-05-10T12:10:23+00:00","mainEntityOfPage":{"@id":"https:\/\/moderaterna.se\/stockholm\/artikel\/moderaterna-sager-nej-till-forbud-och-symbolpolitik-i-form-av-miljozon-klass-3\/"},"wordCount":410,"publisher":{"@id":"https:\/\/moderaterna.se\/stockholm\/#organization"},"articleSection":["Artikel","Nyhet"],"inLanguage":"sv-SE"},{"@type":"WebPage","@id":"https:\/\/moderaterna.se\/stockholm\/artikel\/moderaterna-sager-nej-till-forbud-och-symbolpolitik-i-form-av-miljozon-klass-3\/","url":"https:\/\/moderaterna.se\/stockholm\/artikel\/moderaterna-sager-nej-till-forbud-och-symbolpolitik-i-form-av-miljozon-klass-3\/","name":"Moderaterna s\u00e4ger nej till f\u00f6rbud och symbolpolitik i form av Milj\u00f6zon klass 3 | Moderaterna i Stockholms stad och l\u00e4n","isPartOf":{"@id":"https:\/\/moderaterna.se\/stockholm\/#website"},"datePublished":"2024-05-06T11:47:00+00:00","dateModified":"2024-05-10T12:10:23+00:00","breadcrumb":{"@id":"https:\/\/moderaterna.se\/stockholm\/artikel\/moderaterna-sager-nej-till-forbud-och-symbolpolitik-i-form-av-miljozon-klass-3\/#breadcrumb"},"inLanguage":"sv-SE","potentialAction":[{"@type":"ReadAction","target":["https:\/\/moderaterna.se\/stockholm\/artikel\/moderaterna-sager-nej-till-forbud-och-symbolpolitik-i-form-av-miljozon-klass-3\/"]}]},{"@type":"BreadcrumbList","@id":"https:\/\/moderaterna.se\/stockholm\/artikel\/moderaterna-sager-nej-till-forbud-och-symbolpolitik-i-form-av-miljozon-klass-3\/#breadcrumb","itemListElement":[{"@type":"ListItem","position":1,"name":"Hem","item":"https:\/\/moderaterna.se\/stockholm\/"},{"@type":"ListItem","position":2,"name":"Moderaterna s\u00e4ger nej till f\u00f6rbud och symbolpolitik i form av Milj\u00f6zon klass 3"}]},{"@type":"WebSite","@id":"https:\/\/moderaterna.se\/stockholm\/#website","url":"https:\/\/moderaterna.se\/stockholm\/","name":"Moderaterna i Stockholms stad och l\u00e4n","description":"Nu f\u00e5r vi ordning p\u00e5 Sverige","publisher":{"@id":"https:\/\/moderaterna.se\/stockholm\/#organization"},"potentialAction":[{"@type":"SearchAction","target":{"@type":"EntryPoint","urlTemplate":"https:\/\/moderaterna.se\/stockholm\/?s={search_term_string}"},"query-input":{"@type":"PropertyValueSpecification","valueRequired":true,"valueName":"search_term_string"}}],"inLanguage":"sv-SE"},{"@type":"Organization","@id":"https:\/\/moderaterna.se\/stockholm\/#organization","name":"Moderaterna","url":"https:\/\/moderaterna.se\/stockholm\/","logo":{"@type":"ImageObject","inLanguage":"sv-SE","@id":"https:\/\/moderaterna.se\/stockholm\/#\/schema\/logo\/image\/","url":"https:\/\/moderaterna.se\/app\/uploads\/2021\/10\/logo-general@2x.png","contentUrl":"https:\/\/moderaterna.se\/app\/uploads\/2021\/10\/logo-general@2x.png","width":122,"height":122,"caption":"Moderaterna"},"image":{"@id":"https:\/\/moderaterna.se\/stockholm\/#\/schema\/logo\/image\/"},"sameAs":["https:\/\/www.facebook.com\/ModeraternaSthlm","https:\/\/x.com\/ModeratSthlm","https:\/\/www.instagram.com\/moderatsthlm\/","https:\/\/www.youtube.com\/user\/ModeraternaSthlm"]},{"@type":"Person","@id":"https:\/\/moderaterna.se\/stockholm\/#\/schema\/person\/1790a6c815cef6251a1f13d3fd5254bd","name":"Veronica Nordstr\u00f6m","image":{"@type":"ImageObject","inLanguage":"sv-SE","@id":"https:\/\/moderaterna.se\/stockholm\/#\/schema\/person\/image\/","url":"https:\/\/secure.gravatar.com\/avatar\/cdb9d339dbafa52c812526e3f75df35bab1725c8375eaa3e17b27f2a40e8b094?s=96&d=mm&r=g","contentUrl":"https:\/\/secure.gravatar.com\/avatar\/cdb9d339dbafa52c812526e3f75df35bab1725c8375eaa3e17b27f2a40e8b094?s=96&d=mm&r=g","caption":"Veronica Nordstr\u00f6m"},"url":"https:\/\/moderaterna.se\/stockholm\/author\/veronicanordstrom\/"}]}},"publishpress_future_action":{"enabled":false,"date":"2026-05-04 07:02:23","action":"change-status","newStatus":"draft","terms":[],"taxonomy":"category"},"_links":{"self":[{"href":"https:\/\/moderaterna.se\/stockholm\/wp-json\/wp\/v2\/posts\/3918","targetHints":{"allow":["GET"]}}],"collection":[{"href":"https:\/\/moderaterna.se\/stockholm\/wp-json\/wp\/v2\/posts"}],"about":[{"href":"https:\/\/moderaterna.se\/stockholm\/wp-json\/wp\/v2\/types\/post"}],"author":[{"embeddable":true,"href":"https:\/\/moderaterna.se\/stockholm\/wp-json\/wp\/v2\/users\/55"}],"replies":[{"embeddable":true,"href":"https:\/\/moderaterna.se\/stockholm\/wp-json\/wp\/v2\/comments?post=3918"}],"version-history":[{"count":3,"href":"https:\/\/moderaterna.se\/stockholm\/wp-json\/wp\/v2\/posts\/3918\/revisions"}],"predecessor-version":[{"id":3922,"href":"https:\/\/moderaterna.se\/stockholm\/wp-json\/wp\/v2\/posts\/3918\/revisions\/3922"}],"wp:attachment":[{"href":"https:\/\/moderaterna.se\/stockholm\/wp-json\/wp\/v2\/media?parent=3918"}],"wp:term":[{"taxonomy":"category","embeddable":true,"href":"https:\/\/moderaterna.se\/stockholm\/wp-json\/wp\/v2\/categories?post=3918"},{"taxonomy":"post_tag","embeddable":true,"href":"https:\/\/moderaterna.se\/stockholm\/wp-json\/wp\/v2\/tags?post=3918"},{"taxonomy":"subject","embeddable":true,"href":"https:\/\/moderaterna.se\/stockholm\/wp-json\/wp\/v2\/subject?post=3918"}],"curies":[{"name":"wp","href":"https:\/\/api.w.org\/{rel}","templated":true}]}}