{"id":3896,"date":"2024-05-08T12:50:10","date_gmt":"2024-05-08T10:50:10","guid":{"rendered":"https:\/\/moderaterna.se\/stockholm\/?p=3896"},"modified":"2024-05-08T12:50:11","modified_gmt":"2024-05-08T10:50:11","slug":"debatt-ett-rott-europa-ar-ett-dott-europa","status":"publish","type":"post","link":"https:\/\/moderaterna.se\/stockholm\/artikel\/debatt-ett-rott-europa-ar-ett-dott-europa\/","title":{"rendered":"Debatt: Ett r\u00f6tt Europa \u00e4r ett d\u00f6tt Europa"},"content":{"rendered":"\n<p><strong>Ett r\u00f6tt Europa \u00e4r ett d\u00f6tt Europa<\/strong><\/p>\n\n\n\n<p>Ekonomisk tillv\u00e4xt \u00e4r helt avg\u00f6rande f\u00f6r v\u00e5r framtid. Utan en v\u00e4xande ekonomi har vi inte r\u00e5d att skicka mer vapen till Ukraina, bygga nya k\u00e4rnkraftverk eller finansiera v\u00e5r gemensamma v\u00e4lf\u00e4rd. Socialdemokraterna och deras gr\u00f6na samarbetspartier i Europaparlamentet r\u00f6star ja till tv\u00e5ngsrenoveringar och k\u00e4rnkraftsstopp r\u00f6star man i praktiken f\u00f6r regleringar som skadar tillv\u00e4xten och g\u00f6r oss fattigare.<\/p>\n\n\n\n<ul class=\"wp-block-list\">\n<li>Socialdemokraterna har exempelvis r\u00f6stat ja till tv\u00e5ngsrenoveringar av bost\u00e4der som skulle driva m\u00e4nniskor <br>fr\u00e5n hus och hem.<\/li>\n\n\n\n<li>F\u00f6rsv\u00e5rat f\u00f6r EU att bli sj\u00e4lvf\u00f6rs\u00f6rjande p\u00e5 el genom att motarbeta ny k\u00e4rnkraft.<\/li>\n<\/ul>\n\n\n\n<p>Skriver Europaparlamentarikern&nbsp;<strong>Tomas Tob\u00e9<\/strong>&nbsp;(M) i Dagens industri.<\/p>\n\n\n\n<div class=\"wp-block-buttons is-layout-flex wp-block-buttons-is-layout-flex\">\n<div class=\"wp-block-button\"><a class=\"wp-block-button__link wp-element-button\" href=\"https:\/\/www.di.se\/debatt\/ett-rott-europa-ar-ett-dott-europa\/?fbclid=IwZXh0bgNhZW0CMTEAAR2nElXyT1WbN3y0Y35fZOa_ckrQxEDLFkdpbg_aNTTV3jR_ZEt_luOLorU_aem_AVs1vFfTanWDCcx-8gqji4YazRuyaDyWzmbB3kv7qN0rzXYNurxh8XcvjtJJq0kqt548a-u0DblZ7p21EWN7FRea\">L\u00e4s debattartikeln h\u00e4r i sin helhet!<\/a><\/div>\n<\/div>\n","protected":false},"excerpt":{"rendered":"<p>Ett r\u00f6tt Europa \u00e4r ett d\u00f6tt Europa Ekonomisk tillv\u00e4xt \u00e4r helt avg\u00f6rande f\u00f6r v\u00e5r framtid. Utan en v\u00e4xande ekonomi har vi inte r\u00e5d att skicka mer vapen till Ukraina, bygga nya k\u00e4rnkraftverk eller finansiera v\u00e5r gemensamma v\u00e4lf\u00e4rd. Socialdemokraterna och deras gr\u00f6na samarbetspartier i Europaparlamentet r\u00f6star ja till tv\u00e5ngsrenoveringar och k\u00e4rnkraftsstopp r\u00f6star man i praktiken f\u00f6r [&hellip;]<\/p>\n","protected":false},"author":55,"featured_media":0,"comment_status":"closed","ping_status":"closed","sticky":false,"template":"","format":"standard","meta":{"_acf_changed":false,"_relevanssi_hide_post":"","_relevanssi_hide_content":"","_relevanssi_pin_for_all":"","_relevanssi_pin_keywords":"","_relevanssi_unpin_keywords":"","_relevanssi_related_keywords":"","_relevanssi_related_include_ids":"","_relevanssi_related_exclude_ids":"","_relevanssi_related_no_append":"","_relevanssi_related_not_related":"","_relevanssi_related_posts":"3853,969,3645,997,2657,1865","_relevanssi_noindex_reason":"","footnotes":""},"categories":[87,1],"tags":[],"subject":[],"class_list":["post-3896","post","type-post","status-publish","format-standard","hentry","category-artikel","category-nyhet"],"acf":[],"yoast_head":"<!-- This site is optimized with the Yoast SEO Premium plugin v27.1 (Yoast SEO v27.1.1) - https:\/\/yoast.com\/product\/yoast-seo-premium-wordpress\/ -->\n<title>Debatt: Ett r\u00f6tt Europa \u00e4r ett d\u00f6tt Europa | Moderaterna i Stockholms stad och l\u00e4n<\/title>\n<meta name=\"robots\" content=\"index, follow, max-snippet:-1, max-image-preview:large, max-video-preview:-1\" \/>\n<link rel=\"canonical\" href=\"https:\/\/moderaterna.se\/stockholm\/artikel\/debatt-ett-rott-europa-ar-ett-dott-europa\/\" \/>\n<meta property=\"og:locale\" content=\"sv_SE\" \/>\n<meta property=\"og:type\" content=\"article\" \/>\n<meta property=\"og:title\" content=\"Debatt: Ett r\u00f6tt Europa \u00e4r ett d\u00f6tt Europa\" \/>\n<meta property=\"og:url\" content=\"https:\/\/moderaterna.se\/stockholm\/artikel\/debatt-ett-rott-europa-ar-ett-dott-europa\/\" \/>\n<meta property=\"og:site_name\" content=\"Moderaterna i Stockholms stad och l\u00e4n\" \/>\n<meta property=\"article:publisher\" content=\"https:\/\/www.facebook.com\/ModeraternaSthlm\" \/>\n<meta property=\"article:published_time\" content=\"2024-05-08T10:50:10+00:00\" \/>\n<meta property=\"article:modified_time\" content=\"2024-05-08T10:50:11+00:00\" \/>\n<meta property=\"og:image\" content=\"https:\/\/moderaterna.se\/app\/uploads\/sites\/5\/2022\/01\/DELNINGSBILD_hemsida_fo\u0308rstasida.png\" \/>\n\t<meta property=\"og:image:width\" content=\"1200\" \/>\n\t<meta property=\"og:image:height\" content=\"628\" \/>\n\t<meta property=\"og:image:type\" content=\"image\/png\" \/>\n<meta name=\"author\" content=\"Veronica Nordstr\u00f6m\" \/>\n<meta name=\"twitter:card\" content=\"summary_large_image\" \/>\n<meta name=\"twitter:creator\" content=\"@ModeratSthlm\" \/>\n<meta name=\"twitter:site\" content=\"@ModeratSthlm\" \/>\n<meta name=\"twitter:label1\" content=\"Skriven av\" \/>\n\t<meta name=\"twitter:data1\" content=\"Veronica Nordstr\u00f6m\" \/>\n\t<meta name=\"twitter:label2\" content=\"Ber\u00e4knad l\u00e4stid\" \/>\n\t<meta name=\"twitter:data2\" content=\"1 minut\" \/>\n<script type=\"application\/ld+json\" class=\"yoast-schema-graph\">{\"@context\":\"https:\/\/schema.org\",\"@graph\":[{\"@type\":\"Article\",\"@id\":\"https:\/\/moderaterna.se\/stockholm\/artikel\/debatt-ett-rott-europa-ar-ett-dott-europa\/#article\",\"isPartOf\":{\"@id\":\"https:\/\/moderaterna.se\/stockholm\/artikel\/debatt-ett-rott-europa-ar-ett-dott-europa\/\"},\"author\":{\"name\":\"Veronica Nordstr\u00f6m\",\"@id\":\"https:\/\/moderaterna.se\/stockholm\/#\/schema\/person\/1790a6c815cef6251a1f13d3fd5254bd\"},\"headline\":\"Debatt: Ett r\u00f6tt Europa \u00e4r ett d\u00f6tt Europa\",\"datePublished\":\"2024-05-08T10:50:10+00:00\",\"dateModified\":\"2024-05-08T10:50:11+00:00\",\"mainEntityOfPage\":{\"@id\":\"https:\/\/moderaterna.se\/stockholm\/artikel\/debatt-ett-rott-europa-ar-ett-dott-europa\/\"},\"wordCount\":153,\"publisher\":{\"@id\":\"https:\/\/moderaterna.se\/stockholm\/#organization\"},\"articleSection\":[\"Artikel\",\"Nyhet\"],\"inLanguage\":\"sv-SE\"},{\"@type\":\"WebPage\",\"@id\":\"https:\/\/moderaterna.se\/stockholm\/artikel\/debatt-ett-rott-europa-ar-ett-dott-europa\/\",\"url\":\"https:\/\/moderaterna.se\/stockholm\/artikel\/debatt-ett-rott-europa-ar-ett-dott-europa\/\",\"name\":\"Debatt: Ett r\u00f6tt Europa \u00e4r ett d\u00f6tt Europa | Moderaterna i Stockholms stad och l\u00e4n\",\"isPartOf\":{\"@id\":\"https:\/\/moderaterna.se\/stockholm\/#website\"},\"datePublished\":\"2024-05-08T10:50:10+00:00\",\"dateModified\":\"2024-05-08T10:50:11+00:00\",\"breadcrumb\":{\"@id\":\"https:\/\/moderaterna.se\/stockholm\/artikel\/debatt-ett-rott-europa-ar-ett-dott-europa\/#breadcrumb\"},\"inLanguage\":\"sv-SE\",\"potentialAction\":[{\"@type\":\"ReadAction\",\"target\":[\"https:\/\/moderaterna.se\/stockholm\/artikel\/debatt-ett-rott-europa-ar-ett-dott-europa\/\"]}]},{\"@type\":\"BreadcrumbList\",\"@id\":\"https:\/\/moderaterna.se\/stockholm\/artikel\/debatt-ett-rott-europa-ar-ett-dott-europa\/#breadcrumb\",\"itemListElement\":[{\"@type\":\"ListItem\",\"position\":1,\"name\":\"Hem\",\"item\":\"https:\/\/moderaterna.se\/stockholm\/\"},{\"@type\":\"ListItem\",\"position\":2,\"name\":\"Debatt: Ett r\u00f6tt Europa \u00e4r ett d\u00f6tt Europa\"}]},{\"@type\":\"WebSite\",\"@id\":\"https:\/\/moderaterna.se\/stockholm\/#website\",\"url\":\"https:\/\/moderaterna.se\/stockholm\/\",\"name\":\"Moderaterna i Stockholms stad och l\u00e4n\",\"description\":\"Nu f\u00e5r vi ordning p\u00e5 Sverige\",\"publisher\":{\"@id\":\"https:\/\/moderaterna.se\/stockholm\/#organization\"},\"potentialAction\":[{\"@type\":\"SearchAction\",\"target\":{\"@type\":\"EntryPoint\",\"urlTemplate\":\"https:\/\/moderaterna.se\/stockholm\/?s={search_term_string}\"},\"query-input\":{\"@type\":\"PropertyValueSpecification\",\"valueRequired\":true,\"valueName\":\"search_term_string\"}}],\"inLanguage\":\"sv-SE\"},{\"@type\":\"Organization\",\"@id\":\"https:\/\/moderaterna.se\/stockholm\/#organization\",\"name\":\"Moderaterna\",\"url\":\"https:\/\/moderaterna.se\/stockholm\/\",\"logo\":{\"@type\":\"ImageObject\",\"inLanguage\":\"sv-SE\",\"@id\":\"https:\/\/moderaterna.se\/stockholm\/#\/schema\/logo\/image\/\",\"url\":\"https:\/\/moderaterna.se\/app\/uploads\/2021\/10\/logo-general@2x.png\",\"contentUrl\":\"https:\/\/moderaterna.se\/app\/uploads\/2021\/10\/logo-general@2x.png\",\"width\":122,\"height\":122,\"caption\":\"Moderaterna\"},\"image\":{\"@id\":\"https:\/\/moderaterna.se\/stockholm\/#\/schema\/logo\/image\/\"},\"sameAs\":[\"https:\/\/www.facebook.com\/ModeraternaSthlm\",\"https:\/\/x.com\/ModeratSthlm\",\"https:\/\/www.instagram.com\/moderatsthlm\/\",\"https:\/\/www.youtube.com\/user\/ModeraternaSthlm\"]},{\"@type\":\"Person\",\"@id\":\"https:\/\/moderaterna.se\/stockholm\/#\/schema\/person\/1790a6c815cef6251a1f13d3fd5254bd\",\"name\":\"Veronica Nordstr\u00f6m\",\"image\":{\"@type\":\"ImageObject\",\"inLanguage\":\"sv-SE\",\"@id\":\"https:\/\/moderaterna.se\/stockholm\/#\/schema\/person\/image\/\",\"url\":\"https:\/\/secure.gravatar.com\/avatar\/cdb9d339dbafa52c812526e3f75df35bab1725c8375eaa3e17b27f2a40e8b094?s=96&d=mm&r=g\",\"contentUrl\":\"https:\/\/secure.gravatar.com\/avatar\/cdb9d339dbafa52c812526e3f75df35bab1725c8375eaa3e17b27f2a40e8b094?s=96&d=mm&r=g\",\"caption\":\"Veronica Nordstr\u00f6m\"},\"url\":\"https:\/\/moderaterna.se\/stockholm\/author\/veronicanordstrom\/\"}]}<\/script>\n<!-- \/ Yoast SEO Premium plugin. -->","yoast_head_json":{"title":"Debatt: Ett r\u00f6tt Europa \u00e4r ett d\u00f6tt Europa | Moderaterna i Stockholms stad och l\u00e4n","robots":{"index":"index","follow":"follow","max-snippet":"max-snippet:-1","max-image-preview":"max-image-preview:large","max-video-preview":"max-video-preview:-1"},"canonical":"https:\/\/moderaterna.se\/stockholm\/artikel\/debatt-ett-rott-europa-ar-ett-dott-europa\/","og_locale":"sv_SE","og_type":"article","og_title":"Debatt: Ett r\u00f6tt Europa \u00e4r ett d\u00f6tt Europa","og_url":"https:\/\/moderaterna.se\/stockholm\/artikel\/debatt-ett-rott-europa-ar-ett-dott-europa\/","og_site_name":"Moderaterna i Stockholms stad och l\u00e4n","article_publisher":"https:\/\/www.facebook.com\/ModeraternaSthlm","article_published_time":"2024-05-08T10:50:10+00:00","article_modified_time":"2024-05-08T10:50:11+00:00","og_image":[{"width":1200,"height":628,"url":"https:\/\/moderaterna.se\/app\/uploads\/sites\/5\/2022\/01\/DELNINGSBILD_hemsida_fo\u0308rstasida.png","type":"image\/png"}],"author":"Veronica Nordstr\u00f6m","twitter_card":"summary_large_image","twitter_creator":"@ModeratSthlm","twitter_site":"@ModeratSthlm","twitter_misc":{"Skriven av":"Veronica Nordstr\u00f6m","Ber\u00e4knad l\u00e4stid":"1 minut"},"schema":{"@context":"https:\/\/schema.org","@graph":[{"@type":"Article","@id":"https:\/\/moderaterna.se\/stockholm\/artikel\/debatt-ett-rott-europa-ar-ett-dott-europa\/#article","isPartOf":{"@id":"https:\/\/moderaterna.se\/stockholm\/artikel\/debatt-ett-rott-europa-ar-ett-dott-europa\/"},"author":{"name":"Veronica Nordstr\u00f6m","@id":"https:\/\/moderaterna.se\/stockholm\/#\/schema\/person\/1790a6c815cef6251a1f13d3fd5254bd"},"headline":"Debatt: Ett r\u00f6tt Europa \u00e4r ett d\u00f6tt Europa","datePublished":"2024-05-08T10:50:10+00:00","dateModified":"2024-05-08T10:50:11+00:00","mainEntityOfPage":{"@id":"https:\/\/moderaterna.se\/stockholm\/artikel\/debatt-ett-rott-europa-ar-ett-dott-europa\/"},"wordCount":153,"publisher":{"@id":"https:\/\/moderaterna.se\/stockholm\/#organization"},"articleSection":["Artikel","Nyhet"],"inLanguage":"sv-SE"},{"@type":"WebPage","@id":"https:\/\/moderaterna.se\/stockholm\/artikel\/debatt-ett-rott-europa-ar-ett-dott-europa\/","url":"https:\/\/moderaterna.se\/stockholm\/artikel\/debatt-ett-rott-europa-ar-ett-dott-europa\/","name":"Debatt: Ett r\u00f6tt Europa \u00e4r ett d\u00f6tt Europa | Moderaterna i Stockholms stad och l\u00e4n","isPartOf":{"@id":"https:\/\/moderaterna.se\/stockholm\/#website"},"datePublished":"2024-05-08T10:50:10+00:00","dateModified":"2024-05-08T10:50:11+00:00","breadcrumb":{"@id":"https:\/\/moderaterna.se\/stockholm\/artikel\/debatt-ett-rott-europa-ar-ett-dott-europa\/#breadcrumb"},"inLanguage":"sv-SE","potentialAction":[{"@type":"ReadAction","target":["https:\/\/moderaterna.se\/stockholm\/artikel\/debatt-ett-rott-europa-ar-ett-dott-europa\/"]}]},{"@type":"BreadcrumbList","@id":"https:\/\/moderaterna.se\/stockholm\/artikel\/debatt-ett-rott-europa-ar-ett-dott-europa\/#breadcrumb","itemListElement":[{"@type":"ListItem","position":1,"name":"Hem","item":"https:\/\/moderaterna.se\/stockholm\/"},{"@type":"ListItem","position":2,"name":"Debatt: Ett r\u00f6tt Europa \u00e4r ett d\u00f6tt Europa"}]},{"@type":"WebSite","@id":"https:\/\/moderaterna.se\/stockholm\/#website","url":"https:\/\/moderaterna.se\/stockholm\/","name":"Moderaterna i Stockholms stad och l\u00e4n","description":"Nu f\u00e5r vi ordning p\u00e5 Sverige","publisher":{"@id":"https:\/\/moderaterna.se\/stockholm\/#organization"},"potentialAction":[{"@type":"SearchAction","target":{"@type":"EntryPoint","urlTemplate":"https:\/\/moderaterna.se\/stockholm\/?s={search_term_string}"},"query-input":{"@type":"PropertyValueSpecification","valueRequired":true,"valueName":"search_term_string"}}],"inLanguage":"sv-SE"},{"@type":"Organization","@id":"https:\/\/moderaterna.se\/stockholm\/#organization","name":"Moderaterna","url":"https:\/\/moderaterna.se\/stockholm\/","logo":{"@type":"ImageObject","inLanguage":"sv-SE","@id":"https:\/\/moderaterna.se\/stockholm\/#\/schema\/logo\/image\/","url":"https:\/\/moderaterna.se\/app\/uploads\/2021\/10\/logo-general@2x.png","contentUrl":"https:\/\/moderaterna.se\/app\/uploads\/2021\/10\/logo-general@2x.png","width":122,"height":122,"caption":"Moderaterna"},"image":{"@id":"https:\/\/moderaterna.se\/stockholm\/#\/schema\/logo\/image\/"},"sameAs":["https:\/\/www.facebook.com\/ModeraternaSthlm","https:\/\/x.com\/ModeratSthlm","https:\/\/www.instagram.com\/moderatsthlm\/","https:\/\/www.youtube.com\/user\/ModeraternaSthlm"]},{"@type":"Person","@id":"https:\/\/moderaterna.se\/stockholm\/#\/schema\/person\/1790a6c815cef6251a1f13d3fd5254bd","name":"Veronica Nordstr\u00f6m","image":{"@type":"ImageObject","inLanguage":"sv-SE","@id":"https:\/\/moderaterna.se\/stockholm\/#\/schema\/person\/image\/","url":"https:\/\/secure.gravatar.com\/avatar\/cdb9d339dbafa52c812526e3f75df35bab1725c8375eaa3e17b27f2a40e8b094?s=96&d=mm&r=g","contentUrl":"https:\/\/secure.gravatar.com\/avatar\/cdb9d339dbafa52c812526e3f75df35bab1725c8375eaa3e17b27f2a40e8b094?s=96&d=mm&r=g","caption":"Veronica Nordstr\u00f6m"},"url":"https:\/\/moderaterna.se\/stockholm\/author\/veronicanordstrom\/"}]}},"publishpress_future_action":{"enabled":false,"date":"2026-05-04 06:59:59","action":"change-status","newStatus":"draft","terms":[],"taxonomy":"category"},"_links":{"self":[{"href":"https:\/\/moderaterna.se\/stockholm\/wp-json\/wp\/v2\/posts\/3896","targetHints":{"allow":["GET"]}}],"collection":[{"href":"https:\/\/moderaterna.se\/stockholm\/wp-json\/wp\/v2\/posts"}],"about":[{"href":"https:\/\/moderaterna.se\/stockholm\/wp-json\/wp\/v2\/types\/post"}],"author":[{"embeddable":true,"href":"https:\/\/moderaterna.se\/stockholm\/wp-json\/wp\/v2\/users\/55"}],"replies":[{"embeddable":true,"href":"https:\/\/moderaterna.se\/stockholm\/wp-json\/wp\/v2\/comments?post=3896"}],"version-history":[{"count":5,"href":"https:\/\/moderaterna.se\/stockholm\/wp-json\/wp\/v2\/posts\/3896\/revisions"}],"predecessor-version":[{"id":3902,"href":"https:\/\/moderaterna.se\/stockholm\/wp-json\/wp\/v2\/posts\/3896\/revisions\/3902"}],"wp:attachment":[{"href":"https:\/\/moderaterna.se\/stockholm\/wp-json\/wp\/v2\/media?parent=3896"}],"wp:term":[{"taxonomy":"category","embeddable":true,"href":"https:\/\/moderaterna.se\/stockholm\/wp-json\/wp\/v2\/categories?post=3896"},{"taxonomy":"post_tag","embeddable":true,"href":"https:\/\/moderaterna.se\/stockholm\/wp-json\/wp\/v2\/tags?post=3896"},{"taxonomy":"subject","embeddable":true,"href":"https:\/\/moderaterna.se\/stockholm\/wp-json\/wp\/v2\/subject?post=3896"}],"curies":[{"name":"wp","href":"https:\/\/api.w.org\/{rel}","templated":true}]}}