{"id":3486,"date":"2024-02-25T20:55:47","date_gmt":"2024-02-25T19:55:47","guid":{"rendered":"https:\/\/moderaterna.se\/stockholm\/?p=3486"},"modified":"2024-02-25T21:02:17","modified_gmt":"2024-02-25T20:02:17","slug":"vart-forslag-for-att-losa-trafikkaoset-i-stockholm","status":"publish","type":"post","link":"https:\/\/moderaterna.se\/stockholm\/nyhet\/vart-forslag-for-att-losa-trafikkaoset-i-stockholm\/","title":{"rendered":"V\u00e5ra f\u00f6rslag f\u00f6r att l\u00f6sa trafikkaoset i Stockholm\u00a0"},"content":{"rendered":"\n<p><strong>En stad \u00e4r inte en stad utan liv och r\u00f6relse. Trots det inf\u00f6rs hinder p\u00e5 hinder i Stockholm, b\u00e5de f\u00f6r bilister och f\u00f6r kollektivtrafik.<\/strong><\/p>\n\n\n\n<p>Socialdemokraterna, Milj\u00f6partiet och V\u00e4nsterpartiet h\u00e5ller p\u00e5 att skapa en stad anpassad endast f\u00f6r den som kan g\u00e5 eller cykla. Det \u00e4r inte en r\u00e4ttvis stad eller en stad anpassad efter de som bor, jobbar och lever i Stockholm. Det \u00e4r ett hot mot framkomligheten f\u00f6r Stockholmsregionens 2,4 miljoner inv\u00e5nare och i f\u00f6rl\u00e4ngningen f\u00f6r hela Sverige.&nbsp;<\/p>\n\n\n\n<p>I en debattartikel i Expressen skriver Moderaternas toppnamn i Stockholms l\u00e4n om f\u00f6rs\u00e4mringarna f\u00f6r s\u00e5v\u00e4l biltrafik som f\u00f6r kollektivtrafik och presenterar fyra f\u00f6rslag f\u00f6r att \u00f6ka mobiliteten i Stockholm.<\/p>\n\n\n\n<p>Stockholm beh\u00f6ver:<\/p>\n\n\n\n<ul class=\"wp-block-list\">\n<li><strong>En kollektivtrafik i v\u00e4rldsklass som \u00e4r tillg\u00e4nglig \u00e4ven utanf\u00f6r stadsk\u00e4rnan.<\/strong>&nbsp;I st\u00e4llet f\u00f6r att sk\u00e4ra ned b\u00f6r Stockholms kollektivtrafik byggas ut och bli mer attraktiv s\u00e5 att fler v\u00e4ljer att ta buss, t\u00e5g, b\u00e5t eller sp\u00e5rvagn. Just nu tvingas tusentals m\u00e4nniskor till fots eller bil f\u00f6r att busslinjer helt har skrotats och t\u00e5gen slutat att g\u00e5.&nbsp;<\/li>\n\n\n\n<li><strong>Rej\u00e4la, inbjudande och s\u00e4kra infartsparkeringar.<\/strong>&nbsp;M\u00e5nga beh\u00f6ver ta bilen till kollektivtrafiken och d\u00e5 m\u00e5ste det vara enkelt, tryggt och s\u00e4kert att g\u00f6ra det. H\u00e4r m\u00e5ste regionen ta ett eget ansvar att bygga infartsparkeringar.&nbsp;<\/li>\n\n\n\n<li><strong>Bygg klart Stockholms ringled genom en \u00f6stlig f\u00f6rbindelse.&nbsp;<\/strong>Trafiken b\u00f6r ledas runt staden i st\u00e4llet f\u00f6r rakt igenom. F\u00e5 storst\u00e4der saknar en ringled men Stockholm \u00e4r en av dem. Det skulle minska trafiken i innerstaden och m\u00f6jligg\u00f6ra smidigare resor i hela regionen.&nbsp;<\/li>\n\n\n\n<li><strong>Nej till milj\u00f6zoner, ja till mor\u00f6tter f\u00f6r fler elbilar.<\/strong>&nbsp;Kritiken mot inf\u00f6randet av den planerade milj\u00f6zonen i Stockholms stad har varit massiv fr\u00e5n s\u00e5v\u00e4l boende som bes\u00f6kande och f\u00f6retag. V\u00e4nsterstyret backade fr\u00e5n att inf\u00f6ra zonen i Gamla stan och b\u00f6r g\u00f6ra detsamma f\u00f6r den \u00e4nnu st\u00f6rre zonen planerad mitt i stan. Vi vill i st\u00e4llet underl\u00e4tta f\u00f6r m\u00e4nniskor att g\u00f6ra klimatsmarta val. Det \u00e4r skadliga utsl\u00e4pp som ska bek\u00e4mpas, inte enskilda fordonstyper.&nbsp;<\/li>\n<\/ul>\n\n\n\n<p>L\u00e4s hela <a href=\"https:\/\/www.expressen.se\/debatt\/stockholms-trafikkaos--ar-vansterstyrets-fel\/\">debattartikeln h\u00e4r<\/a> och dela g\u00e4rna!<\/p>\n","protected":false},"excerpt":{"rendered":"<p>En stad \u00e4r inte en stad utan liv och r\u00f6relse. Trots det inf\u00f6rs hinder p\u00e5 hinder i Stockholm, b\u00e5de f\u00f6r bilister och f\u00f6r kollektivtrafik. Socialdemokraterna, Milj\u00f6partiet och V\u00e4nsterpartiet h\u00e5ller p\u00e5 att skapa en stad anpassad endast f\u00f6r den som kan g\u00e5 eller cykla. Det \u00e4r inte en r\u00e4ttvis stad eller en stad anpassad efter de [&hellip;]<\/p>\n","protected":false},"author":57,"featured_media":0,"comment_status":"closed","ping_status":"closed","sticky":false,"template":"","format":"standard","meta":{"_acf_changed":false,"_relevanssi_hide_post":"","_relevanssi_hide_content":"","_relevanssi_pin_for_all":"","_relevanssi_pin_keywords":"","_relevanssi_unpin_keywords":"","_relevanssi_related_keywords":"","_relevanssi_related_include_ids":"","_relevanssi_related_exclude_ids":"","_relevanssi_related_no_append":"","_relevanssi_related_not_related":"","_relevanssi_related_posts":"2153,2166,2179,2986,3435,3061","_relevanssi_noindex_reason":"","footnotes":""},"categories":[1],"tags":[],"subject":[],"class_list":["post-3486","post","type-post","status-publish","format-standard","hentry","category-nyhet"],"acf":[],"yoast_head":"<!-- This site is optimized with the Yoast SEO Premium plugin v27.1 (Yoast SEO v27.1.1) - https:\/\/yoast.com\/product\/yoast-seo-premium-wordpress\/ -->\n<title>V\u00e5ra f\u00f6rslag f\u00f6r att l\u00f6sa trafikkaoset i Stockholm\u00a0 | Moderaterna i Stockholms stad och l\u00e4n<\/title>\n<meta name=\"robots\" content=\"index, follow, max-snippet:-1, max-image-preview:large, max-video-preview:-1\" \/>\n<link rel=\"canonical\" href=\"https:\/\/moderaterna.se\/stockholm\/nyhet\/vart-forslag-for-att-losa-trafikkaoset-i-stockholm\/\" \/>\n<meta property=\"og:locale\" content=\"sv_SE\" \/>\n<meta property=\"og:type\" content=\"article\" \/>\n<meta property=\"og:title\" content=\"V\u00e5ra f\u00f6rslag f\u00f6r att l\u00f6sa trafikkaoset i Stockholm\u00a0\" \/>\n<meta property=\"og:url\" content=\"https:\/\/moderaterna.se\/stockholm\/nyhet\/vart-forslag-for-att-losa-trafikkaoset-i-stockholm\/\" \/>\n<meta property=\"og:site_name\" content=\"Moderaterna i Stockholms stad och l\u00e4n\" \/>\n<meta property=\"article:publisher\" content=\"https:\/\/www.facebook.com\/ModeraternaSthlm\" \/>\n<meta property=\"article:published_time\" content=\"2024-02-25T19:55:47+00:00\" \/>\n<meta property=\"article:modified_time\" content=\"2024-02-25T20:02:17+00:00\" \/>\n<meta property=\"og:image\" content=\"https:\/\/moderaterna.se\/app\/uploads\/sites\/5\/2024\/02\/shutterstock_2296151421-scaled.jpg\" \/>\n\t<meta property=\"og:image:width\" content=\"2560\" \/>\n\t<meta property=\"og:image:height\" content=\"1708\" \/>\n\t<meta property=\"og:image:type\" content=\"image\/jpeg\" \/>\n<meta name=\"author\" content=\"Emilia \u00d6ije\" \/>\n<meta name=\"twitter:card\" content=\"summary_large_image\" \/>\n<meta name=\"twitter:creator\" content=\"@ModeratSthlm\" \/>\n<meta name=\"twitter:site\" content=\"@ModeratSthlm\" \/>\n<meta name=\"twitter:label1\" content=\"Skriven av\" \/>\n\t<meta name=\"twitter:data1\" content=\"Emilia \u00d6ije\" \/>\n\t<meta name=\"twitter:label2\" content=\"Ber\u00e4knad l\u00e4stid\" \/>\n\t<meta name=\"twitter:data2\" content=\"2 minuter\" \/>\n<script type=\"application\/ld+json\" class=\"yoast-schema-graph\">{\"@context\":\"https:\/\/schema.org\",\"@graph\":[{\"@type\":\"Article\",\"@id\":\"https:\/\/moderaterna.se\/stockholm\/nyhet\/vart-forslag-for-att-losa-trafikkaoset-i-stockholm\/#article\",\"isPartOf\":{\"@id\":\"https:\/\/moderaterna.se\/stockholm\/nyhet\/vart-forslag-for-att-losa-trafikkaoset-i-stockholm\/\"},\"author\":{\"name\":\"Emilia \u00d6ije\",\"@id\":\"https:\/\/moderaterna.se\/stockholm\/#\/schema\/person\/131c13b3e9baf0c3d99d695922825b80\"},\"headline\":\"V\u00e5ra f\u00f6rslag f\u00f6r att l\u00f6sa trafikkaoset i Stockholm\u00a0\",\"datePublished\":\"2024-02-25T19:55:47+00:00\",\"dateModified\":\"2024-02-25T20:02:17+00:00\",\"mainEntityOfPage\":{\"@id\":\"https:\/\/moderaterna.se\/stockholm\/nyhet\/vart-forslag-for-att-losa-trafikkaoset-i-stockholm\/\"},\"wordCount\":423,\"publisher\":{\"@id\":\"https:\/\/moderaterna.se\/stockholm\/#organization\"},\"articleSection\":[\"Nyhet\"],\"inLanguage\":\"sv-SE\"},{\"@type\":\"WebPage\",\"@id\":\"https:\/\/moderaterna.se\/stockholm\/nyhet\/vart-forslag-for-att-losa-trafikkaoset-i-stockholm\/\",\"url\":\"https:\/\/moderaterna.se\/stockholm\/nyhet\/vart-forslag-for-att-losa-trafikkaoset-i-stockholm\/\",\"name\":\"V\u00e5ra f\u00f6rslag f\u00f6r att l\u00f6sa trafikkaoset i Stockholm\u00a0 | Moderaterna i Stockholms stad och l\u00e4n\",\"isPartOf\":{\"@id\":\"https:\/\/moderaterna.se\/stockholm\/#website\"},\"datePublished\":\"2024-02-25T19:55:47+00:00\",\"dateModified\":\"2024-02-25T20:02:17+00:00\",\"breadcrumb\":{\"@id\":\"https:\/\/moderaterna.se\/stockholm\/nyhet\/vart-forslag-for-att-losa-trafikkaoset-i-stockholm\/#breadcrumb\"},\"inLanguage\":\"sv-SE\",\"potentialAction\":[{\"@type\":\"ReadAction\",\"target\":[\"https:\/\/moderaterna.se\/stockholm\/nyhet\/vart-forslag-for-att-losa-trafikkaoset-i-stockholm\/\"]}]},{\"@type\":\"BreadcrumbList\",\"@id\":\"https:\/\/moderaterna.se\/stockholm\/nyhet\/vart-forslag-for-att-losa-trafikkaoset-i-stockholm\/#breadcrumb\",\"itemListElement\":[{\"@type\":\"ListItem\",\"position\":1,\"name\":\"Hem\",\"item\":\"https:\/\/moderaterna.se\/stockholm\/\"},{\"@type\":\"ListItem\",\"position\":2,\"name\":\"V\u00e5ra f\u00f6rslag f\u00f6r att l\u00f6sa trafikkaoset i Stockholm\u00a0\"}]},{\"@type\":\"WebSite\",\"@id\":\"https:\/\/moderaterna.se\/stockholm\/#website\",\"url\":\"https:\/\/moderaterna.se\/stockholm\/\",\"name\":\"Moderaterna i Stockholms stad och l\u00e4n\",\"description\":\"Nu f\u00e5r vi ordning p\u00e5 Sverige\",\"publisher\":{\"@id\":\"https:\/\/moderaterna.se\/stockholm\/#organization\"},\"potentialAction\":[{\"@type\":\"SearchAction\",\"target\":{\"@type\":\"EntryPoint\",\"urlTemplate\":\"https:\/\/moderaterna.se\/stockholm\/?s={search_term_string}\"},\"query-input\":{\"@type\":\"PropertyValueSpecification\",\"valueRequired\":true,\"valueName\":\"search_term_string\"}}],\"inLanguage\":\"sv-SE\"},{\"@type\":\"Organization\",\"@id\":\"https:\/\/moderaterna.se\/stockholm\/#organization\",\"name\":\"Moderaterna\",\"url\":\"https:\/\/moderaterna.se\/stockholm\/\",\"logo\":{\"@type\":\"ImageObject\",\"inLanguage\":\"sv-SE\",\"@id\":\"https:\/\/moderaterna.se\/stockholm\/#\/schema\/logo\/image\/\",\"url\":\"https:\/\/moderaterna.se\/app\/uploads\/2021\/10\/logo-general@2x.png\",\"contentUrl\":\"https:\/\/moderaterna.se\/app\/uploads\/2021\/10\/logo-general@2x.png\",\"width\":122,\"height\":122,\"caption\":\"Moderaterna\"},\"image\":{\"@id\":\"https:\/\/moderaterna.se\/stockholm\/#\/schema\/logo\/image\/\"},\"sameAs\":[\"https:\/\/www.facebook.com\/ModeraternaSthlm\",\"https:\/\/x.com\/ModeratSthlm\",\"https:\/\/www.instagram.com\/moderatsthlm\/\",\"https:\/\/www.youtube.com\/user\/ModeraternaSthlm\"]},{\"@type\":\"Person\",\"@id\":\"https:\/\/moderaterna.se\/stockholm\/#\/schema\/person\/131c13b3e9baf0c3d99d695922825b80\",\"name\":\"Emilia \u00d6ije\",\"image\":{\"@type\":\"ImageObject\",\"inLanguage\":\"sv-SE\",\"@id\":\"https:\/\/moderaterna.se\/stockholm\/#\/schema\/person\/image\/\",\"url\":\"https:\/\/secure.gravatar.com\/avatar\/ee7b3b20a287882a43463d6e378177ed04c99ac9165cb4829a97ed6680a07caf?s=96&d=mm&r=g\",\"contentUrl\":\"https:\/\/secure.gravatar.com\/avatar\/ee7b3b20a287882a43463d6e378177ed04c99ac9165cb4829a97ed6680a07caf?s=96&d=mm&r=g\",\"caption\":\"Emilia \u00d6ije\"},\"url\":\"https:\/\/moderaterna.se\/stockholm\/author\/emiliaoije\/\"}]}<\/script>\n<!-- \/ Yoast SEO Premium plugin. -->","yoast_head_json":{"title":"V\u00e5ra f\u00f6rslag f\u00f6r att l\u00f6sa trafikkaoset i Stockholm\u00a0 | Moderaterna i Stockholms stad och l\u00e4n","robots":{"index":"index","follow":"follow","max-snippet":"max-snippet:-1","max-image-preview":"max-image-preview:large","max-video-preview":"max-video-preview:-1"},"canonical":"https:\/\/moderaterna.se\/stockholm\/nyhet\/vart-forslag-for-att-losa-trafikkaoset-i-stockholm\/","og_locale":"sv_SE","og_type":"article","og_title":"V\u00e5ra f\u00f6rslag f\u00f6r att l\u00f6sa trafikkaoset i Stockholm\u00a0","og_url":"https:\/\/moderaterna.se\/stockholm\/nyhet\/vart-forslag-for-att-losa-trafikkaoset-i-stockholm\/","og_site_name":"Moderaterna i Stockholms stad och l\u00e4n","article_publisher":"https:\/\/www.facebook.com\/ModeraternaSthlm","article_published_time":"2024-02-25T19:55:47+00:00","article_modified_time":"2024-02-25T20:02:17+00:00","og_image":[{"width":2560,"height":1708,"url":"https:\/\/moderaterna.se\/app\/uploads\/sites\/5\/2024\/02\/shutterstock_2296151421-scaled.jpg","type":"image\/jpeg"}],"author":"Emilia \u00d6ije","twitter_card":"summary_large_image","twitter_creator":"@ModeratSthlm","twitter_site":"@ModeratSthlm","twitter_misc":{"Skriven av":"Emilia \u00d6ije","Ber\u00e4knad l\u00e4stid":"2 minuter"},"schema":{"@context":"https:\/\/schema.org","@graph":[{"@type":"Article","@id":"https:\/\/moderaterna.se\/stockholm\/nyhet\/vart-forslag-for-att-losa-trafikkaoset-i-stockholm\/#article","isPartOf":{"@id":"https:\/\/moderaterna.se\/stockholm\/nyhet\/vart-forslag-for-att-losa-trafikkaoset-i-stockholm\/"},"author":{"name":"Emilia \u00d6ije","@id":"https:\/\/moderaterna.se\/stockholm\/#\/schema\/person\/131c13b3e9baf0c3d99d695922825b80"},"headline":"V\u00e5ra f\u00f6rslag f\u00f6r att l\u00f6sa trafikkaoset i Stockholm\u00a0","datePublished":"2024-02-25T19:55:47+00:00","dateModified":"2024-02-25T20:02:17+00:00","mainEntityOfPage":{"@id":"https:\/\/moderaterna.se\/stockholm\/nyhet\/vart-forslag-for-att-losa-trafikkaoset-i-stockholm\/"},"wordCount":423,"publisher":{"@id":"https:\/\/moderaterna.se\/stockholm\/#organization"},"articleSection":["Nyhet"],"inLanguage":"sv-SE"},{"@type":"WebPage","@id":"https:\/\/moderaterna.se\/stockholm\/nyhet\/vart-forslag-for-att-losa-trafikkaoset-i-stockholm\/","url":"https:\/\/moderaterna.se\/stockholm\/nyhet\/vart-forslag-for-att-losa-trafikkaoset-i-stockholm\/","name":"V\u00e5ra f\u00f6rslag f\u00f6r att l\u00f6sa trafikkaoset i Stockholm\u00a0 | Moderaterna i Stockholms stad och l\u00e4n","isPartOf":{"@id":"https:\/\/moderaterna.se\/stockholm\/#website"},"datePublished":"2024-02-25T19:55:47+00:00","dateModified":"2024-02-25T20:02:17+00:00","breadcrumb":{"@id":"https:\/\/moderaterna.se\/stockholm\/nyhet\/vart-forslag-for-att-losa-trafikkaoset-i-stockholm\/#breadcrumb"},"inLanguage":"sv-SE","potentialAction":[{"@type":"ReadAction","target":["https:\/\/moderaterna.se\/stockholm\/nyhet\/vart-forslag-for-att-losa-trafikkaoset-i-stockholm\/"]}]},{"@type":"BreadcrumbList","@id":"https:\/\/moderaterna.se\/stockholm\/nyhet\/vart-forslag-for-att-losa-trafikkaoset-i-stockholm\/#breadcrumb","itemListElement":[{"@type":"ListItem","position":1,"name":"Hem","item":"https:\/\/moderaterna.se\/stockholm\/"},{"@type":"ListItem","position":2,"name":"V\u00e5ra f\u00f6rslag f\u00f6r att l\u00f6sa trafikkaoset i Stockholm\u00a0"}]},{"@type":"WebSite","@id":"https:\/\/moderaterna.se\/stockholm\/#website","url":"https:\/\/moderaterna.se\/stockholm\/","name":"Moderaterna i Stockholms stad och l\u00e4n","description":"Nu f\u00e5r vi ordning p\u00e5 Sverige","publisher":{"@id":"https:\/\/moderaterna.se\/stockholm\/#organization"},"potentialAction":[{"@type":"SearchAction","target":{"@type":"EntryPoint","urlTemplate":"https:\/\/moderaterna.se\/stockholm\/?s={search_term_string}"},"query-input":{"@type":"PropertyValueSpecification","valueRequired":true,"valueName":"search_term_string"}}],"inLanguage":"sv-SE"},{"@type":"Organization","@id":"https:\/\/moderaterna.se\/stockholm\/#organization","name":"Moderaterna","url":"https:\/\/moderaterna.se\/stockholm\/","logo":{"@type":"ImageObject","inLanguage":"sv-SE","@id":"https:\/\/moderaterna.se\/stockholm\/#\/schema\/logo\/image\/","url":"https:\/\/moderaterna.se\/app\/uploads\/2021\/10\/logo-general@2x.png","contentUrl":"https:\/\/moderaterna.se\/app\/uploads\/2021\/10\/logo-general@2x.png","width":122,"height":122,"caption":"Moderaterna"},"image":{"@id":"https:\/\/moderaterna.se\/stockholm\/#\/schema\/logo\/image\/"},"sameAs":["https:\/\/www.facebook.com\/ModeraternaSthlm","https:\/\/x.com\/ModeratSthlm","https:\/\/www.instagram.com\/moderatsthlm\/","https:\/\/www.youtube.com\/user\/ModeraternaSthlm"]},{"@type":"Person","@id":"https:\/\/moderaterna.se\/stockholm\/#\/schema\/person\/131c13b3e9baf0c3d99d695922825b80","name":"Emilia \u00d6ije","image":{"@type":"ImageObject","inLanguage":"sv-SE","@id":"https:\/\/moderaterna.se\/stockholm\/#\/schema\/person\/image\/","url":"https:\/\/secure.gravatar.com\/avatar\/ee7b3b20a287882a43463d6e378177ed04c99ac9165cb4829a97ed6680a07caf?s=96&d=mm&r=g","contentUrl":"https:\/\/secure.gravatar.com\/avatar\/ee7b3b20a287882a43463d6e378177ed04c99ac9165cb4829a97ed6680a07caf?s=96&d=mm&r=g","caption":"Emilia \u00d6ije"},"url":"https:\/\/moderaterna.se\/stockholm\/author\/emiliaoije\/"}]}},"publishpress_future_action":{"enabled":false,"date":"2026-05-04 04:16:29","action":"change-status","newStatus":"draft","terms":[],"taxonomy":"category"},"_links":{"self":[{"href":"https:\/\/moderaterna.se\/stockholm\/wp-json\/wp\/v2\/posts\/3486","targetHints":{"allow":["GET"]}}],"collection":[{"href":"https:\/\/moderaterna.se\/stockholm\/wp-json\/wp\/v2\/posts"}],"about":[{"href":"https:\/\/moderaterna.se\/stockholm\/wp-json\/wp\/v2\/types\/post"}],"author":[{"embeddable":true,"href":"https:\/\/moderaterna.se\/stockholm\/wp-json\/wp\/v2\/users\/57"}],"replies":[{"embeddable":true,"href":"https:\/\/moderaterna.se\/stockholm\/wp-json\/wp\/v2\/comments?post=3486"}],"version-history":[{"count":3,"href":"https:\/\/moderaterna.se\/stockholm\/wp-json\/wp\/v2\/posts\/3486\/revisions"}],"predecessor-version":[{"id":3493,"href":"https:\/\/moderaterna.se\/stockholm\/wp-json\/wp\/v2\/posts\/3486\/revisions\/3493"}],"wp:attachment":[{"href":"https:\/\/moderaterna.se\/stockholm\/wp-json\/wp\/v2\/media?parent=3486"}],"wp:term":[{"taxonomy":"category","embeddable":true,"href":"https:\/\/moderaterna.se\/stockholm\/wp-json\/wp\/v2\/categories?post=3486"},{"taxonomy":"post_tag","embeddable":true,"href":"https:\/\/moderaterna.se\/stockholm\/wp-json\/wp\/v2\/tags?post=3486"},{"taxonomy":"subject","embeddable":true,"href":"https:\/\/moderaterna.se\/stockholm\/wp-json\/wp\/v2\/subject?post=3486"}],"curies":[{"name":"wp","href":"https:\/\/api.w.org\/{rel}","templated":true}]}}