{"id":3435,"date":"2024-02-01T09:22:26","date_gmt":"2024-02-01T08:22:26","guid":{"rendered":"https:\/\/moderaterna.se\/stockholm\/?p=3435"},"modified":"2024-02-01T12:27:37","modified_gmt":"2024-02-01T11:27:37","slug":"det-ska-ga-att-bo-och-leva-i-stockholms-innerstad-aven-med-bil","status":"publish","type":"post","link":"https:\/\/moderaterna.se\/stockholm\/nyhet\/det-ska-ga-att-bo-och-leva-i-stockholms-innerstad-aven-med-bil\/","title":{"rendered":"Det ska g\u00e5 att bo och leva i Stockholms innerstad, \u00e4ven med bil!"},"content":{"rendered":"\n<p><\/p>\n\n\n\n<p>Fr\u00e5n den 1 februari 2024 h\u00f6js boendeparkeringen i Stockholms innerstad med 500 kr per m\u00e5nad <br>d.v.s. 6000 kr per \u00e5r. Det \u00e4r en n\u00e4stan 50 procentig avgiftsh\u00f6jning och drabbar m\u00e5nga som beh\u00f6ver bilen till jobb, fritid och f\u00f6retagande. V\u00e4nsterstyret i Stockholm i form av <strong>Socialdemokraterna<\/strong>, <strong>V\u00e4nsterpartiet<\/strong> och <strong>Milj\u00f6partiet<\/strong> har best\u00e4mt sig f\u00f6r att g\u00f6ra det sv\u00e5rare f\u00f6r bil\u00e4gare i Stockholm genom att:<\/p>\n\n\n\n<ul class=\"wp-block-list\">\n<li><strong>H\u00f6ja kostnaden f\u00f6r boendeparkering med 500 kr i m\u00e5naden.<\/strong><\/li>\n\n\n\n<li><strong>Ta bort ca 600 parkeringsplatser per \u00e5r runtom i staden.<\/strong><\/li>\n\n\n\n<li><strong>Inf\u00f6ra milj\u00f6zon 3 i en stor del av innerstaden, trots kritik fr\u00e5n boende och n\u00e4ringsliv och utan konsekvensanalys.<\/strong><\/li>\n<\/ul>\n\n\n\n<p>Stockholms trafikpolitik borde handla om att l\u00f6sa problem, inte skapa nya. Detta leder i verkligheten bara till \u00f6kade bilk\u00f6er, n\u00e4r m\u00e4nniskor m\u00e5ste \u00e5ka runt mer \u00e4n idag f\u00f6r att hitta parkeringsplats.<br><br>Moderaterna vill ist\u00e4llet skapa fler platseffektiva parkeringsm\u00f6jligheter, bygga nya garage och skapa b\u00e4ttre incitament f\u00f6r fler elbilar.<br><br>H\u00e5ller du med?<\/p>\n","protected":false},"excerpt":{"rendered":"<p>Fr\u00e5n den 1 februari 2024 h\u00f6js boendeparkeringen i Stockholms innerstad med 500 kr per m\u00e5nad d.v.s. 6000 kr per \u00e5r. Det \u00e4r en n\u00e4stan 50 procentig avgiftsh\u00f6jning och drabbar m\u00e5nga som beh\u00f6ver bilen till jobb, fritid och f\u00f6retagande. V\u00e4nsterstyret i Stockholm i form av Socialdemokraterna, V\u00e4nsterpartiet och Milj\u00f6partiet har best\u00e4mt sig f\u00f6r att g\u00f6ra det [&hellip;]<\/p>\n","protected":false},"author":55,"featured_media":0,"comment_status":"closed","ping_status":"closed","sticky":false,"template":"","format":"standard","meta":{"_acf_changed":false,"_relevanssi_hide_post":"","_relevanssi_hide_content":"","_relevanssi_pin_for_all":"","_relevanssi_pin_keywords":"","_relevanssi_unpin_keywords":"","_relevanssi_related_keywords":"","_relevanssi_related_include_ids":"","_relevanssi_related_exclude_ids":"","_relevanssi_related_no_append":"","_relevanssi_related_not_related":"","_relevanssi_related_posts":"2024,953,2174,951,2802,949","_relevanssi_noindex_reason":"","footnotes":""},"categories":[1],"tags":[],"subject":[],"class_list":["post-3435","post","type-post","status-publish","format-standard","hentry","category-nyhet"],"acf":[],"yoast_head":"<!-- This site is optimized with the Yoast SEO Premium plugin v27.1 (Yoast SEO v27.1.1) - https:\/\/yoast.com\/product\/yoast-seo-premium-wordpress\/ -->\n<title>Det ska g\u00e5 att bo och leva i Stockholms innerstad, \u00e4ven med bil! | Moderaterna i Stockholms stad och l\u00e4n<\/title>\n<meta name=\"robots\" content=\"index, follow, max-snippet:-1, max-image-preview:large, max-video-preview:-1\" \/>\n<link rel=\"canonical\" href=\"https:\/\/moderaterna.se\/stockholm\/nyhet\/det-ska-ga-att-bo-och-leva-i-stockholms-innerstad-aven-med-bil\/\" \/>\n<meta property=\"og:locale\" content=\"sv_SE\" \/>\n<meta property=\"og:type\" content=\"article\" \/>\n<meta property=\"og:title\" content=\"Det ska g\u00e5 att bo och leva i Stockholms innerstad, \u00e4ven med bil!\" \/>\n<meta property=\"og:url\" content=\"https:\/\/moderaterna.se\/stockholm\/nyhet\/det-ska-ga-att-bo-och-leva-i-stockholms-innerstad-aven-med-bil\/\" \/>\n<meta property=\"og:site_name\" content=\"Moderaterna i Stockholms stad och l\u00e4n\" \/>\n<meta property=\"article:publisher\" content=\"https:\/\/www.facebook.com\/ModeraternaSthlm\" \/>\n<meta property=\"article:published_time\" content=\"2024-02-01T08:22:26+00:00\" \/>\n<meta property=\"article:modified_time\" content=\"2024-02-01T11:27:37+00:00\" \/>\n<meta property=\"og:image\" content=\"https:\/\/moderaterna.se\/app\/uploads\/sites\/5\/2022\/01\/DELNINGSBILD_hemsida_fo\u0308rstasida.png\" \/>\n\t<meta property=\"og:image:width\" content=\"1200\" \/>\n\t<meta property=\"og:image:height\" content=\"628\" \/>\n\t<meta property=\"og:image:type\" content=\"image\/png\" \/>\n<meta name=\"author\" content=\"Veronica Nordstr\u00f6m\" \/>\n<meta name=\"twitter:card\" content=\"summary_large_image\" \/>\n<meta name=\"twitter:creator\" content=\"@ModeratSthlm\" \/>\n<meta name=\"twitter:site\" content=\"@ModeratSthlm\" \/>\n<meta name=\"twitter:label1\" content=\"Skriven av\" \/>\n\t<meta name=\"twitter:data1\" content=\"Veronica Nordstr\u00f6m\" \/>\n\t<meta name=\"twitter:label2\" content=\"Ber\u00e4knad l\u00e4stid\" \/>\n\t<meta name=\"twitter:data2\" content=\"1 minut\" \/>\n<script type=\"application\/ld+json\" class=\"yoast-schema-graph\">{\"@context\":\"https:\/\/schema.org\",\"@graph\":[{\"@type\":\"Article\",\"@id\":\"https:\/\/moderaterna.se\/stockholm\/nyhet\/det-ska-ga-att-bo-och-leva-i-stockholms-innerstad-aven-med-bil\/#article\",\"isPartOf\":{\"@id\":\"https:\/\/moderaterna.se\/stockholm\/nyhet\/det-ska-ga-att-bo-och-leva-i-stockholms-innerstad-aven-med-bil\/\"},\"author\":{\"name\":\"Veronica Nordstr\u00f6m\",\"@id\":\"https:\/\/moderaterna.se\/stockholm\/#\/schema\/person\/1790a6c815cef6251a1f13d3fd5254bd\"},\"headline\":\"Det ska g\u00e5 att bo och leva i Stockholms innerstad, \u00e4ven med bil!\",\"datePublished\":\"2024-02-01T08:22:26+00:00\",\"dateModified\":\"2024-02-01T11:27:37+00:00\",\"mainEntityOfPage\":{\"@id\":\"https:\/\/moderaterna.se\/stockholm\/nyhet\/det-ska-ga-att-bo-och-leva-i-stockholms-innerstad-aven-med-bil\/\"},\"wordCount\":192,\"publisher\":{\"@id\":\"https:\/\/moderaterna.se\/stockholm\/#organization\"},\"articleSection\":[\"Nyhet\"],\"inLanguage\":\"sv-SE\"},{\"@type\":\"WebPage\",\"@id\":\"https:\/\/moderaterna.se\/stockholm\/nyhet\/det-ska-ga-att-bo-och-leva-i-stockholms-innerstad-aven-med-bil\/\",\"url\":\"https:\/\/moderaterna.se\/stockholm\/nyhet\/det-ska-ga-att-bo-och-leva-i-stockholms-innerstad-aven-med-bil\/\",\"name\":\"Det ska g\u00e5 att bo och leva i Stockholms innerstad, \u00e4ven med bil! | Moderaterna i Stockholms stad och l\u00e4n\",\"isPartOf\":{\"@id\":\"https:\/\/moderaterna.se\/stockholm\/#website\"},\"datePublished\":\"2024-02-01T08:22:26+00:00\",\"dateModified\":\"2024-02-01T11:27:37+00:00\",\"breadcrumb\":{\"@id\":\"https:\/\/moderaterna.se\/stockholm\/nyhet\/det-ska-ga-att-bo-och-leva-i-stockholms-innerstad-aven-med-bil\/#breadcrumb\"},\"inLanguage\":\"sv-SE\",\"potentialAction\":[{\"@type\":\"ReadAction\",\"target\":[\"https:\/\/moderaterna.se\/stockholm\/nyhet\/det-ska-ga-att-bo-och-leva-i-stockholms-innerstad-aven-med-bil\/\"]}]},{\"@type\":\"BreadcrumbList\",\"@id\":\"https:\/\/moderaterna.se\/stockholm\/nyhet\/det-ska-ga-att-bo-och-leva-i-stockholms-innerstad-aven-med-bil\/#breadcrumb\",\"itemListElement\":[{\"@type\":\"ListItem\",\"position\":1,\"name\":\"Hem\",\"item\":\"https:\/\/moderaterna.se\/stockholm\/\"},{\"@type\":\"ListItem\",\"position\":2,\"name\":\"Det ska g\u00e5 att bo och leva i Stockholms innerstad, \u00e4ven med bil!\"}]},{\"@type\":\"WebSite\",\"@id\":\"https:\/\/moderaterna.se\/stockholm\/#website\",\"url\":\"https:\/\/moderaterna.se\/stockholm\/\",\"name\":\"Moderaterna i Stockholms stad och l\u00e4n\",\"description\":\"Nu f\u00e5r vi ordning p\u00e5 Sverige\",\"publisher\":{\"@id\":\"https:\/\/moderaterna.se\/stockholm\/#organization\"},\"potentialAction\":[{\"@type\":\"SearchAction\",\"target\":{\"@type\":\"EntryPoint\",\"urlTemplate\":\"https:\/\/moderaterna.se\/stockholm\/?s={search_term_string}\"},\"query-input\":{\"@type\":\"PropertyValueSpecification\",\"valueRequired\":true,\"valueName\":\"search_term_string\"}}],\"inLanguage\":\"sv-SE\"},{\"@type\":\"Organization\",\"@id\":\"https:\/\/moderaterna.se\/stockholm\/#organization\",\"name\":\"Moderaterna\",\"url\":\"https:\/\/moderaterna.se\/stockholm\/\",\"logo\":{\"@type\":\"ImageObject\",\"inLanguage\":\"sv-SE\",\"@id\":\"https:\/\/moderaterna.se\/stockholm\/#\/schema\/logo\/image\/\",\"url\":\"https:\/\/moderaterna.se\/app\/uploads\/2021\/10\/logo-general@2x.png\",\"contentUrl\":\"https:\/\/moderaterna.se\/app\/uploads\/2021\/10\/logo-general@2x.png\",\"width\":122,\"height\":122,\"caption\":\"Moderaterna\"},\"image\":{\"@id\":\"https:\/\/moderaterna.se\/stockholm\/#\/schema\/logo\/image\/\"},\"sameAs\":[\"https:\/\/www.facebook.com\/ModeraternaSthlm\",\"https:\/\/x.com\/ModeratSthlm\",\"https:\/\/www.instagram.com\/moderatsthlm\/\",\"https:\/\/www.youtube.com\/user\/ModeraternaSthlm\"]},{\"@type\":\"Person\",\"@id\":\"https:\/\/moderaterna.se\/stockholm\/#\/schema\/person\/1790a6c815cef6251a1f13d3fd5254bd\",\"name\":\"Veronica Nordstr\u00f6m\",\"image\":{\"@type\":\"ImageObject\",\"inLanguage\":\"sv-SE\",\"@id\":\"https:\/\/moderaterna.se\/stockholm\/#\/schema\/person\/image\/\",\"url\":\"https:\/\/secure.gravatar.com\/avatar\/cdb9d339dbafa52c812526e3f75df35bab1725c8375eaa3e17b27f2a40e8b094?s=96&d=mm&r=g\",\"contentUrl\":\"https:\/\/secure.gravatar.com\/avatar\/cdb9d339dbafa52c812526e3f75df35bab1725c8375eaa3e17b27f2a40e8b094?s=96&d=mm&r=g\",\"caption\":\"Veronica Nordstr\u00f6m\"},\"url\":\"https:\/\/moderaterna.se\/stockholm\/author\/veronicanordstrom\/\"}]}<\/script>\n<!-- \/ Yoast SEO Premium plugin. -->","yoast_head_json":{"title":"Det ska g\u00e5 att bo och leva i Stockholms innerstad, \u00e4ven med bil! | Moderaterna i Stockholms stad och l\u00e4n","robots":{"index":"index","follow":"follow","max-snippet":"max-snippet:-1","max-image-preview":"max-image-preview:large","max-video-preview":"max-video-preview:-1"},"canonical":"https:\/\/moderaterna.se\/stockholm\/nyhet\/det-ska-ga-att-bo-och-leva-i-stockholms-innerstad-aven-med-bil\/","og_locale":"sv_SE","og_type":"article","og_title":"Det ska g\u00e5 att bo och leva i Stockholms innerstad, \u00e4ven med bil!","og_url":"https:\/\/moderaterna.se\/stockholm\/nyhet\/det-ska-ga-att-bo-och-leva-i-stockholms-innerstad-aven-med-bil\/","og_site_name":"Moderaterna i Stockholms stad och l\u00e4n","article_publisher":"https:\/\/www.facebook.com\/ModeraternaSthlm","article_published_time":"2024-02-01T08:22:26+00:00","article_modified_time":"2024-02-01T11:27:37+00:00","og_image":[{"width":1200,"height":628,"url":"https:\/\/moderaterna.se\/app\/uploads\/sites\/5\/2022\/01\/DELNINGSBILD_hemsida_fo\u0308rstasida.png","type":"image\/png"}],"author":"Veronica Nordstr\u00f6m","twitter_card":"summary_large_image","twitter_creator":"@ModeratSthlm","twitter_site":"@ModeratSthlm","twitter_misc":{"Skriven av":"Veronica Nordstr\u00f6m","Ber\u00e4knad l\u00e4stid":"1 minut"},"schema":{"@context":"https:\/\/schema.org","@graph":[{"@type":"Article","@id":"https:\/\/moderaterna.se\/stockholm\/nyhet\/det-ska-ga-att-bo-och-leva-i-stockholms-innerstad-aven-med-bil\/#article","isPartOf":{"@id":"https:\/\/moderaterna.se\/stockholm\/nyhet\/det-ska-ga-att-bo-och-leva-i-stockholms-innerstad-aven-med-bil\/"},"author":{"name":"Veronica Nordstr\u00f6m","@id":"https:\/\/moderaterna.se\/stockholm\/#\/schema\/person\/1790a6c815cef6251a1f13d3fd5254bd"},"headline":"Det ska g\u00e5 att bo och leva i Stockholms innerstad, \u00e4ven med bil!","datePublished":"2024-02-01T08:22:26+00:00","dateModified":"2024-02-01T11:27:37+00:00","mainEntityOfPage":{"@id":"https:\/\/moderaterna.se\/stockholm\/nyhet\/det-ska-ga-att-bo-och-leva-i-stockholms-innerstad-aven-med-bil\/"},"wordCount":192,"publisher":{"@id":"https:\/\/moderaterna.se\/stockholm\/#organization"},"articleSection":["Nyhet"],"inLanguage":"sv-SE"},{"@type":"WebPage","@id":"https:\/\/moderaterna.se\/stockholm\/nyhet\/det-ska-ga-att-bo-och-leva-i-stockholms-innerstad-aven-med-bil\/","url":"https:\/\/moderaterna.se\/stockholm\/nyhet\/det-ska-ga-att-bo-och-leva-i-stockholms-innerstad-aven-med-bil\/","name":"Det ska g\u00e5 att bo och leva i Stockholms innerstad, \u00e4ven med bil! | Moderaterna i Stockholms stad och l\u00e4n","isPartOf":{"@id":"https:\/\/moderaterna.se\/stockholm\/#website"},"datePublished":"2024-02-01T08:22:26+00:00","dateModified":"2024-02-01T11:27:37+00:00","breadcrumb":{"@id":"https:\/\/moderaterna.se\/stockholm\/nyhet\/det-ska-ga-att-bo-och-leva-i-stockholms-innerstad-aven-med-bil\/#breadcrumb"},"inLanguage":"sv-SE","potentialAction":[{"@type":"ReadAction","target":["https:\/\/moderaterna.se\/stockholm\/nyhet\/det-ska-ga-att-bo-och-leva-i-stockholms-innerstad-aven-med-bil\/"]}]},{"@type":"BreadcrumbList","@id":"https:\/\/moderaterna.se\/stockholm\/nyhet\/det-ska-ga-att-bo-och-leva-i-stockholms-innerstad-aven-med-bil\/#breadcrumb","itemListElement":[{"@type":"ListItem","position":1,"name":"Hem","item":"https:\/\/moderaterna.se\/stockholm\/"},{"@type":"ListItem","position":2,"name":"Det ska g\u00e5 att bo och leva i Stockholms innerstad, \u00e4ven med bil!"}]},{"@type":"WebSite","@id":"https:\/\/moderaterna.se\/stockholm\/#website","url":"https:\/\/moderaterna.se\/stockholm\/","name":"Moderaterna i Stockholms stad och l\u00e4n","description":"Nu f\u00e5r vi ordning p\u00e5 Sverige","publisher":{"@id":"https:\/\/moderaterna.se\/stockholm\/#organization"},"potentialAction":[{"@type":"SearchAction","target":{"@type":"EntryPoint","urlTemplate":"https:\/\/moderaterna.se\/stockholm\/?s={search_term_string}"},"query-input":{"@type":"PropertyValueSpecification","valueRequired":true,"valueName":"search_term_string"}}],"inLanguage":"sv-SE"},{"@type":"Organization","@id":"https:\/\/moderaterna.se\/stockholm\/#organization","name":"Moderaterna","url":"https:\/\/moderaterna.se\/stockholm\/","logo":{"@type":"ImageObject","inLanguage":"sv-SE","@id":"https:\/\/moderaterna.se\/stockholm\/#\/schema\/logo\/image\/","url":"https:\/\/moderaterna.se\/app\/uploads\/2021\/10\/logo-general@2x.png","contentUrl":"https:\/\/moderaterna.se\/app\/uploads\/2021\/10\/logo-general@2x.png","width":122,"height":122,"caption":"Moderaterna"},"image":{"@id":"https:\/\/moderaterna.se\/stockholm\/#\/schema\/logo\/image\/"},"sameAs":["https:\/\/www.facebook.com\/ModeraternaSthlm","https:\/\/x.com\/ModeratSthlm","https:\/\/www.instagram.com\/moderatsthlm\/","https:\/\/www.youtube.com\/user\/ModeraternaSthlm"]},{"@type":"Person","@id":"https:\/\/moderaterna.se\/stockholm\/#\/schema\/person\/1790a6c815cef6251a1f13d3fd5254bd","name":"Veronica Nordstr\u00f6m","image":{"@type":"ImageObject","inLanguage":"sv-SE","@id":"https:\/\/moderaterna.se\/stockholm\/#\/schema\/person\/image\/","url":"https:\/\/secure.gravatar.com\/avatar\/cdb9d339dbafa52c812526e3f75df35bab1725c8375eaa3e17b27f2a40e8b094?s=96&d=mm&r=g","contentUrl":"https:\/\/secure.gravatar.com\/avatar\/cdb9d339dbafa52c812526e3f75df35bab1725c8375eaa3e17b27f2a40e8b094?s=96&d=mm&r=g","caption":"Veronica Nordstr\u00f6m"},"url":"https:\/\/moderaterna.se\/stockholm\/author\/veronicanordstrom\/"}]}},"publishpress_future_action":{"enabled":false,"date":"2026-05-04 05:30:21","action":"change-status","newStatus":"draft","terms":[],"taxonomy":"category"},"_links":{"self":[{"href":"https:\/\/moderaterna.se\/stockholm\/wp-json\/wp\/v2\/posts\/3435","targetHints":{"allow":["GET"]}}],"collection":[{"href":"https:\/\/moderaterna.se\/stockholm\/wp-json\/wp\/v2\/posts"}],"about":[{"href":"https:\/\/moderaterna.se\/stockholm\/wp-json\/wp\/v2\/types\/post"}],"author":[{"embeddable":true,"href":"https:\/\/moderaterna.se\/stockholm\/wp-json\/wp\/v2\/users\/55"}],"replies":[{"embeddable":true,"href":"https:\/\/moderaterna.se\/stockholm\/wp-json\/wp\/v2\/comments?post=3435"}],"version-history":[{"count":11,"href":"https:\/\/moderaterna.se\/stockholm\/wp-json\/wp\/v2\/posts\/3435\/revisions"}],"predecessor-version":[{"id":3453,"href":"https:\/\/moderaterna.se\/stockholm\/wp-json\/wp\/v2\/posts\/3435\/revisions\/3453"}],"wp:attachment":[{"href":"https:\/\/moderaterna.se\/stockholm\/wp-json\/wp\/v2\/media?parent=3435"}],"wp:term":[{"taxonomy":"category","embeddable":true,"href":"https:\/\/moderaterna.se\/stockholm\/wp-json\/wp\/v2\/categories?post=3435"},{"taxonomy":"post_tag","embeddable":true,"href":"https:\/\/moderaterna.se\/stockholm\/wp-json\/wp\/v2\/tags?post=3435"},{"taxonomy":"subject","embeddable":true,"href":"https:\/\/moderaterna.se\/stockholm\/wp-json\/wp\/v2\/subject?post=3435"}],"curies":[{"name":"wp","href":"https:\/\/api.w.org\/{rel}","templated":true}]}}