{"id":3175,"date":"2023-11-17T11:47:58","date_gmt":"2023-11-17T10:47:58","guid":{"rendered":"https:\/\/moderaterna.se\/stockholm\/?p=3175"},"modified":"2023-12-21T11:42:07","modified_gmt":"2023-12-21T10:42:07","slug":"socialdemokraterna-forsamrar-kollektivtrafiken-men-hojer-bade-skatten-och-sl-kortet","status":"publish","type":"post","link":"https:\/\/moderaterna.se\/stockholm\/artikel\/socialdemokraterna-forsamrar-kollektivtrafiken-men-hojer-bade-skatten-och-sl-kortet\/","title":{"rendered":"Socialdemokraterna f\u00f6rs\u00e4mrar kollektivtrafiken \u2013 men h\u00f6jer b\u00e5de skatten och SL-kortet"},"content":{"rendered":"\n<p>Trots att den socialdemokratiskt ledda v\u00e4nsterkoallitionen i Region Stockholm h\u00f6jer skatten v\u00e4ljer de att l\u00e4gga ned 18 busslinjer fr\u00e5n den 11 december 2023.<\/p>\n\n\n\n<p>Detta f\u00e5r f\u00f6r\u00f6dande konsekvenser f\u00f6r tusentals m\u00e4nniskor i Stockholms l\u00e4n som nu f\u00e5r l\u00e4ngre resv\u00e4gar, beh\u00f6ver byta till bil eller till och med beh\u00f6ver byta jobb f\u00f6r att f\u00e5 vardagen att g\u00e5 ihop.<\/p>\n\n\n\n<p>F\u00f6rutom nedlagd kollektivtrafik h\u00f6js ocks\u00e5 b\u00e5de SL-kortet och skatten, s\u00e5 resultatet \u00e4r kraftigt f\u00f6rs\u00e4mrad eller helt nedlagd kollektivtrafik till ett h\u00f6gre pris.<\/p>\n\n\n\n<p><strong>Busslinjer som l\u00e4ggs ner from 11 december \u00e4r:<\/strong><\/p>\n\n\n\n<p>151 Norsborg \u2013 Fridhemsplan<\/p>\n\n\n\n<p>153 Frdhemsplan \u2013 Bred\u00e4ng<\/p>\n\n\n\n<p>168 \u00d6stbergah\u00f6jden &#8211; Gullmarsplan<\/p>\n\n\n\n<p>221 Ropsten \u2013 H\u00f6gs\u00e4tra<\/p>\n\n\n\n<p>452 N\u00e4md\u00f6stigen \u2013 Nacka gymnasium<\/p>\n\n\n\n<p>453 Sandholmsv\u00e4gen \u2013 Nacka gymnasium<\/p>\n\n\n\n<p>454 Boov\u00e4gen \u2013 Nacka gymnasium<\/p>\n\n\n\n<p>484 Sickla Udde \u2013 M\u00f6lnvik<\/p>\n\n\n\n<p>554 R\u00e5by \u2013 Kista centrum<\/p>\n\n\n\n<p>145 \u00c4lvsj\u00f6 station \u2013 Liljeholmen<\/p>\n\n\n\n<p>561 Karolinska sjukhuset Norra \u2013 Jakobsbergs Station<\/p>\n\n\n\n<p>618 N\u00e4sbypark \u2013 Danderyds sjukhus<\/p>\n\n\n\n<p>743 Sk\u00e4cklinge \u2013 Fridhemsplan<\/p>\n\n\n\n<p>745 Uttran \u2013 Fridhemsplan<\/p>\n\n\n\n<p>602x S\u00e4tra \u00e4ng \u2013 Danderyds gymnasium<\/p>\n\n\n\n<p>722 Tullinge Station \u2013 Almv\u00e4gen<\/p>\n\n\n\n<p>350 Fittja \u2013 Eker\u00f6 Centrum<\/p>\n\n\n\n<p>403 \u00d6sterv\u00e4gen \u2013 Slussen<\/p>\n\n\n\n<p>Skatteh\u00f6jningarna i Region Stockholm och i Stockholms stad inneb\u00e4r dessutom en extra kostnad p\u00e5 14&nbsp;000 kr per \u00e5r f\u00f6r en genomsnittlig barnfamilj i Stockholm.<\/p>\n\n\n\n<p>Vall\u00f6ften om l\u00e4gre SL-taxa och ut\u00f6kad kollektivtrafik blev nedlagda bussar och f\u00f6rs\u00e4mrad turt\u00e4thet till ett h\u00f6gre pris. Moderaterna s\u00e4ger nej till skatteh\u00f6jning och nej till nedlagda bussar och f\u00f6rs\u00e4mrad t\u00e5gtrafik. I st\u00e4llet \u00e4r v\u00e5rt f\u00f6rslag att satsa 800 miljoner kronor f\u00f6r att r\u00e4dda busslinjerna och uppr\u00e4tth\u00e5lla turt\u00e4theten. Vi vill anv\u00e4nda v\u00e5ra sparade reserver f\u00f6r att slippa skatteh\u00f6jningar som drabbar stockholmarna h\u00e5rt i tider av redan h\u00f6ga kostnader f\u00f6r boende, mat, el och br\u00e4nsle.<\/p>\n","protected":false},"excerpt":{"rendered":"<p>Trots att den socialdemokratiskt ledda v\u00e4nsterkoallitionen i Region Stockholm h\u00f6jer skatten v\u00e4ljer de att l\u00e4gga ned 18 busslinjer fr\u00e5n den 11 december 2023. Detta f\u00e5r f\u00f6r\u00f6dande konsekvenser f\u00f6r tusentals m\u00e4nniskor i Stockholms l\u00e4n som nu f\u00e5r l\u00e4ngre resv\u00e4gar, beh\u00f6ver byta till bil eller till och med beh\u00f6ver byta jobb f\u00f6r att f\u00e5 vardagen att g\u00e5 [&hellip;]<\/p>\n","protected":false},"author":55,"featured_media":0,"comment_status":"closed","ping_status":"closed","sticky":false,"template":"","format":"standard","meta":{"_acf_changed":false,"_relevanssi_hide_post":"","_relevanssi_hide_content":"","_relevanssi_pin_for_all":"","_relevanssi_pin_keywords":"","_relevanssi_unpin_keywords":"","_relevanssi_related_keywords":"","_relevanssi_related_include_ids":"","_relevanssi_related_exclude_ids":"","_relevanssi_related_no_append":"","_relevanssi_related_not_related":"","_relevanssi_related_posts":"969,977,2119,2657,2478,985","_relevanssi_noindex_reason":"","footnotes":""},"categories":[87,1],"tags":[],"subject":[],"class_list":["post-3175","post","type-post","status-publish","format-standard","hentry","category-artikel","category-nyhet"],"acf":[],"yoast_head":"<!-- This site is optimized with the Yoast SEO Premium plugin v27.1 (Yoast SEO v27.1.1) - https:\/\/yoast.com\/product\/yoast-seo-premium-wordpress\/ -->\n<title>Socialdemokraterna f\u00f6rs\u00e4mrar kollektivtrafiken \u2013 men h\u00f6jer b\u00e5de skatten och SL-kortet | Moderaterna i Stockholms stad och l\u00e4n<\/title>\n<meta name=\"robots\" content=\"index, follow, max-snippet:-1, max-image-preview:large, max-video-preview:-1\" \/>\n<link rel=\"canonical\" href=\"https:\/\/moderaterna.se\/stockholm\/artikel\/socialdemokraterna-forsamrar-kollektivtrafiken-men-hojer-bade-skatten-och-sl-kortet\/\" \/>\n<meta property=\"og:locale\" content=\"sv_SE\" \/>\n<meta property=\"og:type\" content=\"article\" \/>\n<meta property=\"og:title\" content=\"Socialdemokraterna f\u00f6rs\u00e4mrar kollektivtrafiken \u2013 men h\u00f6jer b\u00e5de skatten och SL-kortet\" \/>\n<meta property=\"og:url\" content=\"https:\/\/moderaterna.se\/stockholm\/artikel\/socialdemokraterna-forsamrar-kollektivtrafiken-men-hojer-bade-skatten-och-sl-kortet\/\" \/>\n<meta property=\"og:site_name\" content=\"Moderaterna i Stockholms stad och l\u00e4n\" \/>\n<meta property=\"article:publisher\" content=\"https:\/\/www.facebook.com\/ModeraternaSthlm\" \/>\n<meta property=\"article:published_time\" content=\"2023-11-17T10:47:58+00:00\" \/>\n<meta property=\"article:modified_time\" content=\"2023-12-21T10:42:07+00:00\" \/>\n<meta property=\"og:image\" content=\"https:\/\/moderaterna.se\/app\/uploads\/sites\/5\/2022\/01\/DELNINGSBILD_hemsida_fo\u0308rstasida.png\" \/>\n\t<meta property=\"og:image:width\" content=\"1200\" \/>\n\t<meta property=\"og:image:height\" content=\"628\" \/>\n\t<meta property=\"og:image:type\" content=\"image\/png\" \/>\n<meta name=\"author\" content=\"Veronica Nordstr\u00f6m\" \/>\n<meta name=\"twitter:card\" content=\"summary_large_image\" \/>\n<meta name=\"twitter:creator\" content=\"@ModeratSthlm\" \/>\n<meta name=\"twitter:site\" content=\"@ModeratSthlm\" \/>\n<meta name=\"twitter:label1\" content=\"Skriven av\" \/>\n\t<meta name=\"twitter:data1\" content=\"Veronica Nordstr\u00f6m\" \/>\n\t<meta name=\"twitter:label2\" content=\"Ber\u00e4knad l\u00e4stid\" \/>\n\t<meta name=\"twitter:data2\" content=\"2 minuter\" \/>\n<script type=\"application\/ld+json\" class=\"yoast-schema-graph\">{\"@context\":\"https:\/\/schema.org\",\"@graph\":[{\"@type\":\"Article\",\"@id\":\"https:\/\/moderaterna.se\/stockholm\/artikel\/socialdemokraterna-forsamrar-kollektivtrafiken-men-hojer-bade-skatten-och-sl-kortet\/#article\",\"isPartOf\":{\"@id\":\"https:\/\/moderaterna.se\/stockholm\/artikel\/socialdemokraterna-forsamrar-kollektivtrafiken-men-hojer-bade-skatten-och-sl-kortet\/\"},\"author\":{\"name\":\"Veronica Nordstr\u00f6m\",\"@id\":\"https:\/\/moderaterna.se\/stockholm\/#\/schema\/person\/1790a6c815cef6251a1f13d3fd5254bd\"},\"headline\":\"Socialdemokraterna f\u00f6rs\u00e4mrar kollektivtrafiken \u2013 men h\u00f6jer b\u00e5de skatten och SL-kortet\",\"datePublished\":\"2023-11-17T10:47:58+00:00\",\"dateModified\":\"2023-12-21T10:42:07+00:00\",\"mainEntityOfPage\":{\"@id\":\"https:\/\/moderaterna.se\/stockholm\/artikel\/socialdemokraterna-forsamrar-kollektivtrafiken-men-hojer-bade-skatten-och-sl-kortet\/\"},\"wordCount\":313,\"publisher\":{\"@id\":\"https:\/\/moderaterna.se\/stockholm\/#organization\"},\"articleSection\":[\"Artikel\",\"Nyhet\"],\"inLanguage\":\"sv-SE\"},{\"@type\":\"WebPage\",\"@id\":\"https:\/\/moderaterna.se\/stockholm\/artikel\/socialdemokraterna-forsamrar-kollektivtrafiken-men-hojer-bade-skatten-och-sl-kortet\/\",\"url\":\"https:\/\/moderaterna.se\/stockholm\/artikel\/socialdemokraterna-forsamrar-kollektivtrafiken-men-hojer-bade-skatten-och-sl-kortet\/\",\"name\":\"Socialdemokraterna f\u00f6rs\u00e4mrar kollektivtrafiken \u2013 men h\u00f6jer b\u00e5de skatten och SL-kortet | Moderaterna i Stockholms stad och l\u00e4n\",\"isPartOf\":{\"@id\":\"https:\/\/moderaterna.se\/stockholm\/#website\"},\"datePublished\":\"2023-11-17T10:47:58+00:00\",\"dateModified\":\"2023-12-21T10:42:07+00:00\",\"breadcrumb\":{\"@id\":\"https:\/\/moderaterna.se\/stockholm\/artikel\/socialdemokraterna-forsamrar-kollektivtrafiken-men-hojer-bade-skatten-och-sl-kortet\/#breadcrumb\"},\"inLanguage\":\"sv-SE\",\"potentialAction\":[{\"@type\":\"ReadAction\",\"target\":[\"https:\/\/moderaterna.se\/stockholm\/artikel\/socialdemokraterna-forsamrar-kollektivtrafiken-men-hojer-bade-skatten-och-sl-kortet\/\"]}]},{\"@type\":\"BreadcrumbList\",\"@id\":\"https:\/\/moderaterna.se\/stockholm\/artikel\/socialdemokraterna-forsamrar-kollektivtrafiken-men-hojer-bade-skatten-och-sl-kortet\/#breadcrumb\",\"itemListElement\":[{\"@type\":\"ListItem\",\"position\":1,\"name\":\"Hem\",\"item\":\"https:\/\/moderaterna.se\/stockholm\/\"},{\"@type\":\"ListItem\",\"position\":2,\"name\":\"Socialdemokraterna f\u00f6rs\u00e4mrar kollektivtrafiken \u2013 men h\u00f6jer b\u00e5de skatten och SL-kortet\"}]},{\"@type\":\"WebSite\",\"@id\":\"https:\/\/moderaterna.se\/stockholm\/#website\",\"url\":\"https:\/\/moderaterna.se\/stockholm\/\",\"name\":\"Moderaterna i Stockholms stad och l\u00e4n\",\"description\":\"Nu f\u00e5r vi ordning p\u00e5 Sverige\",\"publisher\":{\"@id\":\"https:\/\/moderaterna.se\/stockholm\/#organization\"},\"potentialAction\":[{\"@type\":\"SearchAction\",\"target\":{\"@type\":\"EntryPoint\",\"urlTemplate\":\"https:\/\/moderaterna.se\/stockholm\/?s={search_term_string}\"},\"query-input\":{\"@type\":\"PropertyValueSpecification\",\"valueRequired\":true,\"valueName\":\"search_term_string\"}}],\"inLanguage\":\"sv-SE\"},{\"@type\":\"Organization\",\"@id\":\"https:\/\/moderaterna.se\/stockholm\/#organization\",\"name\":\"Moderaterna\",\"url\":\"https:\/\/moderaterna.se\/stockholm\/\",\"logo\":{\"@type\":\"ImageObject\",\"inLanguage\":\"sv-SE\",\"@id\":\"https:\/\/moderaterna.se\/stockholm\/#\/schema\/logo\/image\/\",\"url\":\"https:\/\/moderaterna.se\/app\/uploads\/2021\/10\/logo-general@2x.png\",\"contentUrl\":\"https:\/\/moderaterna.se\/app\/uploads\/2021\/10\/logo-general@2x.png\",\"width\":122,\"height\":122,\"caption\":\"Moderaterna\"},\"image\":{\"@id\":\"https:\/\/moderaterna.se\/stockholm\/#\/schema\/logo\/image\/\"},\"sameAs\":[\"https:\/\/www.facebook.com\/ModeraternaSthlm\",\"https:\/\/x.com\/ModeratSthlm\",\"https:\/\/www.instagram.com\/moderatsthlm\/\",\"https:\/\/www.youtube.com\/user\/ModeraternaSthlm\"]},{\"@type\":\"Person\",\"@id\":\"https:\/\/moderaterna.se\/stockholm\/#\/schema\/person\/1790a6c815cef6251a1f13d3fd5254bd\",\"name\":\"Veronica Nordstr\u00f6m\",\"image\":{\"@type\":\"ImageObject\",\"inLanguage\":\"sv-SE\",\"@id\":\"https:\/\/moderaterna.se\/stockholm\/#\/schema\/person\/image\/\",\"url\":\"https:\/\/secure.gravatar.com\/avatar\/cdb9d339dbafa52c812526e3f75df35bab1725c8375eaa3e17b27f2a40e8b094?s=96&d=mm&r=g\",\"contentUrl\":\"https:\/\/secure.gravatar.com\/avatar\/cdb9d339dbafa52c812526e3f75df35bab1725c8375eaa3e17b27f2a40e8b094?s=96&d=mm&r=g\",\"caption\":\"Veronica Nordstr\u00f6m\"},\"url\":\"https:\/\/moderaterna.se\/stockholm\/author\/veronicanordstrom\/\"}]}<\/script>\n<!-- \/ Yoast SEO Premium plugin. -->","yoast_head_json":{"title":"Socialdemokraterna f\u00f6rs\u00e4mrar kollektivtrafiken \u2013 men h\u00f6jer b\u00e5de skatten och SL-kortet | Moderaterna i Stockholms stad och l\u00e4n","robots":{"index":"index","follow":"follow","max-snippet":"max-snippet:-1","max-image-preview":"max-image-preview:large","max-video-preview":"max-video-preview:-1"},"canonical":"https:\/\/moderaterna.se\/stockholm\/artikel\/socialdemokraterna-forsamrar-kollektivtrafiken-men-hojer-bade-skatten-och-sl-kortet\/","og_locale":"sv_SE","og_type":"article","og_title":"Socialdemokraterna f\u00f6rs\u00e4mrar kollektivtrafiken \u2013 men h\u00f6jer b\u00e5de skatten och SL-kortet","og_url":"https:\/\/moderaterna.se\/stockholm\/artikel\/socialdemokraterna-forsamrar-kollektivtrafiken-men-hojer-bade-skatten-och-sl-kortet\/","og_site_name":"Moderaterna i Stockholms stad och l\u00e4n","article_publisher":"https:\/\/www.facebook.com\/ModeraternaSthlm","article_published_time":"2023-11-17T10:47:58+00:00","article_modified_time":"2023-12-21T10:42:07+00:00","og_image":[{"width":1200,"height":628,"url":"https:\/\/moderaterna.se\/app\/uploads\/sites\/5\/2022\/01\/DELNINGSBILD_hemsida_fo\u0308rstasida.png","type":"image\/png"}],"author":"Veronica Nordstr\u00f6m","twitter_card":"summary_large_image","twitter_creator":"@ModeratSthlm","twitter_site":"@ModeratSthlm","twitter_misc":{"Skriven av":"Veronica Nordstr\u00f6m","Ber\u00e4knad l\u00e4stid":"2 minuter"},"schema":{"@context":"https:\/\/schema.org","@graph":[{"@type":"Article","@id":"https:\/\/moderaterna.se\/stockholm\/artikel\/socialdemokraterna-forsamrar-kollektivtrafiken-men-hojer-bade-skatten-och-sl-kortet\/#article","isPartOf":{"@id":"https:\/\/moderaterna.se\/stockholm\/artikel\/socialdemokraterna-forsamrar-kollektivtrafiken-men-hojer-bade-skatten-och-sl-kortet\/"},"author":{"name":"Veronica Nordstr\u00f6m","@id":"https:\/\/moderaterna.se\/stockholm\/#\/schema\/person\/1790a6c815cef6251a1f13d3fd5254bd"},"headline":"Socialdemokraterna f\u00f6rs\u00e4mrar kollektivtrafiken \u2013 men h\u00f6jer b\u00e5de skatten och SL-kortet","datePublished":"2023-11-17T10:47:58+00:00","dateModified":"2023-12-21T10:42:07+00:00","mainEntityOfPage":{"@id":"https:\/\/moderaterna.se\/stockholm\/artikel\/socialdemokraterna-forsamrar-kollektivtrafiken-men-hojer-bade-skatten-och-sl-kortet\/"},"wordCount":313,"publisher":{"@id":"https:\/\/moderaterna.se\/stockholm\/#organization"},"articleSection":["Artikel","Nyhet"],"inLanguage":"sv-SE"},{"@type":"WebPage","@id":"https:\/\/moderaterna.se\/stockholm\/artikel\/socialdemokraterna-forsamrar-kollektivtrafiken-men-hojer-bade-skatten-och-sl-kortet\/","url":"https:\/\/moderaterna.se\/stockholm\/artikel\/socialdemokraterna-forsamrar-kollektivtrafiken-men-hojer-bade-skatten-och-sl-kortet\/","name":"Socialdemokraterna f\u00f6rs\u00e4mrar kollektivtrafiken \u2013 men h\u00f6jer b\u00e5de skatten och SL-kortet | Moderaterna i Stockholms stad och l\u00e4n","isPartOf":{"@id":"https:\/\/moderaterna.se\/stockholm\/#website"},"datePublished":"2023-11-17T10:47:58+00:00","dateModified":"2023-12-21T10:42:07+00:00","breadcrumb":{"@id":"https:\/\/moderaterna.se\/stockholm\/artikel\/socialdemokraterna-forsamrar-kollektivtrafiken-men-hojer-bade-skatten-och-sl-kortet\/#breadcrumb"},"inLanguage":"sv-SE","potentialAction":[{"@type":"ReadAction","target":["https:\/\/moderaterna.se\/stockholm\/artikel\/socialdemokraterna-forsamrar-kollektivtrafiken-men-hojer-bade-skatten-och-sl-kortet\/"]}]},{"@type":"BreadcrumbList","@id":"https:\/\/moderaterna.se\/stockholm\/artikel\/socialdemokraterna-forsamrar-kollektivtrafiken-men-hojer-bade-skatten-och-sl-kortet\/#breadcrumb","itemListElement":[{"@type":"ListItem","position":1,"name":"Hem","item":"https:\/\/moderaterna.se\/stockholm\/"},{"@type":"ListItem","position":2,"name":"Socialdemokraterna f\u00f6rs\u00e4mrar kollektivtrafiken \u2013 men h\u00f6jer b\u00e5de skatten och SL-kortet"}]},{"@type":"WebSite","@id":"https:\/\/moderaterna.se\/stockholm\/#website","url":"https:\/\/moderaterna.se\/stockholm\/","name":"Moderaterna i Stockholms stad och l\u00e4n","description":"Nu f\u00e5r vi ordning p\u00e5 Sverige","publisher":{"@id":"https:\/\/moderaterna.se\/stockholm\/#organization"},"potentialAction":[{"@type":"SearchAction","target":{"@type":"EntryPoint","urlTemplate":"https:\/\/moderaterna.se\/stockholm\/?s={search_term_string}"},"query-input":{"@type":"PropertyValueSpecification","valueRequired":true,"valueName":"search_term_string"}}],"inLanguage":"sv-SE"},{"@type":"Organization","@id":"https:\/\/moderaterna.se\/stockholm\/#organization","name":"Moderaterna","url":"https:\/\/moderaterna.se\/stockholm\/","logo":{"@type":"ImageObject","inLanguage":"sv-SE","@id":"https:\/\/moderaterna.se\/stockholm\/#\/schema\/logo\/image\/","url":"https:\/\/moderaterna.se\/app\/uploads\/2021\/10\/logo-general@2x.png","contentUrl":"https:\/\/moderaterna.se\/app\/uploads\/2021\/10\/logo-general@2x.png","width":122,"height":122,"caption":"Moderaterna"},"image":{"@id":"https:\/\/moderaterna.se\/stockholm\/#\/schema\/logo\/image\/"},"sameAs":["https:\/\/www.facebook.com\/ModeraternaSthlm","https:\/\/x.com\/ModeratSthlm","https:\/\/www.instagram.com\/moderatsthlm\/","https:\/\/www.youtube.com\/user\/ModeraternaSthlm"]},{"@type":"Person","@id":"https:\/\/moderaterna.se\/stockholm\/#\/schema\/person\/1790a6c815cef6251a1f13d3fd5254bd","name":"Veronica Nordstr\u00f6m","image":{"@type":"ImageObject","inLanguage":"sv-SE","@id":"https:\/\/moderaterna.se\/stockholm\/#\/schema\/person\/image\/","url":"https:\/\/secure.gravatar.com\/avatar\/cdb9d339dbafa52c812526e3f75df35bab1725c8375eaa3e17b27f2a40e8b094?s=96&d=mm&r=g","contentUrl":"https:\/\/secure.gravatar.com\/avatar\/cdb9d339dbafa52c812526e3f75df35bab1725c8375eaa3e17b27f2a40e8b094?s=96&d=mm&r=g","caption":"Veronica Nordstr\u00f6m"},"url":"https:\/\/moderaterna.se\/stockholm\/author\/veronicanordstrom\/"}]}},"publishpress_future_action":{"enabled":false,"date":"2026-05-04 05:30:11","action":"change-status","newStatus":"draft","terms":[],"taxonomy":"category"},"_links":{"self":[{"href":"https:\/\/moderaterna.se\/stockholm\/wp-json\/wp\/v2\/posts\/3175","targetHints":{"allow":["GET"]}}],"collection":[{"href":"https:\/\/moderaterna.se\/stockholm\/wp-json\/wp\/v2\/posts"}],"about":[{"href":"https:\/\/moderaterna.se\/stockholm\/wp-json\/wp\/v2\/types\/post"}],"author":[{"embeddable":true,"href":"https:\/\/moderaterna.se\/stockholm\/wp-json\/wp\/v2\/users\/55"}],"replies":[{"embeddable":true,"href":"https:\/\/moderaterna.se\/stockholm\/wp-json\/wp\/v2\/comments?post=3175"}],"version-history":[{"count":8,"href":"https:\/\/moderaterna.se\/stockholm\/wp-json\/wp\/v2\/posts\/3175\/revisions"}],"predecessor-version":[{"id":3314,"href":"https:\/\/moderaterna.se\/stockholm\/wp-json\/wp\/v2\/posts\/3175\/revisions\/3314"}],"wp:attachment":[{"href":"https:\/\/moderaterna.se\/stockholm\/wp-json\/wp\/v2\/media?parent=3175"}],"wp:term":[{"taxonomy":"category","embeddable":true,"href":"https:\/\/moderaterna.se\/stockholm\/wp-json\/wp\/v2\/categories?post=3175"},{"taxonomy":"post_tag","embeddable":true,"href":"https:\/\/moderaterna.se\/stockholm\/wp-json\/wp\/v2\/tags?post=3175"},{"taxonomy":"subject","embeddable":true,"href":"https:\/\/moderaterna.se\/stockholm\/wp-json\/wp\/v2\/subject?post=3175"}],"curies":[{"name":"wp","href":"https:\/\/api.w.org\/{rel}","templated":true}]}}