{"id":2986,"date":"2023-10-16T15:22:03","date_gmt":"2023-10-16T13:22:03","guid":{"rendered":"https:\/\/moderaterna.se\/stockholm\/?p=2986"},"modified":"2023-10-16T16:00:35","modified_gmt":"2023-10-16T14:00:35","slug":"maternas-oppositionsbudget-sakra-vard-och-kollektivtrafik-utan-hojda-skatter","status":"publish","type":"post","link":"https:\/\/moderaterna.se\/stockholm\/nyhet\/maternas-oppositionsbudget-sakra-vard-och-kollektivtrafik-utan-hojda-skatter\/","title":{"rendered":"Moderaternas oppositionsbudget: S\u00e4kra v\u00e5rd och kollektivtrafik \u2013 utan h\u00f6jda skatter"},"content":{"rendered":"\n<p>Kostnader f\u00f6r drivmedel, el, livsmedel och r\u00e4ntor har f\u00f6r en genomsnittlig barnfamilj i Stockholm \u00f6kat med 123 000 kronor per \u00e5r. I det l\u00e4get \u00e4r det viktigt att tv\u00e4rtom mot Socialdemokraterna prioritera f\u00f6r att k\u00e4rnverksamheter ska fungera och detta utan att belasta stockholmarnas pl\u00e5nb\u00f6cker ytterligare. Socialdemokraterna misslyckas med b\u00e4ggedera.&nbsp;<br><\/p>\n\n\n\n<p>Tv\u00e4rtom adderar nu Socialdemokraterna i Region Stockholm och Stockholms stad avgifts- och skatteh\u00f6jningar som riskerar att f\u00f6rv\u00e4rra ett redan sv\u00e5rt ekonomiskt l\u00e4ge f\u00f6r hush\u00e5llen mitt under en kostnadskris. Detta till en ytterligare kostnad p\u00e5 n\u00e4ra 14 000 kronor per \u00e5r f\u00f6r en genomsnittlig familj. Moderaternas oppositionsbudget visar att det g\u00e5r att s\u00e4kra v\u00e5rden och kollektivtrafiken \u2013 utan h\u00f6jda skatter.<\/p>\n\n\n\n<p><strong>Moderaternas oppositionsbudget i korthet:<\/strong><strong><\/strong><\/p>\n\n\n\n<ul class=\"wp-block-list\"><li>Moderaterna s\u00e4krar v\u00e5rden och kollektivtrafiken med bibeh\u00e5llen skatteniv\u00e5 genom att anv\u00e4nda regionens egna uppbyggda reserver \u2013 Socialdemokraterna i Region Stockholm och Stockholms stad h\u00f6jer sammantaget skatten f\u00f6r en genomsnittlig stockholmsfamilj med n\u00e4ra 14 000 kronor.<br><\/li><li>Moderaterna s\u00e4krar v\u00e5rden med fler v\u00e5rdplatser, r\u00e4ddar nedl\u00e4ggningshotade n\u00e4rakuter och f\u00f6rm\u00e5r att \u00f6ppna tv\u00e5 nya n\u00e4rakuter \u2013 Socialdemokraterna sk\u00e4r ned p\u00e5 antalet v\u00e5rdplatser, \u00f6kar v\u00e5rdk\u00f6erna och l\u00e4gger ned n\u00e4rakuter.\u00a0<\/li><li>Moderaterna vill att varje v\u00e5rdgivare ska anv\u00e4ndas f\u00f6r att korta k\u00f6er inom BUP, samt inr\u00e4tta en inr\u00e4tta en 24h-garanti f\u00f6r akut st\u00f6d till anh\u00f6riga som mist en n\u00e4rst\u00e5ende till sj\u00e4lvmord. Socialdemokraterna bek\u00e4mpar de som vill vara med och ge v\u00e5rd till barn och unga.<br><\/li><li>Moderaterna vill rulla SL ur krisen och satsar 800 miljoner kronor f\u00f6r att r\u00e4dda busslinjer och uppr\u00e4tth\u00e5lla turt\u00e4theten inom kollektivtrafiken \u2013 Socialdemokraterna g\u00e5r vidare med sin nedsk\u00e4rningspolitik och l\u00e4gger ned 16 busslinjer, sk\u00e4r ned p\u00e5 ett fyrtiotal busslinjer och minskar turt\u00e4theten i sp\u00e5rtrafiken.<br><br>Se presentationen av Moderaterna i Region Stockholms budgetf\u00f6rslag f\u00f6r 2024 i sin helhet <a href=\"https:\/\/fb.watch\/nI_w95AHIk\/\">h\u00e4r<\/a>.<br><br><strong>L\u00e4s hela oppositionsbudgeten h\u00e4r:<\/strong><br><a href=\"https:\/\/moderaterna.se\/app\/uploads\/sites\/5\/2023\/10\/Budget-2024-fo%CC%88r-Moderaterna.-publik.pdf\">Budget-2024-f\u00f6r-Moderaterna.-publik<\/a><br><br><\/li><\/ul>\n\n\n<!DOCTYPE html PUBLIC \"-\/\/W3C\/\/DTD HTML 4.0 Transitional\/\/EN\" \"http:\/\/www.w3.org\/TR\/REC-html40\/loose.dtd\">\n<?xml encoding=\"utf-8\" ?><html><body><div class=\"wp-block-file\"><a href=\"https:\/\/moderaterna.se\/app\/uploads\/sites\/5\/2023\/10\/Budget-2024-fo%CC%88r-Moderaterna.-publik.pdf\" class=\"wp-block-file__button\" download><span class=\"show-for-sr\">Ladda ner<\/span><svg xmlns=\"http:\/\/www.w3.org\/2000\/svg\" data-name=\"Icon metro-file-pdf\" width=\"26.442\" height=\"30.849\" viewBox=\"0 0 26.442 30.849\"><path data-name=\"Icon metro-file-pdf\" d=\"M25.271 6.542a4.006 4.006 0 0 1 .826 1.308 3.973 3.973 0 0 1 .344 1.515v19.832a1.646 1.646 0 0 1-1.653 1.653H1.652A1.646 1.646 0 0 1 0 29.197V1.653A1.646 1.646 0 0 1 1.652-.003h15.425a3.974 3.974 0 0 1 1.515.344 4.006 4.006 0 0 1 1.308.826zm-7.642-4.2v6.473h6.473a1.881 1.881 0 0 0-.379-.706L18.329 2.72a1.88 1.88 0 0 0-.706-.379zm6.61 26.3V11.018h-7.162a1.646 1.646 0 0 1-1.653-1.653V2.204H2.203v26.442h22.035zM15.39 18.437a13.1 13.1 0 0 0 1.446.964 17.082 17.082 0 0 1 2.014-.121q2.531 0 3.047.844a.832.832 0 0 1 .034.9.05.05 0 0 1-.017.034l-.034.034v.017q-.1.654-1.222.654a7.1 7.1 0 0 1-1.98-.344 12.552 12.552 0 0 1-2.238-.912 31 31 0 0 0-6.748 1.429q-2.634 4.51-4.166 4.51a1 1 0 0 1-.482-.121l-.415-.21q-.017-.017-.1-.086a.711.711 0 0 1-.1-.62 3.738 3.738 0 0 1 .964-1.575 8.319 8.319 0 0 1 2.272-1.661.251.251 0 0 1 .4.1.1.1 0 0 1 .034.069q.9-1.463 1.842-3.391a26.274 26.274 0 0 0 1.79-4.51 13.916 13.916 0 0 1-.525-2.746 6.693 6.693 0 0 1 .112-2.195q.189-.689.723-.689h.379a.726.726 0 0 1 .6.258 1.375 1.375 0 0 1 .155 1.171.373.373 0 0 1-.069.138.448.448 0 0 1 .017.138v.516a22.542 22.542 0 0 1-.241 3.305 8.709 8.709 0 0 0 2.513 4.1zm-9.916 7.075a7.6 7.6 0 0 0 2.355-2.715 9.813 9.813 0 0 0-1.5 1.442 5.722 5.722 0 0 0-.855 1.273zm6.855-15.837a5.119 5.119 0 0 0-.034 2.272q.017-.121.121-.757 0-.052.121-.74a.387.387 0 0 1 .069-.138.05.05 0 0 1-.017-.034.035.035 0 0 0-.009-.026.035.035 0 0 1-.009-.026.991.991 0 0 0-.224-.62.05.05 0 0 1-.017.034v.034zm-2.138 11.379a25.25 25.25 0 0 1 4.889-1.394 2.6 2.6 0 0 1-.224-.164 3.083 3.083 0 0 1-.275-.232 9.119 9.119 0 0 1-2.186-3.03 23 23 0 0 1-1.429 3.391q-.516.964-.775 1.429zm11.121-.275a4.12 4.12 0 0 0-2.41-.413 6.511 6.511 0 0 0 2.135.482 1.67 1.67 0 0 0 .31-.017q0-.017-.034-.052z\" fill=\"#213a8f\"><\/path><\/svg><\/a><\/div>\n<\/body><\/html>\n\n\n\n<p><br><\/p>\n","protected":false},"excerpt":{"rendered":"<p>Kostnader f\u00f6r drivmedel, el, livsmedel och r\u00e4ntor har f\u00f6r en genomsnittlig barnfamilj i Stockholm \u00f6kat med 123 000 kronor per \u00e5r. I det l\u00e4get \u00e4r det viktigt att tv\u00e4rtom mot Socialdemokraterna prioritera f\u00f6r att k\u00e4rnverksamheter ska fungera och detta utan att belasta stockholmarnas pl\u00e5nb\u00f6cker ytterligare. Socialdemokraterna misslyckas med b\u00e4ggedera.&nbsp; Tv\u00e4rtom adderar nu Socialdemokraterna i Region [&hellip;]<\/p>\n","protected":false},"author":55,"featured_media":0,"comment_status":"closed","ping_status":"closed","sticky":false,"template":"","format":"standard","meta":{"_acf_changed":false,"_relevanssi_hide_post":"","_relevanssi_hide_content":"","_relevanssi_pin_for_all":"","_relevanssi_pin_keywords":"","_relevanssi_unpin_keywords":"","_relevanssi_related_keywords":"","_relevanssi_related_include_ids":"","_relevanssi_related_exclude_ids":"","_relevanssi_related_no_append":"","_relevanssi_related_not_related":"","_relevanssi_related_posts":"","_relevanssi_noindex_reason":"","footnotes":""},"categories":[1],"tags":[],"subject":[],"class_list":["post-2986","post","type-post","status-publish","format-standard","hentry","category-nyhet"],"acf":[],"yoast_head":"<!-- This site is optimized with the Yoast SEO Premium plugin v27.1 (Yoast SEO v27.1.1) - https:\/\/yoast.com\/product\/yoast-seo-premium-wordpress\/ -->\n<title>Moderaternas oppositionsbudget: S\u00e4kra v\u00e5rd och kollektivtrafik \u2013 utan h\u00f6jda skatter | Moderaterna i Stockholms stad och l\u00e4n<\/title>\n<meta name=\"robots\" content=\"index, follow, max-snippet:-1, max-image-preview:large, max-video-preview:-1\" \/>\n<link rel=\"canonical\" href=\"https:\/\/moderaterna.se\/stockholm\/nyhet\/maternas-oppositionsbudget-sakra-vard-och-kollektivtrafik-utan-hojda-skatter\/\" \/>\n<meta property=\"og:locale\" content=\"sv_SE\" \/>\n<meta property=\"og:type\" content=\"article\" \/>\n<meta property=\"og:title\" content=\"Moderaternas oppositionsbudget: S\u00e4kra v\u00e5rd och kollektivtrafik \u2013 utan h\u00f6jda skatter\" \/>\n<meta property=\"og:url\" content=\"https:\/\/moderaterna.se\/stockholm\/nyhet\/maternas-oppositionsbudget-sakra-vard-och-kollektivtrafik-utan-hojda-skatter\/\" \/>\n<meta property=\"og:site_name\" content=\"Moderaterna i Stockholms stad och l\u00e4n\" \/>\n<meta property=\"article:publisher\" content=\"https:\/\/www.facebook.com\/ModeraternaSthlm\" \/>\n<meta property=\"article:published_time\" content=\"2023-10-16T13:22:03+00:00\" \/>\n<meta property=\"article:modified_time\" content=\"2023-10-16T14:00:35+00:00\" \/>\n<meta property=\"og:image\" content=\"https:\/\/moderaterna.se\/app\/uploads\/sites\/5\/2022\/01\/DELNINGSBILD_hemsida_fo\u0308rstasida.png\" \/>\n\t<meta property=\"og:image:width\" content=\"1200\" \/>\n\t<meta property=\"og:image:height\" content=\"628\" \/>\n\t<meta property=\"og:image:type\" content=\"image\/png\" \/>\n<meta name=\"author\" content=\"Veronica Nordstr\u00f6m\" \/>\n<meta name=\"twitter:card\" content=\"summary_large_image\" \/>\n<meta name=\"twitter:creator\" content=\"@ModeratSthlm\" \/>\n<meta name=\"twitter:site\" content=\"@ModeratSthlm\" \/>\n<meta name=\"twitter:label1\" content=\"Skriven av\" \/>\n\t<meta name=\"twitter:data1\" content=\"Veronica Nordstr\u00f6m\" \/>\n\t<meta name=\"twitter:label2\" content=\"Ber\u00e4knad l\u00e4stid\" \/>\n\t<meta name=\"twitter:data2\" content=\"2 minuter\" \/>\n<script type=\"application\/ld+json\" class=\"yoast-schema-graph\">{\"@context\":\"https:\/\/schema.org\",\"@graph\":[{\"@type\":\"Article\",\"@id\":\"https:\/\/moderaterna.se\/stockholm\/nyhet\/maternas-oppositionsbudget-sakra-vard-och-kollektivtrafik-utan-hojda-skatter\/#article\",\"isPartOf\":{\"@id\":\"https:\/\/moderaterna.se\/stockholm\/nyhet\/maternas-oppositionsbudget-sakra-vard-och-kollektivtrafik-utan-hojda-skatter\/\"},\"author\":{\"name\":\"Veronica Nordstr\u00f6m\",\"@id\":\"https:\/\/moderaterna.se\/stockholm\/#\/schema\/person\/1790a6c815cef6251a1f13d3fd5254bd\"},\"headline\":\"Moderaternas oppositionsbudget: S\u00e4kra v\u00e5rd och kollektivtrafik \u2013 utan h\u00f6jda skatter\",\"datePublished\":\"2023-10-16T13:22:03+00:00\",\"dateModified\":\"2023-10-16T14:00:35+00:00\",\"mainEntityOfPage\":{\"@id\":\"https:\/\/moderaterna.se\/stockholm\/nyhet\/maternas-oppositionsbudget-sakra-vard-och-kollektivtrafik-utan-hojda-skatter\/\"},\"wordCount\":363,\"publisher\":{\"@id\":\"https:\/\/moderaterna.se\/stockholm\/#organization\"},\"articleSection\":[\"Nyhet\"],\"inLanguage\":\"sv-SE\"},{\"@type\":\"WebPage\",\"@id\":\"https:\/\/moderaterna.se\/stockholm\/nyhet\/maternas-oppositionsbudget-sakra-vard-och-kollektivtrafik-utan-hojda-skatter\/\",\"url\":\"https:\/\/moderaterna.se\/stockholm\/nyhet\/maternas-oppositionsbudget-sakra-vard-och-kollektivtrafik-utan-hojda-skatter\/\",\"name\":\"Moderaternas oppositionsbudget: S\u00e4kra v\u00e5rd och kollektivtrafik \u2013 utan h\u00f6jda skatter | Moderaterna i Stockholms stad och l\u00e4n\",\"isPartOf\":{\"@id\":\"https:\/\/moderaterna.se\/stockholm\/#website\"},\"datePublished\":\"2023-10-16T13:22:03+00:00\",\"dateModified\":\"2023-10-16T14:00:35+00:00\",\"breadcrumb\":{\"@id\":\"https:\/\/moderaterna.se\/stockholm\/nyhet\/maternas-oppositionsbudget-sakra-vard-och-kollektivtrafik-utan-hojda-skatter\/#breadcrumb\"},\"inLanguage\":\"sv-SE\",\"potentialAction\":[{\"@type\":\"ReadAction\",\"target\":[\"https:\/\/moderaterna.se\/stockholm\/nyhet\/maternas-oppositionsbudget-sakra-vard-och-kollektivtrafik-utan-hojda-skatter\/\"]}]},{\"@type\":\"BreadcrumbList\",\"@id\":\"https:\/\/moderaterna.se\/stockholm\/nyhet\/maternas-oppositionsbudget-sakra-vard-och-kollektivtrafik-utan-hojda-skatter\/#breadcrumb\",\"itemListElement\":[{\"@type\":\"ListItem\",\"position\":1,\"name\":\"Hem\",\"item\":\"https:\/\/moderaterna.se\/stockholm\/\"},{\"@type\":\"ListItem\",\"position\":2,\"name\":\"Moderaternas oppositionsbudget: S\u00e4kra v\u00e5rd och kollektivtrafik \u2013 utan h\u00f6jda skatter\"}]},{\"@type\":\"WebSite\",\"@id\":\"https:\/\/moderaterna.se\/stockholm\/#website\",\"url\":\"https:\/\/moderaterna.se\/stockholm\/\",\"name\":\"Moderaterna i Stockholms stad och l\u00e4n\",\"description\":\"Nu f\u00e5r vi ordning p\u00e5 Sverige\",\"publisher\":{\"@id\":\"https:\/\/moderaterna.se\/stockholm\/#organization\"},\"potentialAction\":[{\"@type\":\"SearchAction\",\"target\":{\"@type\":\"EntryPoint\",\"urlTemplate\":\"https:\/\/moderaterna.se\/stockholm\/?s={search_term_string}\"},\"query-input\":{\"@type\":\"PropertyValueSpecification\",\"valueRequired\":true,\"valueName\":\"search_term_string\"}}],\"inLanguage\":\"sv-SE\"},{\"@type\":\"Organization\",\"@id\":\"https:\/\/moderaterna.se\/stockholm\/#organization\",\"name\":\"Moderaterna\",\"url\":\"https:\/\/moderaterna.se\/stockholm\/\",\"logo\":{\"@type\":\"ImageObject\",\"inLanguage\":\"sv-SE\",\"@id\":\"https:\/\/moderaterna.se\/stockholm\/#\/schema\/logo\/image\/\",\"url\":\"https:\/\/moderaterna.se\/app\/uploads\/2021\/10\/logo-general@2x.png\",\"contentUrl\":\"https:\/\/moderaterna.se\/app\/uploads\/2021\/10\/logo-general@2x.png\",\"width\":122,\"height\":122,\"caption\":\"Moderaterna\"},\"image\":{\"@id\":\"https:\/\/moderaterna.se\/stockholm\/#\/schema\/logo\/image\/\"},\"sameAs\":[\"https:\/\/www.facebook.com\/ModeraternaSthlm\",\"https:\/\/x.com\/ModeratSthlm\",\"https:\/\/www.instagram.com\/moderatsthlm\/\",\"https:\/\/www.youtube.com\/user\/ModeraternaSthlm\"]},{\"@type\":\"Person\",\"@id\":\"https:\/\/moderaterna.se\/stockholm\/#\/schema\/person\/1790a6c815cef6251a1f13d3fd5254bd\",\"name\":\"Veronica Nordstr\u00f6m\",\"image\":{\"@type\":\"ImageObject\",\"inLanguage\":\"sv-SE\",\"@id\":\"https:\/\/moderaterna.se\/stockholm\/#\/schema\/person\/image\/\",\"url\":\"https:\/\/secure.gravatar.com\/avatar\/cdb9d339dbafa52c812526e3f75df35bab1725c8375eaa3e17b27f2a40e8b094?s=96&d=mm&r=g\",\"contentUrl\":\"https:\/\/secure.gravatar.com\/avatar\/cdb9d339dbafa52c812526e3f75df35bab1725c8375eaa3e17b27f2a40e8b094?s=96&d=mm&r=g\",\"caption\":\"Veronica Nordstr\u00f6m\"},\"url\":\"https:\/\/moderaterna.se\/stockholm\/author\/veronicanordstrom\/\"}]}<\/script>\n<!-- \/ Yoast SEO Premium plugin. -->","yoast_head_json":{"title":"Moderaternas oppositionsbudget: S\u00e4kra v\u00e5rd och kollektivtrafik \u2013 utan h\u00f6jda skatter | Moderaterna i Stockholms stad och l\u00e4n","robots":{"index":"index","follow":"follow","max-snippet":"max-snippet:-1","max-image-preview":"max-image-preview:large","max-video-preview":"max-video-preview:-1"},"canonical":"https:\/\/moderaterna.se\/stockholm\/nyhet\/maternas-oppositionsbudget-sakra-vard-och-kollektivtrafik-utan-hojda-skatter\/","og_locale":"sv_SE","og_type":"article","og_title":"Moderaternas oppositionsbudget: S\u00e4kra v\u00e5rd och kollektivtrafik \u2013 utan h\u00f6jda skatter","og_url":"https:\/\/moderaterna.se\/stockholm\/nyhet\/maternas-oppositionsbudget-sakra-vard-och-kollektivtrafik-utan-hojda-skatter\/","og_site_name":"Moderaterna i Stockholms stad och l\u00e4n","article_publisher":"https:\/\/www.facebook.com\/ModeraternaSthlm","article_published_time":"2023-10-16T13:22:03+00:00","article_modified_time":"2023-10-16T14:00:35+00:00","og_image":[{"width":1200,"height":628,"url":"https:\/\/moderaterna.se\/app\/uploads\/sites\/5\/2022\/01\/DELNINGSBILD_hemsida_fo\u0308rstasida.png","type":"image\/png"}],"author":"Veronica Nordstr\u00f6m","twitter_card":"summary_large_image","twitter_creator":"@ModeratSthlm","twitter_site":"@ModeratSthlm","twitter_misc":{"Skriven av":"Veronica Nordstr\u00f6m","Ber\u00e4knad l\u00e4stid":"2 minuter"},"schema":{"@context":"https:\/\/schema.org","@graph":[{"@type":"Article","@id":"https:\/\/moderaterna.se\/stockholm\/nyhet\/maternas-oppositionsbudget-sakra-vard-och-kollektivtrafik-utan-hojda-skatter\/#article","isPartOf":{"@id":"https:\/\/moderaterna.se\/stockholm\/nyhet\/maternas-oppositionsbudget-sakra-vard-och-kollektivtrafik-utan-hojda-skatter\/"},"author":{"name":"Veronica Nordstr\u00f6m","@id":"https:\/\/moderaterna.se\/stockholm\/#\/schema\/person\/1790a6c815cef6251a1f13d3fd5254bd"},"headline":"Moderaternas oppositionsbudget: S\u00e4kra v\u00e5rd och kollektivtrafik \u2013 utan h\u00f6jda skatter","datePublished":"2023-10-16T13:22:03+00:00","dateModified":"2023-10-16T14:00:35+00:00","mainEntityOfPage":{"@id":"https:\/\/moderaterna.se\/stockholm\/nyhet\/maternas-oppositionsbudget-sakra-vard-och-kollektivtrafik-utan-hojda-skatter\/"},"wordCount":363,"publisher":{"@id":"https:\/\/moderaterna.se\/stockholm\/#organization"},"articleSection":["Nyhet"],"inLanguage":"sv-SE"},{"@type":"WebPage","@id":"https:\/\/moderaterna.se\/stockholm\/nyhet\/maternas-oppositionsbudget-sakra-vard-och-kollektivtrafik-utan-hojda-skatter\/","url":"https:\/\/moderaterna.se\/stockholm\/nyhet\/maternas-oppositionsbudget-sakra-vard-och-kollektivtrafik-utan-hojda-skatter\/","name":"Moderaternas oppositionsbudget: S\u00e4kra v\u00e5rd och kollektivtrafik \u2013 utan h\u00f6jda skatter | Moderaterna i Stockholms stad och l\u00e4n","isPartOf":{"@id":"https:\/\/moderaterna.se\/stockholm\/#website"},"datePublished":"2023-10-16T13:22:03+00:00","dateModified":"2023-10-16T14:00:35+00:00","breadcrumb":{"@id":"https:\/\/moderaterna.se\/stockholm\/nyhet\/maternas-oppositionsbudget-sakra-vard-och-kollektivtrafik-utan-hojda-skatter\/#breadcrumb"},"inLanguage":"sv-SE","potentialAction":[{"@type":"ReadAction","target":["https:\/\/moderaterna.se\/stockholm\/nyhet\/maternas-oppositionsbudget-sakra-vard-och-kollektivtrafik-utan-hojda-skatter\/"]}]},{"@type":"BreadcrumbList","@id":"https:\/\/moderaterna.se\/stockholm\/nyhet\/maternas-oppositionsbudget-sakra-vard-och-kollektivtrafik-utan-hojda-skatter\/#breadcrumb","itemListElement":[{"@type":"ListItem","position":1,"name":"Hem","item":"https:\/\/moderaterna.se\/stockholm\/"},{"@type":"ListItem","position":2,"name":"Moderaternas oppositionsbudget: S\u00e4kra v\u00e5rd och kollektivtrafik \u2013 utan h\u00f6jda skatter"}]},{"@type":"WebSite","@id":"https:\/\/moderaterna.se\/stockholm\/#website","url":"https:\/\/moderaterna.se\/stockholm\/","name":"Moderaterna i Stockholms stad och l\u00e4n","description":"Nu f\u00e5r vi ordning p\u00e5 Sverige","publisher":{"@id":"https:\/\/moderaterna.se\/stockholm\/#organization"},"potentialAction":[{"@type":"SearchAction","target":{"@type":"EntryPoint","urlTemplate":"https:\/\/moderaterna.se\/stockholm\/?s={search_term_string}"},"query-input":{"@type":"PropertyValueSpecification","valueRequired":true,"valueName":"search_term_string"}}],"inLanguage":"sv-SE"},{"@type":"Organization","@id":"https:\/\/moderaterna.se\/stockholm\/#organization","name":"Moderaterna","url":"https:\/\/moderaterna.se\/stockholm\/","logo":{"@type":"ImageObject","inLanguage":"sv-SE","@id":"https:\/\/moderaterna.se\/stockholm\/#\/schema\/logo\/image\/","url":"https:\/\/moderaterna.se\/app\/uploads\/2021\/10\/logo-general@2x.png","contentUrl":"https:\/\/moderaterna.se\/app\/uploads\/2021\/10\/logo-general@2x.png","width":122,"height":122,"caption":"Moderaterna"},"image":{"@id":"https:\/\/moderaterna.se\/stockholm\/#\/schema\/logo\/image\/"},"sameAs":["https:\/\/www.facebook.com\/ModeraternaSthlm","https:\/\/x.com\/ModeratSthlm","https:\/\/www.instagram.com\/moderatsthlm\/","https:\/\/www.youtube.com\/user\/ModeraternaSthlm"]},{"@type":"Person","@id":"https:\/\/moderaterna.se\/stockholm\/#\/schema\/person\/1790a6c815cef6251a1f13d3fd5254bd","name":"Veronica Nordstr\u00f6m","image":{"@type":"ImageObject","inLanguage":"sv-SE","@id":"https:\/\/moderaterna.se\/stockholm\/#\/schema\/person\/image\/","url":"https:\/\/secure.gravatar.com\/avatar\/cdb9d339dbafa52c812526e3f75df35bab1725c8375eaa3e17b27f2a40e8b094?s=96&d=mm&r=g","contentUrl":"https:\/\/secure.gravatar.com\/avatar\/cdb9d339dbafa52c812526e3f75df35bab1725c8375eaa3e17b27f2a40e8b094?s=96&d=mm&r=g","caption":"Veronica Nordstr\u00f6m"},"url":"https:\/\/moderaterna.se\/stockholm\/author\/veronicanordstrom\/"}]}},"publishpress_future_action":{"enabled":false,"date":"2026-05-04 05:20:50","action":"change-status","newStatus":"draft","terms":[],"taxonomy":"category"},"_links":{"self":[{"href":"https:\/\/moderaterna.se\/stockholm\/wp-json\/wp\/v2\/posts\/2986","targetHints":{"allow":["GET"]}}],"collection":[{"href":"https:\/\/moderaterna.se\/stockholm\/wp-json\/wp\/v2\/posts"}],"about":[{"href":"https:\/\/moderaterna.se\/stockholm\/wp-json\/wp\/v2\/types\/post"}],"author":[{"embeddable":true,"href":"https:\/\/moderaterna.se\/stockholm\/wp-json\/wp\/v2\/users\/55"}],"replies":[{"embeddable":true,"href":"https:\/\/moderaterna.se\/stockholm\/wp-json\/wp\/v2\/comments?post=2986"}],"version-history":[{"count":13,"href":"https:\/\/moderaterna.se\/stockholm\/wp-json\/wp\/v2\/posts\/2986\/revisions"}],"predecessor-version":[{"id":3005,"href":"https:\/\/moderaterna.se\/stockholm\/wp-json\/wp\/v2\/posts\/2986\/revisions\/3005"}],"wp:attachment":[{"href":"https:\/\/moderaterna.se\/stockholm\/wp-json\/wp\/v2\/media?parent=2986"}],"wp:term":[{"taxonomy":"category","embeddable":true,"href":"https:\/\/moderaterna.se\/stockholm\/wp-json\/wp\/v2\/categories?post=2986"},{"taxonomy":"post_tag","embeddable":true,"href":"https:\/\/moderaterna.se\/stockholm\/wp-json\/wp\/v2\/tags?post=2986"},{"taxonomy":"subject","embeddable":true,"href":"https:\/\/moderaterna.se\/stockholm\/wp-json\/wp\/v2\/subject?post=2986"}],"curies":[{"name":"wp","href":"https:\/\/api.w.org\/{rel}","templated":true}]}}