{"id":2657,"date":"2023-04-18T11:56:00","date_gmt":"2023-04-18T09:56:00","guid":{"rendered":"https:\/\/moderaterna.se\/stockholm\/?p=2657"},"modified":"2023-04-18T13:07:30","modified_gmt":"2023-04-18T11:07:30","slug":"forslag-till-forbundsstyrelse-for-moderaterna-i-stockholms-lan","status":"publish","type":"post","link":"https:\/\/moderaterna.se\/stockholm\/nyhet\/forslag-till-forbundsstyrelse-for-moderaterna-i-stockholms-lan\/","title":{"rendered":"F\u00f6rslag till f\u00f6rbundsstyrelse f\u00f6r Moderaterna i Stockholms l\u00e4n:"},"content":{"rendered":"\n<p>Nuvarande vice ordf\u00f6rande Michaela Fletcher (M), KSO i \u00d6ster\u00e5ker, f\u00f6resl\u00e5s som ny f\u00f6rbundsordf\u00f6rande f\u00f6r Moderaterna i Stockholms l\u00e4n. Som vice f\u00f6rbundsordf\u00f6rande f\u00f6resl\u00e5s Erik Ottoson (tidigare andre vice ordf\u00f6rande), fr\u00e5n Huddinge och som andre vice f\u00f6rbundsordf\u00f6rande f\u00f6resl\u00e5s Stina Lundgren fr\u00e5n Botkyrka. Valberedningen har letts av ordf\u00f6rande Erik Langby.<\/p>\n\n\n\n<p>Den nya styrelsen v\u00e4ljs formellt p\u00e5 Moderaterna i Stockholms l\u00e4ns f\u00f6rbundsst\u00e4mma s\u00f6ndagen den 14 maj 2023.<\/p>\n\n\n\n<p><strong>Hela valberedningens f\u00f6rslag till f\u00f6rbundsstyrelse:<\/strong><\/p>\n\n\n\n<p><strong>F\u00f6rbundsordf\u00f6rande Michaela Fletcher<\/strong>, \u00d6ster\u00e5ker, nyval (tidigare f\u00f6rsta vice ordf)<\/p>\n\n\n\n<p><strong>F\u00f6rste vice f\u00f6rbundsordf\u00f6rande Erik Ottoson<\/strong>, Huddinge, nyval (tidigare andra vice ordf)<\/p>\n\n\n\n<p><strong>Andre vice f\u00f6rbundsordf\u00f6rande Stina Lundgren<\/strong>, Botkyrka, nyval (tidigare ledamot)<\/p>\n\n\n\n<p><br><strong>Ledam\u00f6ter<\/strong><\/p>\n\n\n\n<p><strong>Alexandra Anstrell<\/strong>, Haninge, omval<\/p>\n\n\n\n<p><strong>Harry Bouveng<\/strong>, Nyn\u00e4shamn, omval<\/p>\n\n\n\n<p><strong>Emma Feldman<\/strong>, J\u00e4rf\u00e4lla, omval<\/p>\n\n\n\n<p><strong>Josefin Malmqvist<\/strong>, Sundbyberg, omval<\/p>\n\n\n\n<p><strong>Alexander Rosenberg<\/strong>, S\u00f6dert\u00e4lje, omval<\/p>\n\n\n\n<p><strong>Omval Irene Svenonius<\/strong>, T\u00e4by, omval<\/p>\n\n\n\n<p><strong>Henrik Thunes<\/strong>, Sollentuna, omval<\/p>\n\n\n\n<p><strong>Erik Andersson<\/strong>, T\u00e4by, nyval<\/p>\n\n\n\n<p><strong>Daniel K\u00e4llenfors<\/strong>, Liding\u00f6, nyval<\/p>\n\n\n\n<p><strong>Lars R\u00e5d\u00e9n<\/strong>, Solna, nyval<\/p>\n\n\n\n<p><strong>Oskar Weinmar<\/strong>, Upplands V\u00e4sby, nyval<\/p>\n\n\n\n<p><strong>Filip Wiljander<\/strong>, Nacka, nyval<\/p>\n\n\n\n<p><strong>Noa Samenius<\/strong>, MUF Omval (nomineras av MUF)<\/p>\n\n\n\n<p><\/p>\n\n\n\n<p><a href=\"https:\/\/newsroom.notified.com\/moderaterna\/posts\/pressreleases\/michaela-fletcher-foreslas-som-ny-forbundsord\"><strong>L\u00e4s hela pressmeddelandet h\u00e4r<\/strong><\/a><\/p>\n\n\n\n<p><\/p>\n\n\n\n<p><\/p>\n\n\n\n<p>Ladda ner pressbilder p\u00e5 Michaela Fletcher (M)<\/p>\n\n\n\n<figure class=\"wp-block-image size-large is-resized\"><a href=\"https:\/\/moderaterna.se\/app\/uploads\/sites\/5\/2023\/04\/Michaela-Fletcher-scaled.jpg\"><img loading=\"lazy\" decoding=\"async\" src=\"https:\/\/moderaterna.se\/app\/uploads\/sites\/5\/2023\/04\/Michaela-Fletcher-1024x683.jpg\" alt=\"\" class=\"wp-image-2677\" width=\"1039\" height=\"692\" srcset=\"https:\/\/moderaterna.se\/app\/uploads\/sites\/5\/2023\/04\/Michaela-Fletcher-1024x683.jpg 1024w, https:\/\/moderaterna.se\/app\/uploads\/sites\/5\/2023\/04\/Michaela-Fletcher-300x200.jpg 300w, https:\/\/moderaterna.se\/app\/uploads\/sites\/5\/2023\/04\/Michaela-Fletcher-768x512.jpg 768w, https:\/\/moderaterna.se\/app\/uploads\/sites\/5\/2023\/04\/Michaela-Fletcher-1536x1024.jpg 1536w, https:\/\/moderaterna.se\/app\/uploads\/sites\/5\/2023\/04\/Michaela-Fletcher-2048x1365.jpg 2048w\" sizes=\"auto, (max-width: 1039px) 100vw, 1039px\" \/><\/a><figcaption>Foto: Emilia \u00d6ije Bergqvist\/Moderaterna<\/figcaption><\/figure>\n\n\n\n<figure class=\"wp-block-image size-large\"><a href=\"https:\/\/moderaterna.se\/app\/uploads\/sites\/5\/2023\/04\/Michaela-Fletcher-2-scaled.jpg\"><img loading=\"lazy\" decoding=\"async\" width=\"683\" height=\"1024\" src=\"https:\/\/moderaterna.se\/app\/uploads\/sites\/5\/2023\/04\/Michaela-Fletcher-2-683x1024.jpg\" alt=\"\" class=\"wp-image-2678\" srcset=\"https:\/\/moderaterna.se\/app\/uploads\/sites\/5\/2023\/04\/Michaela-Fletcher-2-683x1024.jpg 683w, https:\/\/moderaterna.se\/app\/uploads\/sites\/5\/2023\/04\/Michaela-Fletcher-2-200x300.jpg 200w, https:\/\/moderaterna.se\/app\/uploads\/sites\/5\/2023\/04\/Michaela-Fletcher-2-768x1152.jpg 768w, https:\/\/moderaterna.se\/app\/uploads\/sites\/5\/2023\/04\/Michaela-Fletcher-2-1024x1536.jpg 1024w, https:\/\/moderaterna.se\/app\/uploads\/sites\/5\/2023\/04\/Michaela-Fletcher-2-1365x2048.jpg 1365w, https:\/\/moderaterna.se\/app\/uploads\/sites\/5\/2023\/04\/Michaela-Fletcher-2-scaled.jpg 1707w\" sizes=\"auto, (max-width: 683px) 100vw, 683px\" \/><\/a><figcaption>Foto: Emilia \u00d6ije Bergqvist\/Moderaterna<\/figcaption><\/figure>\n\n\n\n<p><\/p>\n","protected":false},"excerpt":{"rendered":"<p>Nuvarande vice ordf\u00f6rande Michaela Fletcher (M), KSO i \u00d6ster\u00e5ker, f\u00f6resl\u00e5s som ny f\u00f6rbundsordf\u00f6rande f\u00f6r Moderaterna i Stockholms l\u00e4n. Som vice f\u00f6rbundsordf\u00f6rande f\u00f6resl\u00e5s Erik Ottoson (tidigare andre vice ordf\u00f6rande), fr\u00e5n Huddinge och som andre vice f\u00f6rbundsordf\u00f6rande f\u00f6resl\u00e5s Stina Lundgren fr\u00e5n Botkyrka. Valberedningen har letts av ordf\u00f6rande Erik Langby. Den nya styrelsen v\u00e4ljs formellt p\u00e5 Moderaterna i [&hellip;]<\/p>\n","protected":false},"author":57,"featured_media":0,"comment_status":"closed","ping_status":"closed","sticky":false,"template":"","format":"standard","meta":{"_acf_changed":false,"_relevanssi_hide_post":"","_relevanssi_hide_content":"","_relevanssi_pin_for_all":"","_relevanssi_pin_keywords":"","_relevanssi_unpin_keywords":"","_relevanssi_related_keywords":"","_relevanssi_related_include_ids":"","_relevanssi_related_exclude_ids":"","_relevanssi_related_no_append":"","_relevanssi_related_not_related":"","_relevanssi_related_posts":"","_relevanssi_noindex_reason":"","footnotes":""},"categories":[1,7],"tags":[],"subject":[],"class_list":["post-2657","post","type-post","status-publish","format-standard","hentry","category-nyhet","category-press"],"acf":[],"yoast_head":"<!-- This site is optimized with the Yoast SEO Premium plugin v27.1 (Yoast SEO v27.1.1) - https:\/\/yoast.com\/product\/yoast-seo-premium-wordpress\/ -->\n<title>F\u00f6rslag till f\u00f6rbundsstyrelse f\u00f6r Moderaterna i Stockholms l\u00e4n: | Moderaterna i Stockholms stad och l\u00e4n<\/title>\n<meta name=\"robots\" content=\"index, follow, max-snippet:-1, max-image-preview:large, max-video-preview:-1\" \/>\n<link rel=\"canonical\" href=\"https:\/\/moderaterna.se\/stockholm\/nyhet\/forslag-till-forbundsstyrelse-for-moderaterna-i-stockholms-lan\/\" \/>\n<meta property=\"og:locale\" content=\"sv_SE\" \/>\n<meta property=\"og:type\" content=\"article\" \/>\n<meta property=\"og:title\" content=\"F\u00f6rslag till f\u00f6rbundsstyrelse f\u00f6r Moderaterna i Stockholms l\u00e4n:\" \/>\n<meta property=\"og:url\" content=\"https:\/\/moderaterna.se\/stockholm\/nyhet\/forslag-till-forbundsstyrelse-for-moderaterna-i-stockholms-lan\/\" \/>\n<meta property=\"og:site_name\" content=\"Moderaterna i Stockholms stad och l\u00e4n\" \/>\n<meta property=\"article:publisher\" content=\"https:\/\/www.facebook.com\/ModeraternaSthlm\" \/>\n<meta property=\"article:published_time\" content=\"2023-04-18T09:56:00+00:00\" \/>\n<meta property=\"article:modified_time\" content=\"2023-04-18T11:07:30+00:00\" \/>\n<meta property=\"og:image\" content=\"https:\/\/moderaterna.se\/app\/uploads\/sites\/5\/2023\/04\/Michaela-Fletcher-1024x683.jpg\" \/>\n<meta name=\"author\" content=\"Emilia \u00d6ije\" \/>\n<meta name=\"twitter:card\" content=\"summary_large_image\" \/>\n<meta name=\"twitter:creator\" content=\"@ModeratSthlm\" \/>\n<meta name=\"twitter:site\" content=\"@ModeratSthlm\" \/>\n<meta name=\"twitter:label1\" content=\"Skriven av\" \/>\n\t<meta name=\"twitter:data1\" content=\"Emilia \u00d6ije\" \/>\n\t<meta name=\"twitter:label2\" content=\"Ber\u00e4knad l\u00e4stid\" \/>\n\t<meta name=\"twitter:data2\" content=\"2 minuter\" \/>\n<script type=\"application\/ld+json\" class=\"yoast-schema-graph\">{\"@context\":\"https:\/\/schema.org\",\"@graph\":[{\"@type\":\"Article\",\"@id\":\"https:\/\/moderaterna.se\/stockholm\/nyhet\/forslag-till-forbundsstyrelse-for-moderaterna-i-stockholms-lan\/#article\",\"isPartOf\":{\"@id\":\"https:\/\/moderaterna.se\/stockholm\/nyhet\/forslag-till-forbundsstyrelse-for-moderaterna-i-stockholms-lan\/\"},\"author\":{\"name\":\"Emilia \u00d6ije\",\"@id\":\"https:\/\/moderaterna.se\/stockholm\/#\/schema\/person\/131c13b3e9baf0c3d99d695922825b80\"},\"headline\":\"F\u00f6rslag till f\u00f6rbundsstyrelse f\u00f6r Moderaterna i Stockholms l\u00e4n:\",\"datePublished\":\"2023-04-18T09:56:00+00:00\",\"dateModified\":\"2023-04-18T11:07:30+00:00\",\"mainEntityOfPage\":{\"@id\":\"https:\/\/moderaterna.se\/stockholm\/nyhet\/forslag-till-forbundsstyrelse-for-moderaterna-i-stockholms-lan\/\"},\"wordCount\":236,\"publisher\":{\"@id\":\"https:\/\/moderaterna.se\/stockholm\/#organization\"},\"articleSection\":[\"Nyhet\",\"Pressmeddelande\"],\"inLanguage\":\"sv-SE\"},{\"@type\":\"WebPage\",\"@id\":\"https:\/\/moderaterna.se\/stockholm\/nyhet\/forslag-till-forbundsstyrelse-for-moderaterna-i-stockholms-lan\/\",\"url\":\"https:\/\/moderaterna.se\/stockholm\/nyhet\/forslag-till-forbundsstyrelse-for-moderaterna-i-stockholms-lan\/\",\"name\":\"F\u00f6rslag till f\u00f6rbundsstyrelse f\u00f6r Moderaterna i Stockholms l\u00e4n: | Moderaterna i Stockholms stad och l\u00e4n\",\"isPartOf\":{\"@id\":\"https:\/\/moderaterna.se\/stockholm\/#website\"},\"datePublished\":\"2023-04-18T09:56:00+00:00\",\"dateModified\":\"2023-04-18T11:07:30+00:00\",\"breadcrumb\":{\"@id\":\"https:\/\/moderaterna.se\/stockholm\/nyhet\/forslag-till-forbundsstyrelse-for-moderaterna-i-stockholms-lan\/#breadcrumb\"},\"inLanguage\":\"sv-SE\",\"potentialAction\":[{\"@type\":\"ReadAction\",\"target\":[\"https:\/\/moderaterna.se\/stockholm\/nyhet\/forslag-till-forbundsstyrelse-for-moderaterna-i-stockholms-lan\/\"]}]},{\"@type\":\"BreadcrumbList\",\"@id\":\"https:\/\/moderaterna.se\/stockholm\/nyhet\/forslag-till-forbundsstyrelse-for-moderaterna-i-stockholms-lan\/#breadcrumb\",\"itemListElement\":[{\"@type\":\"ListItem\",\"position\":1,\"name\":\"Hem\",\"item\":\"https:\/\/moderaterna.se\/stockholm\/\"},{\"@type\":\"ListItem\",\"position\":2,\"name\":\"F\u00f6rslag till f\u00f6rbundsstyrelse f\u00f6r Moderaterna i Stockholms l\u00e4n:\"}]},{\"@type\":\"WebSite\",\"@id\":\"https:\/\/moderaterna.se\/stockholm\/#website\",\"url\":\"https:\/\/moderaterna.se\/stockholm\/\",\"name\":\"Moderaterna i Stockholms stad och l\u00e4n\",\"description\":\"Nu f\u00e5r vi ordning p\u00e5 Sverige\",\"publisher\":{\"@id\":\"https:\/\/moderaterna.se\/stockholm\/#organization\"},\"potentialAction\":[{\"@type\":\"SearchAction\",\"target\":{\"@type\":\"EntryPoint\",\"urlTemplate\":\"https:\/\/moderaterna.se\/stockholm\/?s={search_term_string}\"},\"query-input\":{\"@type\":\"PropertyValueSpecification\",\"valueRequired\":true,\"valueName\":\"search_term_string\"}}],\"inLanguage\":\"sv-SE\"},{\"@type\":\"Organization\",\"@id\":\"https:\/\/moderaterna.se\/stockholm\/#organization\",\"name\":\"Moderaterna\",\"url\":\"https:\/\/moderaterna.se\/stockholm\/\",\"logo\":{\"@type\":\"ImageObject\",\"inLanguage\":\"sv-SE\",\"@id\":\"https:\/\/moderaterna.se\/stockholm\/#\/schema\/logo\/image\/\",\"url\":\"https:\/\/moderaterna.se\/app\/uploads\/2021\/10\/logo-general@2x.png\",\"contentUrl\":\"https:\/\/moderaterna.se\/app\/uploads\/2021\/10\/logo-general@2x.png\",\"width\":122,\"height\":122,\"caption\":\"Moderaterna\"},\"image\":{\"@id\":\"https:\/\/moderaterna.se\/stockholm\/#\/schema\/logo\/image\/\"},\"sameAs\":[\"https:\/\/www.facebook.com\/ModeraternaSthlm\",\"https:\/\/x.com\/ModeratSthlm\",\"https:\/\/www.instagram.com\/moderatsthlm\/\",\"https:\/\/www.youtube.com\/user\/ModeraternaSthlm\"]},{\"@type\":\"Person\",\"@id\":\"https:\/\/moderaterna.se\/stockholm\/#\/schema\/person\/131c13b3e9baf0c3d99d695922825b80\",\"name\":\"Emilia \u00d6ije\",\"image\":{\"@type\":\"ImageObject\",\"inLanguage\":\"sv-SE\",\"@id\":\"https:\/\/moderaterna.se\/stockholm\/#\/schema\/person\/image\/\",\"url\":\"https:\/\/secure.gravatar.com\/avatar\/ee7b3b20a287882a43463d6e378177ed04c99ac9165cb4829a97ed6680a07caf?s=96&d=mm&r=g\",\"contentUrl\":\"https:\/\/secure.gravatar.com\/avatar\/ee7b3b20a287882a43463d6e378177ed04c99ac9165cb4829a97ed6680a07caf?s=96&d=mm&r=g\",\"caption\":\"Emilia \u00d6ije\"},\"url\":\"https:\/\/moderaterna.se\/stockholm\/author\/emiliaoije\/\"}]}<\/script>\n<!-- \/ Yoast SEO Premium plugin. -->","yoast_head_json":{"title":"F\u00f6rslag till f\u00f6rbundsstyrelse f\u00f6r Moderaterna i Stockholms l\u00e4n: | Moderaterna i Stockholms stad och l\u00e4n","robots":{"index":"index","follow":"follow","max-snippet":"max-snippet:-1","max-image-preview":"max-image-preview:large","max-video-preview":"max-video-preview:-1"},"canonical":"https:\/\/moderaterna.se\/stockholm\/nyhet\/forslag-till-forbundsstyrelse-for-moderaterna-i-stockholms-lan\/","og_locale":"sv_SE","og_type":"article","og_title":"F\u00f6rslag till f\u00f6rbundsstyrelse f\u00f6r Moderaterna i Stockholms l\u00e4n:","og_url":"https:\/\/moderaterna.se\/stockholm\/nyhet\/forslag-till-forbundsstyrelse-for-moderaterna-i-stockholms-lan\/","og_site_name":"Moderaterna i Stockholms stad och l\u00e4n","article_publisher":"https:\/\/www.facebook.com\/ModeraternaSthlm","article_published_time":"2023-04-18T09:56:00+00:00","article_modified_time":"2023-04-18T11:07:30+00:00","og_image":[{"url":"https:\/\/moderaterna.se\/app\/uploads\/sites\/5\/2023\/04\/Michaela-Fletcher-1024x683.jpg","type":"","width":"","height":""}],"author":"Emilia \u00d6ije","twitter_card":"summary_large_image","twitter_creator":"@ModeratSthlm","twitter_site":"@ModeratSthlm","twitter_misc":{"Skriven av":"Emilia \u00d6ije","Ber\u00e4knad l\u00e4stid":"2 minuter"},"schema":{"@context":"https:\/\/schema.org","@graph":[{"@type":"Article","@id":"https:\/\/moderaterna.se\/stockholm\/nyhet\/forslag-till-forbundsstyrelse-for-moderaterna-i-stockholms-lan\/#article","isPartOf":{"@id":"https:\/\/moderaterna.se\/stockholm\/nyhet\/forslag-till-forbundsstyrelse-for-moderaterna-i-stockholms-lan\/"},"author":{"name":"Emilia \u00d6ije","@id":"https:\/\/moderaterna.se\/stockholm\/#\/schema\/person\/131c13b3e9baf0c3d99d695922825b80"},"headline":"F\u00f6rslag till f\u00f6rbundsstyrelse f\u00f6r Moderaterna i Stockholms l\u00e4n:","datePublished":"2023-04-18T09:56:00+00:00","dateModified":"2023-04-18T11:07:30+00:00","mainEntityOfPage":{"@id":"https:\/\/moderaterna.se\/stockholm\/nyhet\/forslag-till-forbundsstyrelse-for-moderaterna-i-stockholms-lan\/"},"wordCount":236,"publisher":{"@id":"https:\/\/moderaterna.se\/stockholm\/#organization"},"articleSection":["Nyhet","Pressmeddelande"],"inLanguage":"sv-SE"},{"@type":"WebPage","@id":"https:\/\/moderaterna.se\/stockholm\/nyhet\/forslag-till-forbundsstyrelse-for-moderaterna-i-stockholms-lan\/","url":"https:\/\/moderaterna.se\/stockholm\/nyhet\/forslag-till-forbundsstyrelse-for-moderaterna-i-stockholms-lan\/","name":"F\u00f6rslag till f\u00f6rbundsstyrelse f\u00f6r Moderaterna i Stockholms l\u00e4n: | Moderaterna i Stockholms stad och l\u00e4n","isPartOf":{"@id":"https:\/\/moderaterna.se\/stockholm\/#website"},"datePublished":"2023-04-18T09:56:00+00:00","dateModified":"2023-04-18T11:07:30+00:00","breadcrumb":{"@id":"https:\/\/moderaterna.se\/stockholm\/nyhet\/forslag-till-forbundsstyrelse-for-moderaterna-i-stockholms-lan\/#breadcrumb"},"inLanguage":"sv-SE","potentialAction":[{"@type":"ReadAction","target":["https:\/\/moderaterna.se\/stockholm\/nyhet\/forslag-till-forbundsstyrelse-for-moderaterna-i-stockholms-lan\/"]}]},{"@type":"BreadcrumbList","@id":"https:\/\/moderaterna.se\/stockholm\/nyhet\/forslag-till-forbundsstyrelse-for-moderaterna-i-stockholms-lan\/#breadcrumb","itemListElement":[{"@type":"ListItem","position":1,"name":"Hem","item":"https:\/\/moderaterna.se\/stockholm\/"},{"@type":"ListItem","position":2,"name":"F\u00f6rslag till f\u00f6rbundsstyrelse f\u00f6r Moderaterna i Stockholms l\u00e4n:"}]},{"@type":"WebSite","@id":"https:\/\/moderaterna.se\/stockholm\/#website","url":"https:\/\/moderaterna.se\/stockholm\/","name":"Moderaterna i Stockholms stad och l\u00e4n","description":"Nu f\u00e5r vi ordning p\u00e5 Sverige","publisher":{"@id":"https:\/\/moderaterna.se\/stockholm\/#organization"},"potentialAction":[{"@type":"SearchAction","target":{"@type":"EntryPoint","urlTemplate":"https:\/\/moderaterna.se\/stockholm\/?s={search_term_string}"},"query-input":{"@type":"PropertyValueSpecification","valueRequired":true,"valueName":"search_term_string"}}],"inLanguage":"sv-SE"},{"@type":"Organization","@id":"https:\/\/moderaterna.se\/stockholm\/#organization","name":"Moderaterna","url":"https:\/\/moderaterna.se\/stockholm\/","logo":{"@type":"ImageObject","inLanguage":"sv-SE","@id":"https:\/\/moderaterna.se\/stockholm\/#\/schema\/logo\/image\/","url":"https:\/\/moderaterna.se\/app\/uploads\/2021\/10\/logo-general@2x.png","contentUrl":"https:\/\/moderaterna.se\/app\/uploads\/2021\/10\/logo-general@2x.png","width":122,"height":122,"caption":"Moderaterna"},"image":{"@id":"https:\/\/moderaterna.se\/stockholm\/#\/schema\/logo\/image\/"},"sameAs":["https:\/\/www.facebook.com\/ModeraternaSthlm","https:\/\/x.com\/ModeratSthlm","https:\/\/www.instagram.com\/moderatsthlm\/","https:\/\/www.youtube.com\/user\/ModeraternaSthlm"]},{"@type":"Person","@id":"https:\/\/moderaterna.se\/stockholm\/#\/schema\/person\/131c13b3e9baf0c3d99d695922825b80","name":"Emilia \u00d6ije","image":{"@type":"ImageObject","inLanguage":"sv-SE","@id":"https:\/\/moderaterna.se\/stockholm\/#\/schema\/person\/image\/","url":"https:\/\/secure.gravatar.com\/avatar\/ee7b3b20a287882a43463d6e378177ed04c99ac9165cb4829a97ed6680a07caf?s=96&d=mm&r=g","contentUrl":"https:\/\/secure.gravatar.com\/avatar\/ee7b3b20a287882a43463d6e378177ed04c99ac9165cb4829a97ed6680a07caf?s=96&d=mm&r=g","caption":"Emilia \u00d6ije"},"url":"https:\/\/moderaterna.se\/stockholm\/author\/emiliaoije\/"}]}},"publishpress_future_action":{"enabled":false,"date":"2026-05-03 17:50:18","action":"change-status","newStatus":"draft","terms":[],"taxonomy":"category"},"_links":{"self":[{"href":"https:\/\/moderaterna.se\/stockholm\/wp-json\/wp\/v2\/posts\/2657","targetHints":{"allow":["GET"]}}],"collection":[{"href":"https:\/\/moderaterna.se\/stockholm\/wp-json\/wp\/v2\/posts"}],"about":[{"href":"https:\/\/moderaterna.se\/stockholm\/wp-json\/wp\/v2\/types\/post"}],"author":[{"embeddable":true,"href":"https:\/\/moderaterna.se\/stockholm\/wp-json\/wp\/v2\/users\/57"}],"replies":[{"embeddable":true,"href":"https:\/\/moderaterna.se\/stockholm\/wp-json\/wp\/v2\/comments?post=2657"}],"version-history":[{"count":15,"href":"https:\/\/moderaterna.se\/stockholm\/wp-json\/wp\/v2\/posts\/2657\/revisions"}],"predecessor-version":[{"id":2682,"href":"https:\/\/moderaterna.se\/stockholm\/wp-json\/wp\/v2\/posts\/2657\/revisions\/2682"}],"wp:attachment":[{"href":"https:\/\/moderaterna.se\/stockholm\/wp-json\/wp\/v2\/media?parent=2657"}],"wp:term":[{"taxonomy":"category","embeddable":true,"href":"https:\/\/moderaterna.se\/stockholm\/wp-json\/wp\/v2\/categories?post=2657"},{"taxonomy":"post_tag","embeddable":true,"href":"https:\/\/moderaterna.se\/stockholm\/wp-json\/wp\/v2\/tags?post=2657"},{"taxonomy":"subject","embeddable":true,"href":"https:\/\/moderaterna.se\/stockholm\/wp-json\/wp\/v2\/subject?post=2657"}],"curies":[{"name":"wp","href":"https:\/\/api.w.org\/{rel}","templated":true}]}}