{"id":2219,"date":"2022-10-18T13:54:55","date_gmt":"2022-10-18T11:54:55","guid":{"rendered":"https:\/\/moderaterna.se\/stockholm\/?p=2219"},"modified":"2022-10-18T14:08:16","modified_gmt":"2022-10-18T12:08:16","slug":"christofer-fjellner-ny-gruppledare-och-oppositionsborgarrad-for-moderaterna-i-stockholms","status":"publish","type":"post","link":"https:\/\/moderaterna.se\/stockholm\/nyhet\/christofer-fjellner-ny-gruppledare-och-oppositionsborgarrad-for-moderaterna-i-stockholms\/","title":{"rendered":"Christofer Fjellner ny gruppledare och oppositionsborgarr\u00e5d  f\u00f6r Moderaterna i Stockholms"},"content":{"rendered":"\n<p><strong>M\u00e5ndag den 17 oktober valde den moderata kommunfullm\u00e4ktigegruppen enh\u00e4lligt Christofer Fjellner till ny gruppledare och finansborgarr\u00e5dskandidat. Kommunfullm\u00e4ktigegruppen valde \u00e4ven Dennis Wedin och Andr\u00e9a Hedin till oppositionsborgarr\u00e5d samt Cecilia Brinck till f\u00f6rste vice ordf\u00f6rande i kommunfullm\u00e4ktige.<\/strong><\/p>\n\n\n\n<ul class=\"wp-block-list\"><li>Jag \u00e4r stolt och glad \u00f6ver f\u00f6rtroendet att f\u00e5 leda Moderaterna i stadshuset. Det \u00e4r ett viktigt uppdrag och jag ser fram emot att tillsammans med moderater runtom i Stockholm arbeta h\u00e5rt f\u00f6r att vinna \u00f6kat st\u00f6d f\u00f6r en politik som ser m\u00f6jligheter \u00e4ven i en tid med stora utmaningar, s\u00e4ger Christofer Fjellner.<br><\/li><li>Stockholmarna beh\u00f6ver b\u00e5de trygghet och ett v\u00e4xande Stockholm. Vi ska bek\u00e4mpa v\u00e5ldet med full kraft, men vi m\u00e5ste ocks\u00e5 forts\u00e4tta att utveckla Stockholm som en v\u00e4rldsstad dit f\u00f6retag, kapital och talanger s\u00f6ker sig. Vi moderater vill se ett Stockholm d\u00e4r m\u00e4nniskor fr\u00e5n hela Sverige och v\u00e4rlden kan f\u00f6rverkliga sina dr\u00f6mmar, forts\u00e4tter Christofer Fjellner.<\/li><\/ul>\n\n\n\n<ul class=\"wp-block-list\"><li>V\u00e5r fr\u00e4msta drivkraft kommer fortsatt vara att h\u00e5lla ordning och reda i stadens ekonomi. Det vore f\u00f6r\u00f6dande om v\u00e4nsterkoalitionen upprepade samma misstag som senaste g\u00e5ngen de satt i majoritet. H\u00f6jda skatter och \u00f6kad l\u00e5neskuld \u00e4r det sista Stockholms skattebetalare beh\u00f6ver nu, s\u00e4ger Dennis Wedin.<\/li><\/ul>\n\n\n\n<p><strong>Andrea Hedin valdes till oppositionsborgarr\u00e5d f\u00f6r Moderaterna.<\/strong><\/p>\n\n\n\n<p id=\"h-dennis-wedin-valdes-till-oppositionsborgarrad-for-moderaterna-och-vice-gruppledare\"><strong>Dennis Wedin valdes till oppositionsborgarr\u00e5d f\u00f6r Moderaterna och vice gruppledare<\/strong>.<\/p>\n\n\n\n<ul class=\"wp-block-list\"><li>Stockholm \u00e4r i grunden en borgerlig stad och jag ser fram emot att arbeta f\u00f6r att detta ska \u00e5terspeglas i framtida valresultat. Jag \u00e4r \u00f6vertygad om att stockholmarna vill ha en politik som g\u00f6r det m\u00f6jligt att v\u00e4xa genom hela livet, oavsett varifr\u00e5n du kommer eller vilka dina f\u00f6r\u00e4ldrar \u00e4r, s\u00e4ger Andrea Hedin.<\/li><\/ul>\n\n\n\n<p><\/p>\n","protected":false},"excerpt":{"rendered":"<p>M\u00e5ndag den 17 oktober valde den moderata kommunfullm\u00e4ktigegruppen enh\u00e4lligt Christofer Fjellner till ny gruppledare och finansborgarr\u00e5dskandidat. Kommunfullm\u00e4ktigegruppen valde \u00e4ven Dennis Wedin och Andr\u00e9a Hedin till oppositionsborgarr\u00e5d samt Cecilia Brinck till f\u00f6rste vice ordf\u00f6rande i kommunfullm\u00e4ktige. Jag \u00e4r stolt och glad \u00f6ver f\u00f6rtroendet att f\u00e5 leda Moderaterna i stadshuset. Det \u00e4r ett viktigt uppdrag och jag [&hellip;]<\/p>\n","protected":false},"author":55,"featured_media":0,"comment_status":"closed","ping_status":"closed","sticky":false,"template":"","format":"standard","meta":{"_acf_changed":false,"_relevanssi_hide_post":"","_relevanssi_hide_content":"","_relevanssi_pin_for_all":"","_relevanssi_pin_keywords":"","_relevanssi_unpin_keywords":"","_relevanssi_related_keywords":"","_relevanssi_related_include_ids":"","_relevanssi_related_exclude_ids":"","_relevanssi_related_no_append":"","_relevanssi_related_not_related":"","_relevanssi_related_posts":"","_relevanssi_noindex_reason":"","footnotes":""},"categories":[1],"tags":[],"subject":[],"class_list":["post-2219","post","type-post","status-publish","format-standard","hentry","category-nyhet"],"acf":[],"yoast_head":"<!-- This site is optimized with the Yoast SEO Premium plugin v27.1 (Yoast SEO v27.1.1) - https:\/\/yoast.com\/product\/yoast-seo-premium-wordpress\/ -->\n<title>Christofer Fjellner ny gruppledare och oppositionsborgarr\u00e5d f\u00f6r Moderaterna i Stockholms | Moderaterna i Stockholms stad och l\u00e4n<\/title>\n<meta name=\"robots\" content=\"index, follow, max-snippet:-1, max-image-preview:large, max-video-preview:-1\" \/>\n<link rel=\"canonical\" href=\"https:\/\/moderaterna.se\/stockholm\/nyhet\/christofer-fjellner-ny-gruppledare-och-oppositionsborgarrad-for-moderaterna-i-stockholms\/\" \/>\n<meta property=\"og:locale\" content=\"sv_SE\" \/>\n<meta property=\"og:type\" content=\"article\" \/>\n<meta property=\"og:title\" content=\"Christofer Fjellner ny gruppledare och oppositionsborgarr\u00e5d f\u00f6r Moderaterna i Stockholms\" \/>\n<meta property=\"og:url\" content=\"https:\/\/moderaterna.se\/stockholm\/nyhet\/christofer-fjellner-ny-gruppledare-och-oppositionsborgarrad-for-moderaterna-i-stockholms\/\" \/>\n<meta property=\"og:site_name\" content=\"Moderaterna i Stockholms stad och l\u00e4n\" \/>\n<meta property=\"article:publisher\" content=\"https:\/\/www.facebook.com\/ModeraternaSthlm\" \/>\n<meta property=\"article:published_time\" content=\"2022-10-18T11:54:55+00:00\" \/>\n<meta property=\"article:modified_time\" content=\"2022-10-18T12:08:16+00:00\" \/>\n<meta property=\"og:image\" content=\"https:\/\/moderaterna.se\/app\/uploads\/sites\/5\/2022\/01\/DELNINGSBILD_hemsida_fo\u0308rstasida.png\" \/>\n\t<meta property=\"og:image:width\" content=\"1200\" \/>\n\t<meta property=\"og:image:height\" content=\"628\" \/>\n\t<meta property=\"og:image:type\" content=\"image\/png\" \/>\n<meta name=\"author\" content=\"Veronica Nordstr\u00f6m\" \/>\n<meta name=\"twitter:card\" content=\"summary_large_image\" \/>\n<meta name=\"twitter:creator\" content=\"@ModeratSthlm\" \/>\n<meta name=\"twitter:site\" content=\"@ModeratSthlm\" \/>\n<meta name=\"twitter:label1\" content=\"Skriven av\" \/>\n\t<meta name=\"twitter:data1\" content=\"Veronica Nordstr\u00f6m\" \/>\n\t<meta name=\"twitter:label2\" content=\"Ber\u00e4knad l\u00e4stid\" \/>\n\t<meta name=\"twitter:data2\" content=\"2 minuter\" \/>\n<script type=\"application\/ld+json\" class=\"yoast-schema-graph\">{\"@context\":\"https:\/\/schema.org\",\"@graph\":[{\"@type\":\"Article\",\"@id\":\"https:\/\/moderaterna.se\/stockholm\/nyhet\/christofer-fjellner-ny-gruppledare-och-oppositionsborgarrad-for-moderaterna-i-stockholms\/#article\",\"isPartOf\":{\"@id\":\"https:\/\/moderaterna.se\/stockholm\/nyhet\/christofer-fjellner-ny-gruppledare-och-oppositionsborgarrad-for-moderaterna-i-stockholms\/\"},\"author\":{\"name\":\"Veronica Nordstr\u00f6m\",\"@id\":\"https:\/\/moderaterna.se\/stockholm\/#\/schema\/person\/1790a6c815cef6251a1f13d3fd5254bd\"},\"headline\":\"Christofer Fjellner ny gruppledare och oppositionsborgarr\u00e5d f\u00f6r Moderaterna i Stockholms\",\"datePublished\":\"2022-10-18T11:54:55+00:00\",\"dateModified\":\"2022-10-18T12:08:16+00:00\",\"mainEntityOfPage\":{\"@id\":\"https:\/\/moderaterna.se\/stockholm\/nyhet\/christofer-fjellner-ny-gruppledare-och-oppositionsborgarrad-for-moderaterna-i-stockholms\/\"},\"wordCount\":323,\"publisher\":{\"@id\":\"https:\/\/moderaterna.se\/stockholm\/#organization\"},\"articleSection\":[\"Nyhet\"],\"inLanguage\":\"sv-SE\"},{\"@type\":\"WebPage\",\"@id\":\"https:\/\/moderaterna.se\/stockholm\/nyhet\/christofer-fjellner-ny-gruppledare-och-oppositionsborgarrad-for-moderaterna-i-stockholms\/\",\"url\":\"https:\/\/moderaterna.se\/stockholm\/nyhet\/christofer-fjellner-ny-gruppledare-och-oppositionsborgarrad-for-moderaterna-i-stockholms\/\",\"name\":\"Christofer Fjellner ny gruppledare och oppositionsborgarr\u00e5d f\u00f6r Moderaterna i Stockholms | Moderaterna i Stockholms stad och l\u00e4n\",\"isPartOf\":{\"@id\":\"https:\/\/moderaterna.se\/stockholm\/#website\"},\"datePublished\":\"2022-10-18T11:54:55+00:00\",\"dateModified\":\"2022-10-18T12:08:16+00:00\",\"breadcrumb\":{\"@id\":\"https:\/\/moderaterna.se\/stockholm\/nyhet\/christofer-fjellner-ny-gruppledare-och-oppositionsborgarrad-for-moderaterna-i-stockholms\/#breadcrumb\"},\"inLanguage\":\"sv-SE\",\"potentialAction\":[{\"@type\":\"ReadAction\",\"target\":[\"https:\/\/moderaterna.se\/stockholm\/nyhet\/christofer-fjellner-ny-gruppledare-och-oppositionsborgarrad-for-moderaterna-i-stockholms\/\"]}]},{\"@type\":\"BreadcrumbList\",\"@id\":\"https:\/\/moderaterna.se\/stockholm\/nyhet\/christofer-fjellner-ny-gruppledare-och-oppositionsborgarrad-for-moderaterna-i-stockholms\/#breadcrumb\",\"itemListElement\":[{\"@type\":\"ListItem\",\"position\":1,\"name\":\"Hem\",\"item\":\"https:\/\/moderaterna.se\/stockholm\/\"},{\"@type\":\"ListItem\",\"position\":2,\"name\":\"Christofer Fjellner ny gruppledare och oppositionsborgarr\u00e5d f\u00f6r Moderaterna i Stockholms\"}]},{\"@type\":\"WebSite\",\"@id\":\"https:\/\/moderaterna.se\/stockholm\/#website\",\"url\":\"https:\/\/moderaterna.se\/stockholm\/\",\"name\":\"Moderaterna i Stockholms stad och l\u00e4n\",\"description\":\"Nu f\u00e5r vi ordning p\u00e5 Sverige\",\"publisher\":{\"@id\":\"https:\/\/moderaterna.se\/stockholm\/#organization\"},\"potentialAction\":[{\"@type\":\"SearchAction\",\"target\":{\"@type\":\"EntryPoint\",\"urlTemplate\":\"https:\/\/moderaterna.se\/stockholm\/?s={search_term_string}\"},\"query-input\":{\"@type\":\"PropertyValueSpecification\",\"valueRequired\":true,\"valueName\":\"search_term_string\"}}],\"inLanguage\":\"sv-SE\"},{\"@type\":\"Organization\",\"@id\":\"https:\/\/moderaterna.se\/stockholm\/#organization\",\"name\":\"Moderaterna\",\"url\":\"https:\/\/moderaterna.se\/stockholm\/\",\"logo\":{\"@type\":\"ImageObject\",\"inLanguage\":\"sv-SE\",\"@id\":\"https:\/\/moderaterna.se\/stockholm\/#\/schema\/logo\/image\/\",\"url\":\"https:\/\/moderaterna.se\/app\/uploads\/2021\/10\/logo-general@2x.png\",\"contentUrl\":\"https:\/\/moderaterna.se\/app\/uploads\/2021\/10\/logo-general@2x.png\",\"width\":122,\"height\":122,\"caption\":\"Moderaterna\"},\"image\":{\"@id\":\"https:\/\/moderaterna.se\/stockholm\/#\/schema\/logo\/image\/\"},\"sameAs\":[\"https:\/\/www.facebook.com\/ModeraternaSthlm\",\"https:\/\/x.com\/ModeratSthlm\",\"https:\/\/www.instagram.com\/moderatsthlm\/\",\"https:\/\/www.youtube.com\/user\/ModeraternaSthlm\"]},{\"@type\":\"Person\",\"@id\":\"https:\/\/moderaterna.se\/stockholm\/#\/schema\/person\/1790a6c815cef6251a1f13d3fd5254bd\",\"name\":\"Veronica Nordstr\u00f6m\",\"image\":{\"@type\":\"ImageObject\",\"inLanguage\":\"sv-SE\",\"@id\":\"https:\/\/moderaterna.se\/stockholm\/#\/schema\/person\/image\/\",\"url\":\"https:\/\/secure.gravatar.com\/avatar\/cdb9d339dbafa52c812526e3f75df35bab1725c8375eaa3e17b27f2a40e8b094?s=96&d=mm&r=g\",\"contentUrl\":\"https:\/\/secure.gravatar.com\/avatar\/cdb9d339dbafa52c812526e3f75df35bab1725c8375eaa3e17b27f2a40e8b094?s=96&d=mm&r=g\",\"caption\":\"Veronica Nordstr\u00f6m\"},\"url\":\"https:\/\/moderaterna.se\/stockholm\/author\/veronicanordstrom\/\"}]}<\/script>\n<!-- \/ Yoast SEO Premium plugin. -->","yoast_head_json":{"title":"Christofer Fjellner ny gruppledare och oppositionsborgarr\u00e5d f\u00f6r Moderaterna i Stockholms | Moderaterna i Stockholms stad och l\u00e4n","robots":{"index":"index","follow":"follow","max-snippet":"max-snippet:-1","max-image-preview":"max-image-preview:large","max-video-preview":"max-video-preview:-1"},"canonical":"https:\/\/moderaterna.se\/stockholm\/nyhet\/christofer-fjellner-ny-gruppledare-och-oppositionsborgarrad-for-moderaterna-i-stockholms\/","og_locale":"sv_SE","og_type":"article","og_title":"Christofer Fjellner ny gruppledare och oppositionsborgarr\u00e5d f\u00f6r Moderaterna i Stockholms","og_url":"https:\/\/moderaterna.se\/stockholm\/nyhet\/christofer-fjellner-ny-gruppledare-och-oppositionsborgarrad-for-moderaterna-i-stockholms\/","og_site_name":"Moderaterna i Stockholms stad och l\u00e4n","article_publisher":"https:\/\/www.facebook.com\/ModeraternaSthlm","article_published_time":"2022-10-18T11:54:55+00:00","article_modified_time":"2022-10-18T12:08:16+00:00","og_image":[{"width":1200,"height":628,"url":"https:\/\/moderaterna.se\/app\/uploads\/sites\/5\/2022\/01\/DELNINGSBILD_hemsida_fo\u0308rstasida.png","type":"image\/png"}],"author":"Veronica Nordstr\u00f6m","twitter_card":"summary_large_image","twitter_creator":"@ModeratSthlm","twitter_site":"@ModeratSthlm","twitter_misc":{"Skriven av":"Veronica Nordstr\u00f6m","Ber\u00e4knad l\u00e4stid":"2 minuter"},"schema":{"@context":"https:\/\/schema.org","@graph":[{"@type":"Article","@id":"https:\/\/moderaterna.se\/stockholm\/nyhet\/christofer-fjellner-ny-gruppledare-och-oppositionsborgarrad-for-moderaterna-i-stockholms\/#article","isPartOf":{"@id":"https:\/\/moderaterna.se\/stockholm\/nyhet\/christofer-fjellner-ny-gruppledare-och-oppositionsborgarrad-for-moderaterna-i-stockholms\/"},"author":{"name":"Veronica Nordstr\u00f6m","@id":"https:\/\/moderaterna.se\/stockholm\/#\/schema\/person\/1790a6c815cef6251a1f13d3fd5254bd"},"headline":"Christofer Fjellner ny gruppledare och oppositionsborgarr\u00e5d f\u00f6r Moderaterna i Stockholms","datePublished":"2022-10-18T11:54:55+00:00","dateModified":"2022-10-18T12:08:16+00:00","mainEntityOfPage":{"@id":"https:\/\/moderaterna.se\/stockholm\/nyhet\/christofer-fjellner-ny-gruppledare-och-oppositionsborgarrad-for-moderaterna-i-stockholms\/"},"wordCount":323,"publisher":{"@id":"https:\/\/moderaterna.se\/stockholm\/#organization"},"articleSection":["Nyhet"],"inLanguage":"sv-SE"},{"@type":"WebPage","@id":"https:\/\/moderaterna.se\/stockholm\/nyhet\/christofer-fjellner-ny-gruppledare-och-oppositionsborgarrad-for-moderaterna-i-stockholms\/","url":"https:\/\/moderaterna.se\/stockholm\/nyhet\/christofer-fjellner-ny-gruppledare-och-oppositionsborgarrad-for-moderaterna-i-stockholms\/","name":"Christofer Fjellner ny gruppledare och oppositionsborgarr\u00e5d f\u00f6r Moderaterna i Stockholms | Moderaterna i Stockholms stad och l\u00e4n","isPartOf":{"@id":"https:\/\/moderaterna.se\/stockholm\/#website"},"datePublished":"2022-10-18T11:54:55+00:00","dateModified":"2022-10-18T12:08:16+00:00","breadcrumb":{"@id":"https:\/\/moderaterna.se\/stockholm\/nyhet\/christofer-fjellner-ny-gruppledare-och-oppositionsborgarrad-for-moderaterna-i-stockholms\/#breadcrumb"},"inLanguage":"sv-SE","potentialAction":[{"@type":"ReadAction","target":["https:\/\/moderaterna.se\/stockholm\/nyhet\/christofer-fjellner-ny-gruppledare-och-oppositionsborgarrad-for-moderaterna-i-stockholms\/"]}]},{"@type":"BreadcrumbList","@id":"https:\/\/moderaterna.se\/stockholm\/nyhet\/christofer-fjellner-ny-gruppledare-och-oppositionsborgarrad-for-moderaterna-i-stockholms\/#breadcrumb","itemListElement":[{"@type":"ListItem","position":1,"name":"Hem","item":"https:\/\/moderaterna.se\/stockholm\/"},{"@type":"ListItem","position":2,"name":"Christofer Fjellner ny gruppledare och oppositionsborgarr\u00e5d f\u00f6r Moderaterna i Stockholms"}]},{"@type":"WebSite","@id":"https:\/\/moderaterna.se\/stockholm\/#website","url":"https:\/\/moderaterna.se\/stockholm\/","name":"Moderaterna i Stockholms stad och l\u00e4n","description":"Nu f\u00e5r vi ordning p\u00e5 Sverige","publisher":{"@id":"https:\/\/moderaterna.se\/stockholm\/#organization"},"potentialAction":[{"@type":"SearchAction","target":{"@type":"EntryPoint","urlTemplate":"https:\/\/moderaterna.se\/stockholm\/?s={search_term_string}"},"query-input":{"@type":"PropertyValueSpecification","valueRequired":true,"valueName":"search_term_string"}}],"inLanguage":"sv-SE"},{"@type":"Organization","@id":"https:\/\/moderaterna.se\/stockholm\/#organization","name":"Moderaterna","url":"https:\/\/moderaterna.se\/stockholm\/","logo":{"@type":"ImageObject","inLanguage":"sv-SE","@id":"https:\/\/moderaterna.se\/stockholm\/#\/schema\/logo\/image\/","url":"https:\/\/moderaterna.se\/app\/uploads\/2021\/10\/logo-general@2x.png","contentUrl":"https:\/\/moderaterna.se\/app\/uploads\/2021\/10\/logo-general@2x.png","width":122,"height":122,"caption":"Moderaterna"},"image":{"@id":"https:\/\/moderaterna.se\/stockholm\/#\/schema\/logo\/image\/"},"sameAs":["https:\/\/www.facebook.com\/ModeraternaSthlm","https:\/\/x.com\/ModeratSthlm","https:\/\/www.instagram.com\/moderatsthlm\/","https:\/\/www.youtube.com\/user\/ModeraternaSthlm"]},{"@type":"Person","@id":"https:\/\/moderaterna.se\/stockholm\/#\/schema\/person\/1790a6c815cef6251a1f13d3fd5254bd","name":"Veronica Nordstr\u00f6m","image":{"@type":"ImageObject","inLanguage":"sv-SE","@id":"https:\/\/moderaterna.se\/stockholm\/#\/schema\/person\/image\/","url":"https:\/\/secure.gravatar.com\/avatar\/cdb9d339dbafa52c812526e3f75df35bab1725c8375eaa3e17b27f2a40e8b094?s=96&d=mm&r=g","contentUrl":"https:\/\/secure.gravatar.com\/avatar\/cdb9d339dbafa52c812526e3f75df35bab1725c8375eaa3e17b27f2a40e8b094?s=96&d=mm&r=g","caption":"Veronica Nordstr\u00f6m"},"url":"https:\/\/moderaterna.se\/stockholm\/author\/veronicanordstrom\/"}]}},"publishpress_future_action":{"enabled":false,"date":"2026-05-04 04:17:57","action":"change-status","newStatus":"draft","terms":[],"taxonomy":"category"},"_links":{"self":[{"href":"https:\/\/moderaterna.se\/stockholm\/wp-json\/wp\/v2\/posts\/2219","targetHints":{"allow":["GET"]}}],"collection":[{"href":"https:\/\/moderaterna.se\/stockholm\/wp-json\/wp\/v2\/posts"}],"about":[{"href":"https:\/\/moderaterna.se\/stockholm\/wp-json\/wp\/v2\/types\/post"}],"author":[{"embeddable":true,"href":"https:\/\/moderaterna.se\/stockholm\/wp-json\/wp\/v2\/users\/55"}],"replies":[{"embeddable":true,"href":"https:\/\/moderaterna.se\/stockholm\/wp-json\/wp\/v2\/comments?post=2219"}],"version-history":[{"count":7,"href":"https:\/\/moderaterna.se\/stockholm\/wp-json\/wp\/v2\/posts\/2219\/revisions"}],"predecessor-version":[{"id":2231,"href":"https:\/\/moderaterna.se\/stockholm\/wp-json\/wp\/v2\/posts\/2219\/revisions\/2231"}],"wp:attachment":[{"href":"https:\/\/moderaterna.se\/stockholm\/wp-json\/wp\/v2\/media?parent=2219"}],"wp:term":[{"taxonomy":"category","embeddable":true,"href":"https:\/\/moderaterna.se\/stockholm\/wp-json\/wp\/v2\/categories?post=2219"},{"taxonomy":"post_tag","embeddable":true,"href":"https:\/\/moderaterna.se\/stockholm\/wp-json\/wp\/v2\/tags?post=2219"},{"taxonomy":"subject","embeddable":true,"href":"https:\/\/moderaterna.se\/stockholm\/wp-json\/wp\/v2\/subject?post=2219"}],"curies":[{"name":"wp","href":"https:\/\/api.w.org\/{rel}","templated":true}]}}