{"id":2200,"date":"2022-10-03T10:43:44","date_gmt":"2022-10-03T08:43:44","guid":{"rendered":"https:\/\/moderaterna.se\/stockholm\/?p=2200"},"modified":"2022-10-03T10:43:45","modified_gmt":"2022-10-03T08:43:45","slug":"tack-till-dig-som-hjalpte-till-att-stoppa-fastighetsskatten","status":"publish","type":"post","link":"https:\/\/moderaterna.se\/stockholm\/nyhet\/tack-till-dig-som-hjalpte-till-att-stoppa-fastighetsskatten\/","title":{"rendered":"Tack till dig som hj\u00e4lpte till att stoppa fastighetsskatten!"},"content":{"rendered":"\n<p>Inf\u00f6r valet 2022 d\u00f6k fr\u00e5gan om en \u00e5terinf\u00f6rd fastighetsskatt \u00e5terigen upp p\u00e5 agendan. Det fanns minst nio olika f\u00f6rslag fr\u00e5n utredningar och politiska partier \u2013 d\u00e4ribland Socialdemokraterna i Stockholm och LO \u2013 p\u00e5 ett \u00e5terinf\u00f6rande av fastighetsskatten. Den tidigare godtyckliga fastighetsskatten avskaffades 2008 och ersattes med en kommunal avgift med ett takbelopp.<\/p>\n\n\n\n<p>Med anledning av det nyv\u00e4ckta intresset f\u00f6r fastighetsskatten startade Moderaterna i Stockholms stad och l\u00e4n en kampanjsida d\u00e4r man kunde r\u00e4kna ut hur stor fastighetsskatten skulle kunna bli f\u00f6r ett hush\u00e5ll, samt skriva under f\u00f6r att stoppa den.<\/p>\n\n\n\n<p>Totalt samlade vi cirka 30&nbsp;000 underskrifter, personliga ber\u00e4ttelser och ett enormt engagemang fr\u00e5n olika personer och lyckades tillsammans stoppa fastighetsskatten. Fr\u00e5n att Socialdemokraterna i Stockholm och flera andra tunga distrikt drev ett \u00e5terinf\u00f6rande av fastighetsskatten tvingades Socialdemokraterna i st\u00e4llet lova att inte \u00e5terinf\u00f6ra den.<\/p>\n\n\n\n<p>Tack vare ett valresultat som inneb\u00e4r regeringsskifte kan vi vara trygga med att fastighetsskatten inte kommer att \u00e5terinf\u00f6ras. Det hade inte varit m\u00f6jligt utan alla som har delat, spridit och opinionsbildat f\u00f6r att stoppa fastighetsskatten. Tillsammans gjorde vi det! Stort tack f\u00f6r det!<\/p>\n","protected":false},"excerpt":{"rendered":"<p>Inf\u00f6r valet 2022 d\u00f6k fr\u00e5gan om en \u00e5terinf\u00f6rd fastighetsskatt \u00e5terigen upp p\u00e5 agendan. Det fanns minst nio olika f\u00f6rslag fr\u00e5n utredningar och politiska partier \u2013 d\u00e4ribland Socialdemokraterna i Stockholm och LO \u2013 p\u00e5 ett \u00e5terinf\u00f6rande av fastighetsskatten. Den tidigare godtyckliga fastighetsskatten avskaffades 2008 och ersattes med en kommunal avgift med ett takbelopp. Med anledning av [&hellip;]<\/p>\n","protected":false},"author":57,"featured_media":0,"comment_status":"closed","ping_status":"closed","sticky":false,"template":"","format":"standard","meta":{"_acf_changed":false,"_relevanssi_hide_post":"","_relevanssi_hide_content":"","_relevanssi_pin_for_all":"","_relevanssi_pin_keywords":"","_relevanssi_unpin_keywords":"","_relevanssi_related_keywords":"","_relevanssi_related_include_ids":"","_relevanssi_related_exclude_ids":"","_relevanssi_related_no_append":"","_relevanssi_related_not_related":"","_relevanssi_related_posts":"2163,1906,979,1865,2003,1884","_relevanssi_noindex_reason":"","footnotes":""},"categories":[1],"tags":[],"subject":[],"class_list":["post-2200","post","type-post","status-publish","format-standard","hentry","category-nyhet"],"acf":[],"yoast_head":"<!-- This site is optimized with the Yoast SEO Premium plugin v27.1 (Yoast SEO v27.1.1) - https:\/\/yoast.com\/product\/yoast-seo-premium-wordpress\/ -->\n<title>Tack till dig som hj\u00e4lpte till att stoppa fastighetsskatten! | Moderaterna i Stockholms stad och l\u00e4n<\/title>\n<meta name=\"robots\" content=\"index, follow, max-snippet:-1, max-image-preview:large, max-video-preview:-1\" \/>\n<link rel=\"canonical\" href=\"https:\/\/moderaterna.se\/stockholm\/nyhet\/tack-till-dig-som-hjalpte-till-att-stoppa-fastighetsskatten\/\" \/>\n<meta property=\"og:locale\" content=\"sv_SE\" \/>\n<meta property=\"og:type\" content=\"article\" \/>\n<meta property=\"og:title\" content=\"Tack till dig som hj\u00e4lpte till att stoppa fastighetsskatten!\" \/>\n<meta property=\"og:url\" content=\"https:\/\/moderaterna.se\/stockholm\/nyhet\/tack-till-dig-som-hjalpte-till-att-stoppa-fastighetsskatten\/\" \/>\n<meta property=\"og:site_name\" content=\"Moderaterna i Stockholms stad och l\u00e4n\" \/>\n<meta property=\"article:publisher\" content=\"https:\/\/www.facebook.com\/ModeraternaSthlm\" \/>\n<meta property=\"article:published_time\" content=\"2022-10-03T08:43:44+00:00\" \/>\n<meta property=\"article:modified_time\" content=\"2022-10-03T08:43:45+00:00\" \/>\n<meta property=\"og:image\" content=\"https:\/\/moderaterna.se\/app\/uploads\/sites\/5\/2022\/10\/fastighetsskatt-kopiera-scaled.jpg\" \/>\n\t<meta property=\"og:image:width\" content=\"2560\" \/>\n\t<meta property=\"og:image:height\" content=\"1458\" \/>\n\t<meta property=\"og:image:type\" content=\"image\/jpeg\" \/>\n<meta name=\"author\" content=\"Emilia \u00d6ije\" \/>\n<meta name=\"twitter:card\" content=\"summary_large_image\" \/>\n<meta name=\"twitter:creator\" content=\"@ModeratSthlm\" \/>\n<meta name=\"twitter:site\" content=\"@ModeratSthlm\" \/>\n<meta name=\"twitter:label1\" content=\"Skriven av\" \/>\n\t<meta name=\"twitter:data1\" content=\"Emilia \u00d6ije\" \/>\n\t<meta name=\"twitter:label2\" content=\"Ber\u00e4knad l\u00e4stid\" \/>\n\t<meta name=\"twitter:data2\" content=\"1 minut\" \/>\n<script type=\"application\/ld+json\" class=\"yoast-schema-graph\">{\"@context\":\"https:\/\/schema.org\",\"@graph\":[{\"@type\":\"Article\",\"@id\":\"https:\/\/moderaterna.se\/stockholm\/nyhet\/tack-till-dig-som-hjalpte-till-att-stoppa-fastighetsskatten\/#article\",\"isPartOf\":{\"@id\":\"https:\/\/moderaterna.se\/stockholm\/nyhet\/tack-till-dig-som-hjalpte-till-att-stoppa-fastighetsskatten\/\"},\"author\":{\"name\":\"Emilia \u00d6ije\",\"@id\":\"https:\/\/moderaterna.se\/stockholm\/#\/schema\/person\/131c13b3e9baf0c3d99d695922825b80\"},\"headline\":\"Tack till dig som hj\u00e4lpte till att stoppa fastighetsskatten!\",\"datePublished\":\"2022-10-03T08:43:44+00:00\",\"dateModified\":\"2022-10-03T08:43:45+00:00\",\"mainEntityOfPage\":{\"@id\":\"https:\/\/moderaterna.se\/stockholm\/nyhet\/tack-till-dig-som-hjalpte-till-att-stoppa-fastighetsskatten\/\"},\"wordCount\":210,\"publisher\":{\"@id\":\"https:\/\/moderaterna.se\/stockholm\/#organization\"},\"articleSection\":[\"Nyhet\"],\"inLanguage\":\"sv-SE\"},{\"@type\":\"WebPage\",\"@id\":\"https:\/\/moderaterna.se\/stockholm\/nyhet\/tack-till-dig-som-hjalpte-till-att-stoppa-fastighetsskatten\/\",\"url\":\"https:\/\/moderaterna.se\/stockholm\/nyhet\/tack-till-dig-som-hjalpte-till-att-stoppa-fastighetsskatten\/\",\"name\":\"Tack till dig som hj\u00e4lpte till att stoppa fastighetsskatten! | Moderaterna i Stockholms stad och l\u00e4n\",\"isPartOf\":{\"@id\":\"https:\/\/moderaterna.se\/stockholm\/#website\"},\"datePublished\":\"2022-10-03T08:43:44+00:00\",\"dateModified\":\"2022-10-03T08:43:45+00:00\",\"breadcrumb\":{\"@id\":\"https:\/\/moderaterna.se\/stockholm\/nyhet\/tack-till-dig-som-hjalpte-till-att-stoppa-fastighetsskatten\/#breadcrumb\"},\"inLanguage\":\"sv-SE\",\"potentialAction\":[{\"@type\":\"ReadAction\",\"target\":[\"https:\/\/moderaterna.se\/stockholm\/nyhet\/tack-till-dig-som-hjalpte-till-att-stoppa-fastighetsskatten\/\"]}]},{\"@type\":\"BreadcrumbList\",\"@id\":\"https:\/\/moderaterna.se\/stockholm\/nyhet\/tack-till-dig-som-hjalpte-till-att-stoppa-fastighetsskatten\/#breadcrumb\",\"itemListElement\":[{\"@type\":\"ListItem\",\"position\":1,\"name\":\"Hem\",\"item\":\"https:\/\/moderaterna.se\/stockholm\/\"},{\"@type\":\"ListItem\",\"position\":2,\"name\":\"Tack till dig som hj\u00e4lpte till att stoppa fastighetsskatten!\"}]},{\"@type\":\"WebSite\",\"@id\":\"https:\/\/moderaterna.se\/stockholm\/#website\",\"url\":\"https:\/\/moderaterna.se\/stockholm\/\",\"name\":\"Moderaterna i Stockholms stad och l\u00e4n\",\"description\":\"Nu f\u00e5r vi ordning p\u00e5 Sverige\",\"publisher\":{\"@id\":\"https:\/\/moderaterna.se\/stockholm\/#organization\"},\"potentialAction\":[{\"@type\":\"SearchAction\",\"target\":{\"@type\":\"EntryPoint\",\"urlTemplate\":\"https:\/\/moderaterna.se\/stockholm\/?s={search_term_string}\"},\"query-input\":{\"@type\":\"PropertyValueSpecification\",\"valueRequired\":true,\"valueName\":\"search_term_string\"}}],\"inLanguage\":\"sv-SE\"},{\"@type\":\"Organization\",\"@id\":\"https:\/\/moderaterna.se\/stockholm\/#organization\",\"name\":\"Moderaterna\",\"url\":\"https:\/\/moderaterna.se\/stockholm\/\",\"logo\":{\"@type\":\"ImageObject\",\"inLanguage\":\"sv-SE\",\"@id\":\"https:\/\/moderaterna.se\/stockholm\/#\/schema\/logo\/image\/\",\"url\":\"https:\/\/moderaterna.se\/app\/uploads\/2021\/10\/logo-general@2x.png\",\"contentUrl\":\"https:\/\/moderaterna.se\/app\/uploads\/2021\/10\/logo-general@2x.png\",\"width\":122,\"height\":122,\"caption\":\"Moderaterna\"},\"image\":{\"@id\":\"https:\/\/moderaterna.se\/stockholm\/#\/schema\/logo\/image\/\"},\"sameAs\":[\"https:\/\/www.facebook.com\/ModeraternaSthlm\",\"https:\/\/x.com\/ModeratSthlm\",\"https:\/\/www.instagram.com\/moderatsthlm\/\",\"https:\/\/www.youtube.com\/user\/ModeraternaSthlm\"]},{\"@type\":\"Person\",\"@id\":\"https:\/\/moderaterna.se\/stockholm\/#\/schema\/person\/131c13b3e9baf0c3d99d695922825b80\",\"name\":\"Emilia \u00d6ije\",\"image\":{\"@type\":\"ImageObject\",\"inLanguage\":\"sv-SE\",\"@id\":\"https:\/\/moderaterna.se\/stockholm\/#\/schema\/person\/image\/\",\"url\":\"https:\/\/secure.gravatar.com\/avatar\/ee7b3b20a287882a43463d6e378177ed04c99ac9165cb4829a97ed6680a07caf?s=96&d=mm&r=g\",\"contentUrl\":\"https:\/\/secure.gravatar.com\/avatar\/ee7b3b20a287882a43463d6e378177ed04c99ac9165cb4829a97ed6680a07caf?s=96&d=mm&r=g\",\"caption\":\"Emilia \u00d6ije\"},\"url\":\"https:\/\/moderaterna.se\/stockholm\/author\/emiliaoije\/\"}]}<\/script>\n<!-- \/ Yoast SEO Premium plugin. -->","yoast_head_json":{"title":"Tack till dig som hj\u00e4lpte till att stoppa fastighetsskatten! | Moderaterna i Stockholms stad och l\u00e4n","robots":{"index":"index","follow":"follow","max-snippet":"max-snippet:-1","max-image-preview":"max-image-preview:large","max-video-preview":"max-video-preview:-1"},"canonical":"https:\/\/moderaterna.se\/stockholm\/nyhet\/tack-till-dig-som-hjalpte-till-att-stoppa-fastighetsskatten\/","og_locale":"sv_SE","og_type":"article","og_title":"Tack till dig som hj\u00e4lpte till att stoppa fastighetsskatten!","og_url":"https:\/\/moderaterna.se\/stockholm\/nyhet\/tack-till-dig-som-hjalpte-till-att-stoppa-fastighetsskatten\/","og_site_name":"Moderaterna i Stockholms stad och l\u00e4n","article_publisher":"https:\/\/www.facebook.com\/ModeraternaSthlm","article_published_time":"2022-10-03T08:43:44+00:00","article_modified_time":"2022-10-03T08:43:45+00:00","og_image":[{"width":2560,"height":1458,"url":"https:\/\/moderaterna.se\/app\/uploads\/sites\/5\/2022\/10\/fastighetsskatt-kopiera-scaled.jpg","type":"image\/jpeg"}],"author":"Emilia \u00d6ije","twitter_card":"summary_large_image","twitter_creator":"@ModeratSthlm","twitter_site":"@ModeratSthlm","twitter_misc":{"Skriven av":"Emilia \u00d6ije","Ber\u00e4knad l\u00e4stid":"1 minut"},"schema":{"@context":"https:\/\/schema.org","@graph":[{"@type":"Article","@id":"https:\/\/moderaterna.se\/stockholm\/nyhet\/tack-till-dig-som-hjalpte-till-att-stoppa-fastighetsskatten\/#article","isPartOf":{"@id":"https:\/\/moderaterna.se\/stockholm\/nyhet\/tack-till-dig-som-hjalpte-till-att-stoppa-fastighetsskatten\/"},"author":{"name":"Emilia \u00d6ije","@id":"https:\/\/moderaterna.se\/stockholm\/#\/schema\/person\/131c13b3e9baf0c3d99d695922825b80"},"headline":"Tack till dig som hj\u00e4lpte till att stoppa fastighetsskatten!","datePublished":"2022-10-03T08:43:44+00:00","dateModified":"2022-10-03T08:43:45+00:00","mainEntityOfPage":{"@id":"https:\/\/moderaterna.se\/stockholm\/nyhet\/tack-till-dig-som-hjalpte-till-att-stoppa-fastighetsskatten\/"},"wordCount":210,"publisher":{"@id":"https:\/\/moderaterna.se\/stockholm\/#organization"},"articleSection":["Nyhet"],"inLanguage":"sv-SE"},{"@type":"WebPage","@id":"https:\/\/moderaterna.se\/stockholm\/nyhet\/tack-till-dig-som-hjalpte-till-att-stoppa-fastighetsskatten\/","url":"https:\/\/moderaterna.se\/stockholm\/nyhet\/tack-till-dig-som-hjalpte-till-att-stoppa-fastighetsskatten\/","name":"Tack till dig som hj\u00e4lpte till att stoppa fastighetsskatten! | Moderaterna i Stockholms stad och l\u00e4n","isPartOf":{"@id":"https:\/\/moderaterna.se\/stockholm\/#website"},"datePublished":"2022-10-03T08:43:44+00:00","dateModified":"2022-10-03T08:43:45+00:00","breadcrumb":{"@id":"https:\/\/moderaterna.se\/stockholm\/nyhet\/tack-till-dig-som-hjalpte-till-att-stoppa-fastighetsskatten\/#breadcrumb"},"inLanguage":"sv-SE","potentialAction":[{"@type":"ReadAction","target":["https:\/\/moderaterna.se\/stockholm\/nyhet\/tack-till-dig-som-hjalpte-till-att-stoppa-fastighetsskatten\/"]}]},{"@type":"BreadcrumbList","@id":"https:\/\/moderaterna.se\/stockholm\/nyhet\/tack-till-dig-som-hjalpte-till-att-stoppa-fastighetsskatten\/#breadcrumb","itemListElement":[{"@type":"ListItem","position":1,"name":"Hem","item":"https:\/\/moderaterna.se\/stockholm\/"},{"@type":"ListItem","position":2,"name":"Tack till dig som hj\u00e4lpte till att stoppa fastighetsskatten!"}]},{"@type":"WebSite","@id":"https:\/\/moderaterna.se\/stockholm\/#website","url":"https:\/\/moderaterna.se\/stockholm\/","name":"Moderaterna i Stockholms stad och l\u00e4n","description":"Nu f\u00e5r vi ordning p\u00e5 Sverige","publisher":{"@id":"https:\/\/moderaterna.se\/stockholm\/#organization"},"potentialAction":[{"@type":"SearchAction","target":{"@type":"EntryPoint","urlTemplate":"https:\/\/moderaterna.se\/stockholm\/?s={search_term_string}"},"query-input":{"@type":"PropertyValueSpecification","valueRequired":true,"valueName":"search_term_string"}}],"inLanguage":"sv-SE"},{"@type":"Organization","@id":"https:\/\/moderaterna.se\/stockholm\/#organization","name":"Moderaterna","url":"https:\/\/moderaterna.se\/stockholm\/","logo":{"@type":"ImageObject","inLanguage":"sv-SE","@id":"https:\/\/moderaterna.se\/stockholm\/#\/schema\/logo\/image\/","url":"https:\/\/moderaterna.se\/app\/uploads\/2021\/10\/logo-general@2x.png","contentUrl":"https:\/\/moderaterna.se\/app\/uploads\/2021\/10\/logo-general@2x.png","width":122,"height":122,"caption":"Moderaterna"},"image":{"@id":"https:\/\/moderaterna.se\/stockholm\/#\/schema\/logo\/image\/"},"sameAs":["https:\/\/www.facebook.com\/ModeraternaSthlm","https:\/\/x.com\/ModeratSthlm","https:\/\/www.instagram.com\/moderatsthlm\/","https:\/\/www.youtube.com\/user\/ModeraternaSthlm"]},{"@type":"Person","@id":"https:\/\/moderaterna.se\/stockholm\/#\/schema\/person\/131c13b3e9baf0c3d99d695922825b80","name":"Emilia \u00d6ije","image":{"@type":"ImageObject","inLanguage":"sv-SE","@id":"https:\/\/moderaterna.se\/stockholm\/#\/schema\/person\/image\/","url":"https:\/\/secure.gravatar.com\/avatar\/ee7b3b20a287882a43463d6e378177ed04c99ac9165cb4829a97ed6680a07caf?s=96&d=mm&r=g","contentUrl":"https:\/\/secure.gravatar.com\/avatar\/ee7b3b20a287882a43463d6e378177ed04c99ac9165cb4829a97ed6680a07caf?s=96&d=mm&r=g","caption":"Emilia \u00d6ije"},"url":"https:\/\/moderaterna.se\/stockholm\/author\/emiliaoije\/"}]}},"publishpress_future_action":{"enabled":false,"date":"2026-05-04 04:14:54","action":"change-status","newStatus":"draft","terms":[],"taxonomy":"category"},"_links":{"self":[{"href":"https:\/\/moderaterna.se\/stockholm\/wp-json\/wp\/v2\/posts\/2200","targetHints":{"allow":["GET"]}}],"collection":[{"href":"https:\/\/moderaterna.se\/stockholm\/wp-json\/wp\/v2\/posts"}],"about":[{"href":"https:\/\/moderaterna.se\/stockholm\/wp-json\/wp\/v2\/types\/post"}],"author":[{"embeddable":true,"href":"https:\/\/moderaterna.se\/stockholm\/wp-json\/wp\/v2\/users\/57"}],"replies":[{"embeddable":true,"href":"https:\/\/moderaterna.se\/stockholm\/wp-json\/wp\/v2\/comments?post=2200"}],"version-history":[{"count":2,"href":"https:\/\/moderaterna.se\/stockholm\/wp-json\/wp\/v2\/posts\/2200\/revisions"}],"predecessor-version":[{"id":2203,"href":"https:\/\/moderaterna.se\/stockholm\/wp-json\/wp\/v2\/posts\/2200\/revisions\/2203"}],"wp:attachment":[{"href":"https:\/\/moderaterna.se\/stockholm\/wp-json\/wp\/v2\/media?parent=2200"}],"wp:term":[{"taxonomy":"category","embeddable":true,"href":"https:\/\/moderaterna.se\/stockholm\/wp-json\/wp\/v2\/categories?post=2200"},{"taxonomy":"post_tag","embeddable":true,"href":"https:\/\/moderaterna.se\/stockholm\/wp-json\/wp\/v2\/tags?post=2200"},{"taxonomy":"subject","embeddable":true,"href":"https:\/\/moderaterna.se\/stockholm\/wp-json\/wp\/v2\/subject?post=2200"}],"curies":[{"name":"wp","href":"https:\/\/api.w.org\/{rel}","templated":true}]}}