{"id":2174,"date":"2022-09-05T12:38:40","date_gmt":"2022-09-05T10:38:40","guid":{"rendered":"https:\/\/moderaterna.se\/stockholm\/?p=2174"},"modified":"2022-09-05T12:38:40","modified_gmt":"2022-09-05T10:38:40","slug":"m-i-stockholm-och-goteborg-statsministern-ljuger","status":"publish","type":"post","link":"https:\/\/moderaterna.se\/stockholm\/nyhet\/m-i-stockholm-och-goteborg-statsministern-ljuger\/","title":{"rendered":"M i Stockholm och G\u00f6teborg: Statsministern ljuger"},"content":{"rendered":"\n<p>Moderaterna i Stockholm och G\u00f6teborg bem\u00f6ter statsministerns uttalanden om utanf\u00f6rskapet i M-kommuner i en&nbsp;<a href=\"https:\/\/www.aftonbladet.se\/debatt\/a\/rEvXVK\/m-statsministern-ljuger-om-m-och-gangvaldet\">debattartikel i Aftonbladet.<\/a><\/p>\n\n\n\n<p>Magdalena Andersson ljuger n\u00e4r hon h\u00e4vdar att&nbsp;<a href=\"https:\/\/www.svt.se\/nyheter\/granskning\/ug\/statsministern-kritiserar-m-om-utsatta-omraden-trots-battre-utveckling-i-m-kommuner\">moderatledda kommuner ignorerar polisens larmrapporter om brottslighetens utveckling.<\/a><\/p>\n\n\n\n<p><strong>Sanningen \u00e4r raka motsatsen.<\/strong><\/p>\n\n\n\n<p>Vi Moderater har under den senaste mandatperioden g\u00e5ng p\u00e5 g\u00e5ng p\u00e5pekat behovet av fler poliser, f\u00f6r att just kunna v\u00e4nda utvecklingen.<\/p>\n\n\n\n<p>Vi har tillsammans med polisen v\u00e4djat till den socialdemokratiska regeringen att \u00f6ppna \u00f6gonen inf\u00f6r utvecklingen och g\u00f6ra det som kr\u00e4vs. Men vid varje tillf\u00e4lle har vi m\u00f6ts av ointresse fr\u00e5n Magdalena Andersson och hennes ministrar.<\/p>\n\n\n\n<h2 class=\"wp-block-heading\" id=\"h-\"><\/h2>\n\n\n\n<p>Nu p\u00e5st\u00e5r allts\u00e5 Sveriges statsminister att det \u00e4r Moderatledda kommuner som ignorerar polisens larmrapporter.<\/p>\n\n\n\n<p><strong>Sanningen \u00e4r att av de 15 utsatta omr\u00e5den som utvecklas i en positiv riktning ligger 12 i kommuner ledda av Moderater. Hur kan en statsminister ljuga s\u00e5 skaml\u00f6st?<\/strong><\/p>\n\n\n\n<h2 class=\"wp-block-heading\" id=\"h-\"><\/h2>\n\n\n\n<p>Kommuner kan inte g\u00f6ra allt men vi anv\u00e4nder de verktyg som st\u00e5r till buds och det har gett resultat. Vi har inte, som&nbsp;Socialdemokraterna, v\u00e4ntat i \u00e5tta \u00e5r med att b\u00f6rja \u201dv\u00e4nda stenar\u201d.<\/p>\n\n\n\n<p>I Stockholm har vi med ordning och reda i klassrummet och med fokus p\u00e5 kunskap, lyckats v\u00e4nda skolresultaten p\u00e5 J\u00e4rva. Antalet beh\u00f6riga till gymnasiet har sedan 2019 \u00f6kat fr\u00e5n 63 procent till n\u00e4rmare 80 procent.<\/p>\n\n\n\n<p><strong>Vi ser ocks\u00e5 ett trendbrott avseende skjutningar. Trots rekord i d\u00f6dsskjutningar i Sverige har J\u00e4rva inte haft en enda d\u00f6dsskjutning sedan januari och i Tensta har det inte avlossats ett skott.<\/strong><\/p>\n\n\n\n<p>Det har vi kunnat g\u00f6ra trots regeringens ointresse och tack vare fantastiska insatser fr\u00e5n socialtj\u00e4nst, polis och skolledare.<\/p>\n\n\n\n<h2 class=\"wp-block-heading\" id=\"h-\"><\/h2>\n\n\n\n<p>Polisen \u00e4r med oss i det f\u00f6rebyggande och konkreta arbetet, d\u00e4r vi samverkar p\u00e5 olika plan. Vi avlastar polisen med ordningsvakter, infrastruktur f\u00f6r kameror och socialtj\u00e4nstpersonal.<\/p>\n\n\n\n<p>Vi hade inte kunnat \u00f6nska ett b\u00e4ttre samarbete med polisen, men hade d\u00e4remot velat ha en regering som ser kommunernas utmaningar och ger s\u00e5v\u00e4l polisen som kommuner nya och kraftfulla verktyg f\u00f6r att bek\u00e4mpa brottsligheten.<\/p>\n\n\n\n<h2 class=\"wp-block-heading\" id=\"h-\"><\/h2>\n\n\n\n<p>I G\u00f6teborg tog det Moderatledda Alliansstyret \u00f6ver en stad med sju s\u00e4rskilt utsatta omr\u00e5den fr\u00e5n det tidigare socialdemokratiska styret.<\/p>\n\n\n\n<p>En av v\u00e5ra f\u00f6rsta \u00e5tg\u00e4rder var att s\u00e4tta upp m\u00e5let att vi inte ska ha n\u00e5gra s\u00e4rskilt utsatta omr\u00e5den till 2025.<\/p>\n\n\n\n<p>Det var och \u00e4r ett ambiti\u00f6st m\u00e5l, men redan nu har stadens och polisens arbete resulterat i att b\u00e5de Tynnered och G\u00e5rdsten graderats ned. Dessutom har det tidigare utsatta omr\u00e5det Rannebergen helt tagits bort fr\u00e5n listan.<\/p>\n\n\n\n<p><strong>Antalet g\u00e4ngrelaterade d\u00f6dsskjutningar har minskat markant. F\u00f6rra \u00e5ret sk\u00f6ts tre personer ihj\u00e4l i G\u00f6teborg. Hittills i \u00e5r \u00e4r samma siffra tv\u00e5. I samtliga fall har misst\u00e4nkta g\u00e4rningsm\u00e4n kunnat gripas och d\u00f6mas.<\/strong><\/p>\n\n\n\n<h2 class=\"wp-block-heading\" id=\"h-\"><\/h2>\n\n\n\n<p>En viktig del i v\u00e5rt arbete \u00e4r de 11 miljarder kronor som vi genom v\u00e5ra kommunala bostadsbolag satsar p\u00e5 fysisk upprustning och brottsf\u00f6rebyggande insatser i v\u00e5ra utsatta och s\u00e4rskilt utsatta omr\u00e5den.<\/p>\n\n\n\n<p>Till detta vill vi moderater satsa ytterligare en miljard kronor p\u00e5 skola och socialtj\u00e4nst, samt p\u00e5 att f\u00e5 fler i arbete.<\/p>\n\n\n\n<p>Dessutom har vi utvecklat en modell d\u00e4r n\u00e4ringslivet engagerar sig i enskilda omr\u00e5den, med Volvo Cars och Stena Fastigheters engagemang i Tynnered som det fr\u00e4msta exemplet.<\/p>\n\n\n\n<h2 class=\"wp-block-heading\" id=\"h-\"><\/h2>\n\n\n\n<p>P\u00e5 Socialdemokraternas valaffischer basuneras ut f\u00f6rm\u00e4tna l\u00f6ften om fler poliser. Det \u00e4r ett h\u00e5n mot stockholmarnas trygghet.<\/p>\n\n\n\n<p><strong>Stockholm har i dag efter sju \u00e5r av socialdemokratiskt styre f\u00e4rre poliser \u00e4n 2015. \u00c4nd\u00e5 har Socialdemokraterna mage att lova fler poliser och p\u00e5st\u00e5 att vi ignorerar v\u00e5ra utsatta omr\u00e5den.<\/strong><\/p>\n\n\n\n<p>Vi har \u00e4ven satsat p\u00e5 att g\u00f6ra otrygga platser mer inbjudande s\u00e5 att fler m\u00e4nniskor ska vistas d\u00e4r och p\u00e5 s\u00e5 s\u00e4tt g\u00f6ra dem \u00e4nnu tryggare. Vi har ocks\u00e5 ut\u00f6kat v\u00e5ra kommunala avhopparprogram f\u00f6r att minska g\u00e4ngkriminaliteten.<\/p>\n\n\n\n<p>Regeringen fortfarande inte infriat sitt l\u00f6fte fr\u00e5n 2019 om att inr\u00e4tta ett nationellt program.<\/p>\n\n\n\n<h2 class=\"wp-block-heading\" id=\"h-\"><\/h2>\n\n\n\n<p>Sanningen \u00e4r att v\u00e5ra kommuner aldrig tidigare lagt s\u00e5 stora resurser p\u00e5 att g\u00f6ra samh\u00e4llet tryggt, som under v\u00e5r ledning de senaste fyra \u00e5ren. Tyv\u00e4rr finns det fortfarande mycket kvar att g\u00f6ra.<\/p>\n\n\n\n<p><strong>S\u00e5 l\u00e4nge Socialdemokraterna sitter vid regeringsmakten kommer kommuner beh\u00f6va forts\u00e4tta avs\u00e4tta resurser f\u00f6r s\u00e5dant som egentligen inte borde beh\u00f6vas. Det enda s\u00e4ttet att komma till r\u00e4tta med brottsligheten, \u00e4r att byta ut regeringen.<\/strong><\/p>\n\n\n\n<p>R\u00f6sta p\u00e5 Moderaterna f\u00f6r mer trygghet i din stad.<\/p>\n\n\n\n<p><br><strong>Anna K\u00f6nig Jerlmyr<\/strong><strong>,&nbsp;<\/strong>Kommunstyrelsens ordf\u00f6rande, Stockholms stad (M)<br><strong>Axel Josefson,<\/strong>&nbsp;Kommunstyrelsens ordf\u00f6rande, G\u00f6teborgs stad (M)<\/p>\n","protected":false},"excerpt":{"rendered":"<p>Moderaterna i Stockholm och G\u00f6teborg bem\u00f6ter statsministerns uttalanden om utanf\u00f6rskapet i M-kommuner i en&nbsp;debattartikel i Aftonbladet. Magdalena Andersson ljuger n\u00e4r hon h\u00e4vdar att&nbsp;moderatledda kommuner ignorerar polisens larmrapporter om brottslighetens utveckling. Sanningen \u00e4r raka motsatsen. Vi Moderater har under den senaste mandatperioden g\u00e5ng p\u00e5 g\u00e5ng p\u00e5pekat behovet av fler poliser, f\u00f6r att just kunna v\u00e4nda utvecklingen. [&hellip;]<\/p>\n","protected":false},"author":57,"featured_media":0,"comment_status":"closed","ping_status":"closed","sticky":false,"template":"","format":"standard","meta":{"_acf_changed":false,"_relevanssi_hide_post":"","_relevanssi_hide_content":"","_relevanssi_pin_for_all":"","_relevanssi_pin_keywords":"","_relevanssi_unpin_keywords":"","_relevanssi_related_keywords":"","_relevanssi_related_include_ids":"","_relevanssi_related_exclude_ids":"","_relevanssi_related_no_append":"","_relevanssi_related_not_related":"","_relevanssi_related_posts":"","_relevanssi_noindex_reason":"","footnotes":""},"categories":[1],"tags":[],"subject":[],"class_list":["post-2174","post","type-post","status-publish","format-standard","hentry","category-nyhet"],"acf":[],"yoast_head":"<!-- This site is optimized with the Yoast SEO Premium plugin v27.1 (Yoast SEO v27.1.1) - https:\/\/yoast.com\/product\/yoast-seo-premium-wordpress\/ -->\n<title>M i Stockholm och G\u00f6teborg: Statsministern ljuger | Moderaterna i Stockholms stad och l\u00e4n<\/title>\n<meta name=\"robots\" content=\"index, follow, max-snippet:-1, max-image-preview:large, max-video-preview:-1\" \/>\n<link rel=\"canonical\" href=\"https:\/\/moderaterna.se\/stockholm\/nyhet\/m-i-stockholm-och-goteborg-statsministern-ljuger\/\" \/>\n<meta property=\"og:locale\" content=\"sv_SE\" \/>\n<meta property=\"og:type\" content=\"article\" \/>\n<meta property=\"og:title\" content=\"M i Stockholm och G\u00f6teborg: Statsministern ljuger\" \/>\n<meta property=\"og:url\" content=\"https:\/\/moderaterna.se\/stockholm\/nyhet\/m-i-stockholm-och-goteborg-statsministern-ljuger\/\" \/>\n<meta property=\"og:site_name\" content=\"Moderaterna i Stockholms stad och l\u00e4n\" \/>\n<meta property=\"article:publisher\" content=\"https:\/\/www.facebook.com\/ModeraternaSthlm\" \/>\n<meta property=\"article:published_time\" content=\"2022-09-05T10:38:40+00:00\" \/>\n<meta property=\"og:image\" content=\"https:\/\/moderaterna.se\/app\/uploads\/sites\/5\/2022\/01\/DELNINGSBILD_hemsida_fo\u0308rstasida.png\" \/>\n\t<meta property=\"og:image:width\" content=\"1200\" \/>\n\t<meta property=\"og:image:height\" content=\"628\" \/>\n\t<meta property=\"og:image:type\" content=\"image\/png\" \/>\n<meta name=\"author\" content=\"Emilia \u00d6ije\" \/>\n<meta name=\"twitter:card\" content=\"summary_large_image\" \/>\n<meta name=\"twitter:creator\" content=\"@ModeratSthlm\" \/>\n<meta name=\"twitter:site\" content=\"@ModeratSthlm\" \/>\n<meta name=\"twitter:label1\" content=\"Skriven av\" \/>\n\t<meta name=\"twitter:data1\" content=\"Emilia \u00d6ije\" \/>\n\t<meta name=\"twitter:label2\" content=\"Ber\u00e4knad l\u00e4stid\" \/>\n\t<meta name=\"twitter:data2\" content=\"4 minuter\" \/>\n<script type=\"application\/ld+json\" class=\"yoast-schema-graph\">{\"@context\":\"https:\/\/schema.org\",\"@graph\":[{\"@type\":\"Article\",\"@id\":\"https:\/\/moderaterna.se\/stockholm\/nyhet\/m-i-stockholm-och-goteborg-statsministern-ljuger\/#article\",\"isPartOf\":{\"@id\":\"https:\/\/moderaterna.se\/stockholm\/nyhet\/m-i-stockholm-och-goteborg-statsministern-ljuger\/\"},\"author\":{\"name\":\"Emilia \u00d6ije\",\"@id\":\"https:\/\/moderaterna.se\/stockholm\/#\/schema\/person\/131c13b3e9baf0c3d99d695922825b80\"},\"headline\":\"M i Stockholm och G\u00f6teborg: Statsministern ljuger\",\"datePublished\":\"2022-09-05T10:38:40+00:00\",\"mainEntityOfPage\":{\"@id\":\"https:\/\/moderaterna.se\/stockholm\/nyhet\/m-i-stockholm-och-goteborg-statsministern-ljuger\/\"},\"wordCount\":816,\"publisher\":{\"@id\":\"https:\/\/moderaterna.se\/stockholm\/#organization\"},\"articleSection\":[\"Nyhet\"],\"inLanguage\":\"sv-SE\"},{\"@type\":\"WebPage\",\"@id\":\"https:\/\/moderaterna.se\/stockholm\/nyhet\/m-i-stockholm-och-goteborg-statsministern-ljuger\/\",\"url\":\"https:\/\/moderaterna.se\/stockholm\/nyhet\/m-i-stockholm-och-goteborg-statsministern-ljuger\/\",\"name\":\"M i Stockholm och G\u00f6teborg: Statsministern ljuger | Moderaterna i Stockholms stad och l\u00e4n\",\"isPartOf\":{\"@id\":\"https:\/\/moderaterna.se\/stockholm\/#website\"},\"datePublished\":\"2022-09-05T10:38:40+00:00\",\"breadcrumb\":{\"@id\":\"https:\/\/moderaterna.se\/stockholm\/nyhet\/m-i-stockholm-och-goteborg-statsministern-ljuger\/#breadcrumb\"},\"inLanguage\":\"sv-SE\",\"potentialAction\":[{\"@type\":\"ReadAction\",\"target\":[\"https:\/\/moderaterna.se\/stockholm\/nyhet\/m-i-stockholm-och-goteborg-statsministern-ljuger\/\"]}]},{\"@type\":\"BreadcrumbList\",\"@id\":\"https:\/\/moderaterna.se\/stockholm\/nyhet\/m-i-stockholm-och-goteborg-statsministern-ljuger\/#breadcrumb\",\"itemListElement\":[{\"@type\":\"ListItem\",\"position\":1,\"name\":\"Hem\",\"item\":\"https:\/\/moderaterna.se\/stockholm\/\"},{\"@type\":\"ListItem\",\"position\":2,\"name\":\"M i Stockholm och G\u00f6teborg: Statsministern ljuger\"}]},{\"@type\":\"WebSite\",\"@id\":\"https:\/\/moderaterna.se\/stockholm\/#website\",\"url\":\"https:\/\/moderaterna.se\/stockholm\/\",\"name\":\"Moderaterna i Stockholms stad och l\u00e4n\",\"description\":\"Nu f\u00e5r vi ordning p\u00e5 Sverige\",\"publisher\":{\"@id\":\"https:\/\/moderaterna.se\/stockholm\/#organization\"},\"potentialAction\":[{\"@type\":\"SearchAction\",\"target\":{\"@type\":\"EntryPoint\",\"urlTemplate\":\"https:\/\/moderaterna.se\/stockholm\/?s={search_term_string}\"},\"query-input\":{\"@type\":\"PropertyValueSpecification\",\"valueRequired\":true,\"valueName\":\"search_term_string\"}}],\"inLanguage\":\"sv-SE\"},{\"@type\":\"Organization\",\"@id\":\"https:\/\/moderaterna.se\/stockholm\/#organization\",\"name\":\"Moderaterna\",\"url\":\"https:\/\/moderaterna.se\/stockholm\/\",\"logo\":{\"@type\":\"ImageObject\",\"inLanguage\":\"sv-SE\",\"@id\":\"https:\/\/moderaterna.se\/stockholm\/#\/schema\/logo\/image\/\",\"url\":\"https:\/\/moderaterna.se\/app\/uploads\/2021\/10\/logo-general@2x.png\",\"contentUrl\":\"https:\/\/moderaterna.se\/app\/uploads\/2021\/10\/logo-general@2x.png\",\"width\":122,\"height\":122,\"caption\":\"Moderaterna\"},\"image\":{\"@id\":\"https:\/\/moderaterna.se\/stockholm\/#\/schema\/logo\/image\/\"},\"sameAs\":[\"https:\/\/www.facebook.com\/ModeraternaSthlm\",\"https:\/\/x.com\/ModeratSthlm\",\"https:\/\/www.instagram.com\/moderatsthlm\/\",\"https:\/\/www.youtube.com\/user\/ModeraternaSthlm\"]},{\"@type\":\"Person\",\"@id\":\"https:\/\/moderaterna.se\/stockholm\/#\/schema\/person\/131c13b3e9baf0c3d99d695922825b80\",\"name\":\"Emilia \u00d6ije\",\"image\":{\"@type\":\"ImageObject\",\"inLanguage\":\"sv-SE\",\"@id\":\"https:\/\/moderaterna.se\/stockholm\/#\/schema\/person\/image\/\",\"url\":\"https:\/\/secure.gravatar.com\/avatar\/ee7b3b20a287882a43463d6e378177ed04c99ac9165cb4829a97ed6680a07caf?s=96&d=mm&r=g\",\"contentUrl\":\"https:\/\/secure.gravatar.com\/avatar\/ee7b3b20a287882a43463d6e378177ed04c99ac9165cb4829a97ed6680a07caf?s=96&d=mm&r=g\",\"caption\":\"Emilia \u00d6ije\"},\"url\":\"https:\/\/moderaterna.se\/stockholm\/author\/emiliaoije\/\"}]}<\/script>\n<!-- \/ Yoast SEO Premium plugin. -->","yoast_head_json":{"title":"M i Stockholm och G\u00f6teborg: Statsministern ljuger | Moderaterna i Stockholms stad och l\u00e4n","robots":{"index":"index","follow":"follow","max-snippet":"max-snippet:-1","max-image-preview":"max-image-preview:large","max-video-preview":"max-video-preview:-1"},"canonical":"https:\/\/moderaterna.se\/stockholm\/nyhet\/m-i-stockholm-och-goteborg-statsministern-ljuger\/","og_locale":"sv_SE","og_type":"article","og_title":"M i Stockholm och G\u00f6teborg: Statsministern ljuger","og_url":"https:\/\/moderaterna.se\/stockholm\/nyhet\/m-i-stockholm-och-goteborg-statsministern-ljuger\/","og_site_name":"Moderaterna i Stockholms stad och l\u00e4n","article_publisher":"https:\/\/www.facebook.com\/ModeraternaSthlm","article_published_time":"2022-09-05T10:38:40+00:00","og_image":[{"width":1200,"height":628,"url":"https:\/\/moderaterna.se\/app\/uploads\/sites\/5\/2022\/01\/DELNINGSBILD_hemsida_fo\u0308rstasida.png","type":"image\/png"}],"author":"Emilia \u00d6ije","twitter_card":"summary_large_image","twitter_creator":"@ModeratSthlm","twitter_site":"@ModeratSthlm","twitter_misc":{"Skriven av":"Emilia \u00d6ije","Ber\u00e4knad l\u00e4stid":"4 minuter"},"schema":{"@context":"https:\/\/schema.org","@graph":[{"@type":"Article","@id":"https:\/\/moderaterna.se\/stockholm\/nyhet\/m-i-stockholm-och-goteborg-statsministern-ljuger\/#article","isPartOf":{"@id":"https:\/\/moderaterna.se\/stockholm\/nyhet\/m-i-stockholm-och-goteborg-statsministern-ljuger\/"},"author":{"name":"Emilia \u00d6ije","@id":"https:\/\/moderaterna.se\/stockholm\/#\/schema\/person\/131c13b3e9baf0c3d99d695922825b80"},"headline":"M i Stockholm och G\u00f6teborg: Statsministern ljuger","datePublished":"2022-09-05T10:38:40+00:00","mainEntityOfPage":{"@id":"https:\/\/moderaterna.se\/stockholm\/nyhet\/m-i-stockholm-och-goteborg-statsministern-ljuger\/"},"wordCount":816,"publisher":{"@id":"https:\/\/moderaterna.se\/stockholm\/#organization"},"articleSection":["Nyhet"],"inLanguage":"sv-SE"},{"@type":"WebPage","@id":"https:\/\/moderaterna.se\/stockholm\/nyhet\/m-i-stockholm-och-goteborg-statsministern-ljuger\/","url":"https:\/\/moderaterna.se\/stockholm\/nyhet\/m-i-stockholm-och-goteborg-statsministern-ljuger\/","name":"M i Stockholm och G\u00f6teborg: Statsministern ljuger | Moderaterna i Stockholms stad och l\u00e4n","isPartOf":{"@id":"https:\/\/moderaterna.se\/stockholm\/#website"},"datePublished":"2022-09-05T10:38:40+00:00","breadcrumb":{"@id":"https:\/\/moderaterna.se\/stockholm\/nyhet\/m-i-stockholm-och-goteborg-statsministern-ljuger\/#breadcrumb"},"inLanguage":"sv-SE","potentialAction":[{"@type":"ReadAction","target":["https:\/\/moderaterna.se\/stockholm\/nyhet\/m-i-stockholm-och-goteborg-statsministern-ljuger\/"]}]},{"@type":"BreadcrumbList","@id":"https:\/\/moderaterna.se\/stockholm\/nyhet\/m-i-stockholm-och-goteborg-statsministern-ljuger\/#breadcrumb","itemListElement":[{"@type":"ListItem","position":1,"name":"Hem","item":"https:\/\/moderaterna.se\/stockholm\/"},{"@type":"ListItem","position":2,"name":"M i Stockholm och G\u00f6teborg: Statsministern ljuger"}]},{"@type":"WebSite","@id":"https:\/\/moderaterna.se\/stockholm\/#website","url":"https:\/\/moderaterna.se\/stockholm\/","name":"Moderaterna i Stockholms stad och l\u00e4n","description":"Nu f\u00e5r vi ordning p\u00e5 Sverige","publisher":{"@id":"https:\/\/moderaterna.se\/stockholm\/#organization"},"potentialAction":[{"@type":"SearchAction","target":{"@type":"EntryPoint","urlTemplate":"https:\/\/moderaterna.se\/stockholm\/?s={search_term_string}"},"query-input":{"@type":"PropertyValueSpecification","valueRequired":true,"valueName":"search_term_string"}}],"inLanguage":"sv-SE"},{"@type":"Organization","@id":"https:\/\/moderaterna.se\/stockholm\/#organization","name":"Moderaterna","url":"https:\/\/moderaterna.se\/stockholm\/","logo":{"@type":"ImageObject","inLanguage":"sv-SE","@id":"https:\/\/moderaterna.se\/stockholm\/#\/schema\/logo\/image\/","url":"https:\/\/moderaterna.se\/app\/uploads\/2021\/10\/logo-general@2x.png","contentUrl":"https:\/\/moderaterna.se\/app\/uploads\/2021\/10\/logo-general@2x.png","width":122,"height":122,"caption":"Moderaterna"},"image":{"@id":"https:\/\/moderaterna.se\/stockholm\/#\/schema\/logo\/image\/"},"sameAs":["https:\/\/www.facebook.com\/ModeraternaSthlm","https:\/\/x.com\/ModeratSthlm","https:\/\/www.instagram.com\/moderatsthlm\/","https:\/\/www.youtube.com\/user\/ModeraternaSthlm"]},{"@type":"Person","@id":"https:\/\/moderaterna.se\/stockholm\/#\/schema\/person\/131c13b3e9baf0c3d99d695922825b80","name":"Emilia \u00d6ije","image":{"@type":"ImageObject","inLanguage":"sv-SE","@id":"https:\/\/moderaterna.se\/stockholm\/#\/schema\/person\/image\/","url":"https:\/\/secure.gravatar.com\/avatar\/ee7b3b20a287882a43463d6e378177ed04c99ac9165cb4829a97ed6680a07caf?s=96&d=mm&r=g","contentUrl":"https:\/\/secure.gravatar.com\/avatar\/ee7b3b20a287882a43463d6e378177ed04c99ac9165cb4829a97ed6680a07caf?s=96&d=mm&r=g","caption":"Emilia \u00d6ije"},"url":"https:\/\/moderaterna.se\/stockholm\/author\/emiliaoije\/"}]}},"publishpress_future_action":{"enabled":false,"date":"2026-05-04 04:15:10","action":"change-status","newStatus":"draft","terms":[],"taxonomy":"category"},"_links":{"self":[{"href":"https:\/\/moderaterna.se\/stockholm\/wp-json\/wp\/v2\/posts\/2174","targetHints":{"allow":["GET"]}}],"collection":[{"href":"https:\/\/moderaterna.se\/stockholm\/wp-json\/wp\/v2\/posts"}],"about":[{"href":"https:\/\/moderaterna.se\/stockholm\/wp-json\/wp\/v2\/types\/post"}],"author":[{"embeddable":true,"href":"https:\/\/moderaterna.se\/stockholm\/wp-json\/wp\/v2\/users\/57"}],"replies":[{"embeddable":true,"href":"https:\/\/moderaterna.se\/stockholm\/wp-json\/wp\/v2\/comments?post=2174"}],"version-history":[{"count":1,"href":"https:\/\/moderaterna.se\/stockholm\/wp-json\/wp\/v2\/posts\/2174\/revisions"}],"predecessor-version":[{"id":2175,"href":"https:\/\/moderaterna.se\/stockholm\/wp-json\/wp\/v2\/posts\/2174\/revisions\/2175"}],"wp:attachment":[{"href":"https:\/\/moderaterna.se\/stockholm\/wp-json\/wp\/v2\/media?parent=2174"}],"wp:term":[{"taxonomy":"category","embeddable":true,"href":"https:\/\/moderaterna.se\/stockholm\/wp-json\/wp\/v2\/categories?post=2174"},{"taxonomy":"post_tag","embeddable":true,"href":"https:\/\/moderaterna.se\/stockholm\/wp-json\/wp\/v2\/tags?post=2174"},{"taxonomy":"subject","embeddable":true,"href":"https:\/\/moderaterna.se\/stockholm\/wp-json\/wp\/v2\/subject?post=2174"}],"curies":[{"name":"wp","href":"https:\/\/api.w.org\/{rel}","templated":true}]}}