{"id":2171,"date":"2022-09-05T12:37:38","date_gmt":"2022-09-05T10:37:38","guid":{"rendered":"https:\/\/moderaterna.se\/stockholm\/?p=2171"},"modified":"2022-09-05T12:37:39","modified_gmt":"2022-09-05T10:37:39","slug":"250-miljoner-till-sarskilt-idrottslyft-i-utsatta-omraden","status":"publish","type":"post","link":"https:\/\/moderaterna.se\/stockholm\/nyhet\/250-miljoner-till-sarskilt-idrottslyft-i-utsatta-omraden\/","title":{"rendered":"250 miljoner till s\u00e4rskilt idrottslyft i utsatta omr\u00e5den"},"content":{"rendered":"\n<p><strong>G\u00e4ngkriminaliteten kryper allt l\u00e4ngre ner i \u00e5ldrarna och g\u00e4ngen drar sig inte f\u00f6r att utnyttja barn. D\u00e4rf\u00f6r m\u00e5ste vi st\u00e4rka st\u00f6det f\u00f6r barn och ungdomar som riskerar att dras in i kriminalitet.<\/strong><\/p>\n\n\n\n<figure class=\"wp-block-table\"><table><tbody><tr><td>Det mest brottsf\u00f6rebyggande p\u00e5 kort sikt \u00e4r att s\u00e4tta fler g\u00e4ngkriminella i f\u00e4ngelse. D\u00e5 kan de inte beg\u00e5 fler brott och inte rekrytera in fler unga i kriminalitet, men p\u00e5 l\u00e4ngre sikt beh\u00f6vs satsningar f\u00f6r att f\u00f6rhindra att fler dras in i kriminalitet. F\u00f6r Moderaterna \u00e4r brottsbek\u00e4mpning, bland annat i form av h\u00e5rdare straff och brottsf\u00f6rebyggande arbete tv\u00e5 sidor av samma mynt. B\u00e5da beh\u00f6vs.<br><br>F\u00f6r barn och unga som halkat snett i livet, har en sv\u00e5r situation i hemmet eller \u00e4r i riskzonen f\u00f6r kriminalitet ska samh\u00e4llet erbjuda ett starkt skyddsn\u00e4t. H\u00e4r fyller civilsamh\u00e4llet med bland annat idrottsf\u00f6reningar en viktig roll. F\u00f6r ungdomar som halkat snett kan idrott och f\u00f6rebilder i dessa milj\u00f6er skapa m\u00f6jligheter att i f\u00f6rl\u00e4ngningen f\u00f6rebygga brott.<br><br>Ungdomar i riskzon att dras in i kriminalitet saknar ofta tillg\u00e5ng till meningsfulla fritidsaktiviteter. D\u00e4rf\u00f6r \u00e4r det viktigt att p\u00e5 alla s\u00e4tt uppmuntra och st\u00f6dja idrottsprojekt f\u00f6r att fler ungdomar ska ha en meningsfull fritid och k\u00e4nna sig delaktiga i samh\u00e4llet. Det skapar samh\u00f6righet, identitet, positiva v\u00e4gar in i samh\u00e4llets gemenskap samtidigt som en m\u00f6jlighet skapas att bryta destruktiva milj\u00f6er. Det \u00e4r inte minst viktigt i utsatta omr\u00e5den.<br><br>Alla ungdomar beh\u00f6ver tillg\u00e5ng till meningsfulla fritidsaktiviteter. F\u00f6reningslivet och idrotten \u00e4r viktiga akt\u00f6rer som g\u00f6r stora insatser, \u00e4ven i brottsf\u00f6rebyggande syfte.&nbsp; Moderaterna vill d\u00e4rf\u00f6r rikta s\u00e4rskilda satsningar mot idrottsprojekt i de omr\u00e5den som polisen anser som utsatta och d\u00e4r behovet av en meningsfull och strukturerad vardag f\u00f6r barn och ungdomar \u00e4r stor. Moderaterna satsar 250 miljoner kronor f\u00f6r ett s\u00e4rskilt idrottslyft i utsatta omr\u00e5den. Pengarna betalas ut som st\u00f6d till idrotten och f\u00e5r sedan f\u00f6rdelas till relevanta projekt. &nbsp;<\/td><\/tr><\/tbody><\/table><\/figure>\n\n\n\n<ul class=\"wp-block-list\"><li>Moderaterna vill d\u00e4rf\u00f6r rikta s\u00e4rskilda satsningar mot idrottsprojekt i de omr\u00e5den som polisen anser som utsatta och d\u00e4r behovet av en meningsfull och strukturerad vardag f\u00f6r barn och ungdomar \u00e4r stor.<\/li><li>Moderaterna satsar 250 miljoner kronor f\u00f6r ett s\u00e4rskilt idrottslyft i utsatta omr\u00e5den. Pengarna betalas ut som st\u00f6d till idrotten och f\u00e5r sedan f\u00f6rdelas till relevanta projekt.<\/li><\/ul>\n","protected":false},"excerpt":{"rendered":"<p>G\u00e4ngkriminaliteten kryper allt l\u00e4ngre ner i \u00e5ldrarna och g\u00e4ngen drar sig inte f\u00f6r att utnyttja barn. D\u00e4rf\u00f6r m\u00e5ste vi st\u00e4rka st\u00f6det f\u00f6r barn och ungdomar som riskerar att dras in i kriminalitet. Det mest brottsf\u00f6rebyggande p\u00e5 kort sikt \u00e4r att s\u00e4tta fler g\u00e4ngkriminella i f\u00e4ngelse. D\u00e5 kan de inte beg\u00e5 fler brott och inte rekrytera [&hellip;]<\/p>\n","protected":false},"author":57,"featured_media":0,"comment_status":"closed","ping_status":"closed","sticky":false,"template":"","format":"standard","meta":{"_acf_changed":false,"_relevanssi_hide_post":"","_relevanssi_hide_content":"","_relevanssi_pin_for_all":"","_relevanssi_pin_keywords":"","_relevanssi_unpin_keywords":"","_relevanssi_related_keywords":"","_relevanssi_related_include_ids":"","_relevanssi_related_exclude_ids":"","_relevanssi_related_no_append":"","_relevanssi_related_not_related":"","_relevanssi_related_posts":"","_relevanssi_noindex_reason":"","footnotes":""},"categories":[1],"tags":[],"subject":[],"class_list":["post-2171","post","type-post","status-publish","format-standard","hentry","category-nyhet"],"acf":[],"yoast_head":"<!-- This site is optimized with the Yoast SEO Premium plugin v27.1 (Yoast SEO v27.1.1) - https:\/\/yoast.com\/product\/yoast-seo-premium-wordpress\/ -->\n<title>250 miljoner till s\u00e4rskilt idrottslyft i utsatta omr\u00e5den | Moderaterna i Stockholms stad och l\u00e4n<\/title>\n<meta name=\"robots\" content=\"index, follow, max-snippet:-1, max-image-preview:large, max-video-preview:-1\" \/>\n<link rel=\"canonical\" href=\"https:\/\/moderaterna.se\/stockholm\/nyhet\/250-miljoner-till-sarskilt-idrottslyft-i-utsatta-omraden\/\" \/>\n<meta property=\"og:locale\" content=\"sv_SE\" \/>\n<meta property=\"og:type\" content=\"article\" \/>\n<meta property=\"og:title\" content=\"250 miljoner till s\u00e4rskilt idrottslyft i utsatta omr\u00e5den\" \/>\n<meta property=\"og:url\" content=\"https:\/\/moderaterna.se\/stockholm\/nyhet\/250-miljoner-till-sarskilt-idrottslyft-i-utsatta-omraden\/\" \/>\n<meta property=\"og:site_name\" content=\"Moderaterna i Stockholms stad och l\u00e4n\" \/>\n<meta property=\"article:publisher\" content=\"https:\/\/www.facebook.com\/ModeraternaSthlm\" \/>\n<meta property=\"article:published_time\" content=\"2022-09-05T10:37:38+00:00\" \/>\n<meta property=\"article:modified_time\" content=\"2022-09-05T10:37:39+00:00\" \/>\n<meta property=\"og:image\" content=\"https:\/\/moderaterna.se\/app\/uploads\/sites\/5\/2022\/01\/DELNINGSBILD_hemsida_fo\u0308rstasida.png\" \/>\n\t<meta property=\"og:image:width\" content=\"1200\" \/>\n\t<meta property=\"og:image:height\" content=\"628\" \/>\n\t<meta property=\"og:image:type\" content=\"image\/png\" \/>\n<meta name=\"author\" content=\"Emilia \u00d6ije\" \/>\n<meta name=\"twitter:card\" content=\"summary_large_image\" \/>\n<meta name=\"twitter:creator\" content=\"@ModeratSthlm\" \/>\n<meta name=\"twitter:site\" content=\"@ModeratSthlm\" \/>\n<meta name=\"twitter:label1\" content=\"Skriven av\" \/>\n\t<meta name=\"twitter:data1\" content=\"Emilia \u00d6ije\" \/>\n\t<meta name=\"twitter:label2\" content=\"Ber\u00e4knad l\u00e4stid\" \/>\n\t<meta name=\"twitter:data2\" content=\"2 minuter\" \/>\n<script type=\"application\/ld+json\" class=\"yoast-schema-graph\">{\"@context\":\"https:\/\/schema.org\",\"@graph\":[{\"@type\":\"Article\",\"@id\":\"https:\/\/moderaterna.se\/stockholm\/nyhet\/250-miljoner-till-sarskilt-idrottslyft-i-utsatta-omraden\/#article\",\"isPartOf\":{\"@id\":\"https:\/\/moderaterna.se\/stockholm\/nyhet\/250-miljoner-till-sarskilt-idrottslyft-i-utsatta-omraden\/\"},\"author\":{\"name\":\"Emilia \u00d6ije\",\"@id\":\"https:\/\/moderaterna.se\/stockholm\/#\/schema\/person\/131c13b3e9baf0c3d99d695922825b80\"},\"headline\":\"250 miljoner till s\u00e4rskilt idrottslyft i utsatta omr\u00e5den\",\"datePublished\":\"2022-09-05T10:37:38+00:00\",\"dateModified\":\"2022-09-05T10:37:39+00:00\",\"mainEntityOfPage\":{\"@id\":\"https:\/\/moderaterna.se\/stockholm\/nyhet\/250-miljoner-till-sarskilt-idrottslyft-i-utsatta-omraden\/\"},\"wordCount\":447,\"publisher\":{\"@id\":\"https:\/\/moderaterna.se\/stockholm\/#organization\"},\"articleSection\":[\"Nyhet\"],\"inLanguage\":\"sv-SE\"},{\"@type\":\"WebPage\",\"@id\":\"https:\/\/moderaterna.se\/stockholm\/nyhet\/250-miljoner-till-sarskilt-idrottslyft-i-utsatta-omraden\/\",\"url\":\"https:\/\/moderaterna.se\/stockholm\/nyhet\/250-miljoner-till-sarskilt-idrottslyft-i-utsatta-omraden\/\",\"name\":\"250 miljoner till s\u00e4rskilt idrottslyft i utsatta omr\u00e5den | Moderaterna i Stockholms stad och l\u00e4n\",\"isPartOf\":{\"@id\":\"https:\/\/moderaterna.se\/stockholm\/#website\"},\"datePublished\":\"2022-09-05T10:37:38+00:00\",\"dateModified\":\"2022-09-05T10:37:39+00:00\",\"breadcrumb\":{\"@id\":\"https:\/\/moderaterna.se\/stockholm\/nyhet\/250-miljoner-till-sarskilt-idrottslyft-i-utsatta-omraden\/#breadcrumb\"},\"inLanguage\":\"sv-SE\",\"potentialAction\":[{\"@type\":\"ReadAction\",\"target\":[\"https:\/\/moderaterna.se\/stockholm\/nyhet\/250-miljoner-till-sarskilt-idrottslyft-i-utsatta-omraden\/\"]}]},{\"@type\":\"BreadcrumbList\",\"@id\":\"https:\/\/moderaterna.se\/stockholm\/nyhet\/250-miljoner-till-sarskilt-idrottslyft-i-utsatta-omraden\/#breadcrumb\",\"itemListElement\":[{\"@type\":\"ListItem\",\"position\":1,\"name\":\"Hem\",\"item\":\"https:\/\/moderaterna.se\/stockholm\/\"},{\"@type\":\"ListItem\",\"position\":2,\"name\":\"250 miljoner till s\u00e4rskilt idrottslyft i utsatta omr\u00e5den\"}]},{\"@type\":\"WebSite\",\"@id\":\"https:\/\/moderaterna.se\/stockholm\/#website\",\"url\":\"https:\/\/moderaterna.se\/stockholm\/\",\"name\":\"Moderaterna i Stockholms stad och l\u00e4n\",\"description\":\"Nu f\u00e5r vi ordning p\u00e5 Sverige\",\"publisher\":{\"@id\":\"https:\/\/moderaterna.se\/stockholm\/#organization\"},\"potentialAction\":[{\"@type\":\"SearchAction\",\"target\":{\"@type\":\"EntryPoint\",\"urlTemplate\":\"https:\/\/moderaterna.se\/stockholm\/?s={search_term_string}\"},\"query-input\":{\"@type\":\"PropertyValueSpecification\",\"valueRequired\":true,\"valueName\":\"search_term_string\"}}],\"inLanguage\":\"sv-SE\"},{\"@type\":\"Organization\",\"@id\":\"https:\/\/moderaterna.se\/stockholm\/#organization\",\"name\":\"Moderaterna\",\"url\":\"https:\/\/moderaterna.se\/stockholm\/\",\"logo\":{\"@type\":\"ImageObject\",\"inLanguage\":\"sv-SE\",\"@id\":\"https:\/\/moderaterna.se\/stockholm\/#\/schema\/logo\/image\/\",\"url\":\"https:\/\/moderaterna.se\/app\/uploads\/2021\/10\/logo-general@2x.png\",\"contentUrl\":\"https:\/\/moderaterna.se\/app\/uploads\/2021\/10\/logo-general@2x.png\",\"width\":122,\"height\":122,\"caption\":\"Moderaterna\"},\"image\":{\"@id\":\"https:\/\/moderaterna.se\/stockholm\/#\/schema\/logo\/image\/\"},\"sameAs\":[\"https:\/\/www.facebook.com\/ModeraternaSthlm\",\"https:\/\/x.com\/ModeratSthlm\",\"https:\/\/www.instagram.com\/moderatsthlm\/\",\"https:\/\/www.youtube.com\/user\/ModeraternaSthlm\"]},{\"@type\":\"Person\",\"@id\":\"https:\/\/moderaterna.se\/stockholm\/#\/schema\/person\/131c13b3e9baf0c3d99d695922825b80\",\"name\":\"Emilia \u00d6ije\",\"image\":{\"@type\":\"ImageObject\",\"inLanguage\":\"sv-SE\",\"@id\":\"https:\/\/moderaterna.se\/stockholm\/#\/schema\/person\/image\/\",\"url\":\"https:\/\/secure.gravatar.com\/avatar\/ee7b3b20a287882a43463d6e378177ed04c99ac9165cb4829a97ed6680a07caf?s=96&d=mm&r=g\",\"contentUrl\":\"https:\/\/secure.gravatar.com\/avatar\/ee7b3b20a287882a43463d6e378177ed04c99ac9165cb4829a97ed6680a07caf?s=96&d=mm&r=g\",\"caption\":\"Emilia \u00d6ije\"},\"url\":\"https:\/\/moderaterna.se\/stockholm\/author\/emiliaoije\/\"}]}<\/script>\n<!-- \/ Yoast SEO Premium plugin. -->","yoast_head_json":{"title":"250 miljoner till s\u00e4rskilt idrottslyft i utsatta omr\u00e5den | Moderaterna i Stockholms stad och l\u00e4n","robots":{"index":"index","follow":"follow","max-snippet":"max-snippet:-1","max-image-preview":"max-image-preview:large","max-video-preview":"max-video-preview:-1"},"canonical":"https:\/\/moderaterna.se\/stockholm\/nyhet\/250-miljoner-till-sarskilt-idrottslyft-i-utsatta-omraden\/","og_locale":"sv_SE","og_type":"article","og_title":"250 miljoner till s\u00e4rskilt idrottslyft i utsatta omr\u00e5den","og_url":"https:\/\/moderaterna.se\/stockholm\/nyhet\/250-miljoner-till-sarskilt-idrottslyft-i-utsatta-omraden\/","og_site_name":"Moderaterna i Stockholms stad och l\u00e4n","article_publisher":"https:\/\/www.facebook.com\/ModeraternaSthlm","article_published_time":"2022-09-05T10:37:38+00:00","article_modified_time":"2022-09-05T10:37:39+00:00","og_image":[{"width":1200,"height":628,"url":"https:\/\/moderaterna.se\/app\/uploads\/sites\/5\/2022\/01\/DELNINGSBILD_hemsida_fo\u0308rstasida.png","type":"image\/png"}],"author":"Emilia \u00d6ije","twitter_card":"summary_large_image","twitter_creator":"@ModeratSthlm","twitter_site":"@ModeratSthlm","twitter_misc":{"Skriven av":"Emilia \u00d6ije","Ber\u00e4knad l\u00e4stid":"2 minuter"},"schema":{"@context":"https:\/\/schema.org","@graph":[{"@type":"Article","@id":"https:\/\/moderaterna.se\/stockholm\/nyhet\/250-miljoner-till-sarskilt-idrottslyft-i-utsatta-omraden\/#article","isPartOf":{"@id":"https:\/\/moderaterna.se\/stockholm\/nyhet\/250-miljoner-till-sarskilt-idrottslyft-i-utsatta-omraden\/"},"author":{"name":"Emilia \u00d6ije","@id":"https:\/\/moderaterna.se\/stockholm\/#\/schema\/person\/131c13b3e9baf0c3d99d695922825b80"},"headline":"250 miljoner till s\u00e4rskilt idrottslyft i utsatta omr\u00e5den","datePublished":"2022-09-05T10:37:38+00:00","dateModified":"2022-09-05T10:37:39+00:00","mainEntityOfPage":{"@id":"https:\/\/moderaterna.se\/stockholm\/nyhet\/250-miljoner-till-sarskilt-idrottslyft-i-utsatta-omraden\/"},"wordCount":447,"publisher":{"@id":"https:\/\/moderaterna.se\/stockholm\/#organization"},"articleSection":["Nyhet"],"inLanguage":"sv-SE"},{"@type":"WebPage","@id":"https:\/\/moderaterna.se\/stockholm\/nyhet\/250-miljoner-till-sarskilt-idrottslyft-i-utsatta-omraden\/","url":"https:\/\/moderaterna.se\/stockholm\/nyhet\/250-miljoner-till-sarskilt-idrottslyft-i-utsatta-omraden\/","name":"250 miljoner till s\u00e4rskilt idrottslyft i utsatta omr\u00e5den | Moderaterna i Stockholms stad och l\u00e4n","isPartOf":{"@id":"https:\/\/moderaterna.se\/stockholm\/#website"},"datePublished":"2022-09-05T10:37:38+00:00","dateModified":"2022-09-05T10:37:39+00:00","breadcrumb":{"@id":"https:\/\/moderaterna.se\/stockholm\/nyhet\/250-miljoner-till-sarskilt-idrottslyft-i-utsatta-omraden\/#breadcrumb"},"inLanguage":"sv-SE","potentialAction":[{"@type":"ReadAction","target":["https:\/\/moderaterna.se\/stockholm\/nyhet\/250-miljoner-till-sarskilt-idrottslyft-i-utsatta-omraden\/"]}]},{"@type":"BreadcrumbList","@id":"https:\/\/moderaterna.se\/stockholm\/nyhet\/250-miljoner-till-sarskilt-idrottslyft-i-utsatta-omraden\/#breadcrumb","itemListElement":[{"@type":"ListItem","position":1,"name":"Hem","item":"https:\/\/moderaterna.se\/stockholm\/"},{"@type":"ListItem","position":2,"name":"250 miljoner till s\u00e4rskilt idrottslyft i utsatta omr\u00e5den"}]},{"@type":"WebSite","@id":"https:\/\/moderaterna.se\/stockholm\/#website","url":"https:\/\/moderaterna.se\/stockholm\/","name":"Moderaterna i Stockholms stad och l\u00e4n","description":"Nu f\u00e5r vi ordning p\u00e5 Sverige","publisher":{"@id":"https:\/\/moderaterna.se\/stockholm\/#organization"},"potentialAction":[{"@type":"SearchAction","target":{"@type":"EntryPoint","urlTemplate":"https:\/\/moderaterna.se\/stockholm\/?s={search_term_string}"},"query-input":{"@type":"PropertyValueSpecification","valueRequired":true,"valueName":"search_term_string"}}],"inLanguage":"sv-SE"},{"@type":"Organization","@id":"https:\/\/moderaterna.se\/stockholm\/#organization","name":"Moderaterna","url":"https:\/\/moderaterna.se\/stockholm\/","logo":{"@type":"ImageObject","inLanguage":"sv-SE","@id":"https:\/\/moderaterna.se\/stockholm\/#\/schema\/logo\/image\/","url":"https:\/\/moderaterna.se\/app\/uploads\/2021\/10\/logo-general@2x.png","contentUrl":"https:\/\/moderaterna.se\/app\/uploads\/2021\/10\/logo-general@2x.png","width":122,"height":122,"caption":"Moderaterna"},"image":{"@id":"https:\/\/moderaterna.se\/stockholm\/#\/schema\/logo\/image\/"},"sameAs":["https:\/\/www.facebook.com\/ModeraternaSthlm","https:\/\/x.com\/ModeratSthlm","https:\/\/www.instagram.com\/moderatsthlm\/","https:\/\/www.youtube.com\/user\/ModeraternaSthlm"]},{"@type":"Person","@id":"https:\/\/moderaterna.se\/stockholm\/#\/schema\/person\/131c13b3e9baf0c3d99d695922825b80","name":"Emilia \u00d6ije","image":{"@type":"ImageObject","inLanguage":"sv-SE","@id":"https:\/\/moderaterna.se\/stockholm\/#\/schema\/person\/image\/","url":"https:\/\/secure.gravatar.com\/avatar\/ee7b3b20a287882a43463d6e378177ed04c99ac9165cb4829a97ed6680a07caf?s=96&d=mm&r=g","contentUrl":"https:\/\/secure.gravatar.com\/avatar\/ee7b3b20a287882a43463d6e378177ed04c99ac9165cb4829a97ed6680a07caf?s=96&d=mm&r=g","caption":"Emilia \u00d6ije"},"url":"https:\/\/moderaterna.se\/stockholm\/author\/emiliaoije\/"}]}},"publishpress_future_action":{"enabled":false,"date":"2026-05-04 04:18:07","action":"change-status","newStatus":"draft","terms":[],"taxonomy":"category"},"_links":{"self":[{"href":"https:\/\/moderaterna.se\/stockholm\/wp-json\/wp\/v2\/posts\/2171","targetHints":{"allow":["GET"]}}],"collection":[{"href":"https:\/\/moderaterna.se\/stockholm\/wp-json\/wp\/v2\/posts"}],"about":[{"href":"https:\/\/moderaterna.se\/stockholm\/wp-json\/wp\/v2\/types\/post"}],"author":[{"embeddable":true,"href":"https:\/\/moderaterna.se\/stockholm\/wp-json\/wp\/v2\/users\/57"}],"replies":[{"embeddable":true,"href":"https:\/\/moderaterna.se\/stockholm\/wp-json\/wp\/v2\/comments?post=2171"}],"version-history":[{"count":2,"href":"https:\/\/moderaterna.se\/stockholm\/wp-json\/wp\/v2\/posts\/2171\/revisions"}],"predecessor-version":[{"id":2173,"href":"https:\/\/moderaterna.se\/stockholm\/wp-json\/wp\/v2\/posts\/2171\/revisions\/2173"}],"wp:attachment":[{"href":"https:\/\/moderaterna.se\/stockholm\/wp-json\/wp\/v2\/media?parent=2171"}],"wp:term":[{"taxonomy":"category","embeddable":true,"href":"https:\/\/moderaterna.se\/stockholm\/wp-json\/wp\/v2\/categories?post=2171"},{"taxonomy":"post_tag","embeddable":true,"href":"https:\/\/moderaterna.se\/stockholm\/wp-json\/wp\/v2\/tags?post=2171"},{"taxonomy":"subject","embeddable":true,"href":"https:\/\/moderaterna.se\/stockholm\/wp-json\/wp\/v2\/subject?post=2171"}],"curies":[{"name":"wp","href":"https:\/\/api.w.org\/{rel}","templated":true}]}}