{"id":2020,"date":"2022-06-07T11:48:19","date_gmt":"2022-06-07T09:48:19","guid":{"rendered":"https:\/\/moderaterna.se\/stockholm\/?p=2020"},"modified":"2022-06-07T11:48:19","modified_gmt":"2022-06-07T09:48:19","slug":"moderaterna-i-stockholms-stad-och-lan-oppnar-digital-valstuga","status":"publish","type":"post","link":"https:\/\/moderaterna.se\/stockholm\/nyhet\/moderaterna-i-stockholms-stad-och-lan-oppnar-digital-valstuga\/","title":{"rendered":"Moderaterna i Stockholms stad och l\u00e4n \u00f6ppnar digital valstuga"},"content":{"rendered":"\n<p>Med 100 dagar kvar till valet \u00f6ppnar v\u00e4rldens f\u00f6rsta digitala valstuga.&nbsp;<a href=\"https:\/\/mstugan.se\/\">Mstugan.se<\/a>&nbsp;\u00e4r en digital valstuga f\u00f6r Moderaterna i Stockholms stad och l\u00e4n f\u00f6r att enkelt och underh\u00e5llande tillg\u00e4ngligg\u00f6ra politik, M-f\u00f6retr\u00e4dare och M-nyheter var som helst. Fr\u00e5n och med nu g\u00e5r det att g\u00f6ra quiz, \u201dmatcha\u201d med en riksdagskandidat och chatta med moderata f\u00f6retr\u00e4dare oavsett om man \u00e4r p\u00e5 bussen, i solstolen eller i k\u00f6n till s\u00e4kerhetskontrollen p\u00e5 Arlanda.&nbsp;<\/p>\n\n\n\n<p>Bland annat det h\u00e4r hittar du i Mstugan:<\/p>\n\n\n\n<ul class=\"wp-block-list\"><li>\u201dPolitinder\u201d \u2013 matcha med en riksdagskandidat.\u00a0<\/li><li>Politik A till \u00d6 \u2013 Moderaternas politik lokalt och nationellt.\u00a0<\/li><li>M-quiz \u2013 vilken moderat \u00e4r du? Kanske en Anna Kinberg Batra eller en Carl Bildt?\u00a0<\/li><li>Politiker f\u00f6r en dag \u2013 vilka \u00e4r dina politiska f\u00f6rslag?\u00a0<\/li><li>Tr\u00e4ffa din kommunpolitiker \u2013 s\u00e4g hej till f\u00f6rstanamnet i din Stockholmskommun.\u00a0<\/li><li>Live-chatt f\u00f6r att kunna st\u00e4lla fr\u00e5gor och ge inspel.\u00a0<\/li><\/ul>\n\n\n\n<p>Mstugan invigdes digitalt (givetvis) av Ulf Kristersson p\u00e5 dagen 100 dagar kvar till valet. Mstugan kommer succesivt att ut\u00f6kas med evenemang och lives\u00e4ningar ju n\u00e4rmare valet vi kommer och \u00e4r \u00f6ppen fr\u00e5n och med nu hela v\u00e4gen fram till valdagen den 11 september 2022.\u00a0<\/p>\n","protected":false},"excerpt":{"rendered":"<p>Med 100 dagar kvar till valet \u00f6ppnar v\u00e4rldens f\u00f6rsta digitala valstuga.&nbsp;Mstugan.se&nbsp;\u00e4r en digital valstuga f\u00f6r Moderaterna i Stockholms stad och l\u00e4n f\u00f6r att enkelt och underh\u00e5llande tillg\u00e4ngligg\u00f6ra politik, M-f\u00f6retr\u00e4dare och M-nyheter var som helst. Fr\u00e5n och med nu g\u00e5r det att g\u00f6ra quiz, \u201dmatcha\u201d med en riksdagskandidat och chatta med moderata f\u00f6retr\u00e4dare oavsett om man [&hellip;]<\/p>\n","protected":false},"author":57,"featured_media":0,"comment_status":"closed","ping_status":"closed","sticky":false,"template":"","format":"standard","meta":{"_acf_changed":false,"_relevanssi_hide_post":"","_relevanssi_hide_content":"","_relevanssi_pin_for_all":"","_relevanssi_pin_keywords":"","_relevanssi_unpin_keywords":"","_relevanssi_related_keywords":"","_relevanssi_related_include_ids":"","_relevanssi_related_exclude_ids":"","_relevanssi_related_no_append":"","_relevanssi_related_not_related":"","_relevanssi_related_posts":"","_relevanssi_noindex_reason":"","footnotes":""},"categories":[1],"tags":[],"subject":[],"class_list":["post-2020","post","type-post","status-publish","format-standard","hentry","category-nyhet"],"acf":[],"yoast_head":"<!-- This site is optimized with the Yoast SEO Premium plugin v27.1 (Yoast SEO v27.1.1) - https:\/\/yoast.com\/product\/yoast-seo-premium-wordpress\/ -->\n<title>Moderaterna i Stockholms stad och l\u00e4n \u00f6ppnar digital valstuga | Moderaterna i Stockholms stad och l\u00e4n<\/title>\n<meta name=\"robots\" content=\"index, follow, max-snippet:-1, max-image-preview:large, max-video-preview:-1\" \/>\n<link rel=\"canonical\" href=\"https:\/\/moderaterna.se\/stockholm\/nyhet\/moderaterna-i-stockholms-stad-och-lan-oppnar-digital-valstuga\/\" \/>\n<meta property=\"og:locale\" content=\"sv_SE\" \/>\n<meta property=\"og:type\" content=\"article\" \/>\n<meta property=\"og:title\" content=\"Moderaterna i Stockholms stad och l\u00e4n \u00f6ppnar digital valstuga\" \/>\n<meta property=\"og:url\" content=\"https:\/\/moderaterna.se\/stockholm\/nyhet\/moderaterna-i-stockholms-stad-och-lan-oppnar-digital-valstuga\/\" \/>\n<meta property=\"og:site_name\" content=\"Moderaterna i Stockholms stad och l\u00e4n\" \/>\n<meta property=\"article:publisher\" content=\"https:\/\/www.facebook.com\/ModeraternaSthlm\" \/>\n<meta property=\"article:published_time\" content=\"2022-06-07T09:48:19+00:00\" \/>\n<meta property=\"og:image\" content=\"https:\/\/moderaterna.se\/app\/uploads\/sites\/5\/2022\/06\/TOM1898-2048x1365-1.jpeg\" \/>\n\t<meta property=\"og:image:width\" content=\"2048\" \/>\n\t<meta property=\"og:image:height\" content=\"1365\" \/>\n\t<meta property=\"og:image:type\" content=\"image\/jpeg\" \/>\n<meta name=\"author\" content=\"Emilia \u00d6ije\" \/>\n<meta name=\"twitter:card\" content=\"summary_large_image\" \/>\n<meta name=\"twitter:creator\" content=\"@ModeratSthlm\" \/>\n<meta name=\"twitter:site\" content=\"@ModeratSthlm\" \/>\n<meta name=\"twitter:label1\" content=\"Skriven av\" \/>\n\t<meta name=\"twitter:data1\" content=\"Emilia \u00d6ije\" \/>\n\t<meta name=\"twitter:label2\" content=\"Ber\u00e4knad l\u00e4stid\" \/>\n\t<meta name=\"twitter:data2\" content=\"1 minut\" \/>\n<script type=\"application\/ld+json\" class=\"yoast-schema-graph\">{\"@context\":\"https:\/\/schema.org\",\"@graph\":[{\"@type\":\"Article\",\"@id\":\"https:\/\/moderaterna.se\/stockholm\/nyhet\/moderaterna-i-stockholms-stad-och-lan-oppnar-digital-valstuga\/#article\",\"isPartOf\":{\"@id\":\"https:\/\/moderaterna.se\/stockholm\/nyhet\/moderaterna-i-stockholms-stad-och-lan-oppnar-digital-valstuga\/\"},\"author\":{\"name\":\"Emilia \u00d6ije\",\"@id\":\"https:\/\/moderaterna.se\/stockholm\/#\/schema\/person\/131c13b3e9baf0c3d99d695922825b80\"},\"headline\":\"Moderaterna i Stockholms stad och l\u00e4n \u00f6ppnar digital valstuga\",\"datePublished\":\"2022-06-07T09:48:19+00:00\",\"mainEntityOfPage\":{\"@id\":\"https:\/\/moderaterna.se\/stockholm\/nyhet\/moderaterna-i-stockholms-stad-och-lan-oppnar-digital-valstuga\/\"},\"wordCount\":217,\"publisher\":{\"@id\":\"https:\/\/moderaterna.se\/stockholm\/#organization\"},\"articleSection\":[\"Nyhet\"],\"inLanguage\":\"sv-SE\"},{\"@type\":\"WebPage\",\"@id\":\"https:\/\/moderaterna.se\/stockholm\/nyhet\/moderaterna-i-stockholms-stad-och-lan-oppnar-digital-valstuga\/\",\"url\":\"https:\/\/moderaterna.se\/stockholm\/nyhet\/moderaterna-i-stockholms-stad-och-lan-oppnar-digital-valstuga\/\",\"name\":\"Moderaterna i Stockholms stad och l\u00e4n \u00f6ppnar digital valstuga | Moderaterna i Stockholms stad och l\u00e4n\",\"isPartOf\":{\"@id\":\"https:\/\/moderaterna.se\/stockholm\/#website\"},\"datePublished\":\"2022-06-07T09:48:19+00:00\",\"breadcrumb\":{\"@id\":\"https:\/\/moderaterna.se\/stockholm\/nyhet\/moderaterna-i-stockholms-stad-och-lan-oppnar-digital-valstuga\/#breadcrumb\"},\"inLanguage\":\"sv-SE\",\"potentialAction\":[{\"@type\":\"ReadAction\",\"target\":[\"https:\/\/moderaterna.se\/stockholm\/nyhet\/moderaterna-i-stockholms-stad-och-lan-oppnar-digital-valstuga\/\"]}]},{\"@type\":\"BreadcrumbList\",\"@id\":\"https:\/\/moderaterna.se\/stockholm\/nyhet\/moderaterna-i-stockholms-stad-och-lan-oppnar-digital-valstuga\/#breadcrumb\",\"itemListElement\":[{\"@type\":\"ListItem\",\"position\":1,\"name\":\"Hem\",\"item\":\"https:\/\/moderaterna.se\/stockholm\/\"},{\"@type\":\"ListItem\",\"position\":2,\"name\":\"Moderaterna i Stockholms stad och l\u00e4n \u00f6ppnar digital valstuga\"}]},{\"@type\":\"WebSite\",\"@id\":\"https:\/\/moderaterna.se\/stockholm\/#website\",\"url\":\"https:\/\/moderaterna.se\/stockholm\/\",\"name\":\"Moderaterna i Stockholms stad och l\u00e4n\",\"description\":\"Nu f\u00e5r vi ordning p\u00e5 Sverige\",\"publisher\":{\"@id\":\"https:\/\/moderaterna.se\/stockholm\/#organization\"},\"potentialAction\":[{\"@type\":\"SearchAction\",\"target\":{\"@type\":\"EntryPoint\",\"urlTemplate\":\"https:\/\/moderaterna.se\/stockholm\/?s={search_term_string}\"},\"query-input\":{\"@type\":\"PropertyValueSpecification\",\"valueRequired\":true,\"valueName\":\"search_term_string\"}}],\"inLanguage\":\"sv-SE\"},{\"@type\":\"Organization\",\"@id\":\"https:\/\/moderaterna.se\/stockholm\/#organization\",\"name\":\"Moderaterna\",\"url\":\"https:\/\/moderaterna.se\/stockholm\/\",\"logo\":{\"@type\":\"ImageObject\",\"inLanguage\":\"sv-SE\",\"@id\":\"https:\/\/moderaterna.se\/stockholm\/#\/schema\/logo\/image\/\",\"url\":\"https:\/\/moderaterna.se\/app\/uploads\/2021\/10\/logo-general@2x.png\",\"contentUrl\":\"https:\/\/moderaterna.se\/app\/uploads\/2021\/10\/logo-general@2x.png\",\"width\":122,\"height\":122,\"caption\":\"Moderaterna\"},\"image\":{\"@id\":\"https:\/\/moderaterna.se\/stockholm\/#\/schema\/logo\/image\/\"},\"sameAs\":[\"https:\/\/www.facebook.com\/ModeraternaSthlm\",\"https:\/\/x.com\/ModeratSthlm\",\"https:\/\/www.instagram.com\/moderatsthlm\/\",\"https:\/\/www.youtube.com\/user\/ModeraternaSthlm\"]},{\"@type\":\"Person\",\"@id\":\"https:\/\/moderaterna.se\/stockholm\/#\/schema\/person\/131c13b3e9baf0c3d99d695922825b80\",\"name\":\"Emilia \u00d6ije\",\"image\":{\"@type\":\"ImageObject\",\"inLanguage\":\"sv-SE\",\"@id\":\"https:\/\/moderaterna.se\/stockholm\/#\/schema\/person\/image\/\",\"url\":\"https:\/\/secure.gravatar.com\/avatar\/ee7b3b20a287882a43463d6e378177ed04c99ac9165cb4829a97ed6680a07caf?s=96&d=mm&r=g\",\"contentUrl\":\"https:\/\/secure.gravatar.com\/avatar\/ee7b3b20a287882a43463d6e378177ed04c99ac9165cb4829a97ed6680a07caf?s=96&d=mm&r=g\",\"caption\":\"Emilia \u00d6ije\"},\"url\":\"https:\/\/moderaterna.se\/stockholm\/author\/emiliaoije\/\"}]}<\/script>\n<!-- \/ Yoast SEO Premium plugin. -->","yoast_head_json":{"title":"Moderaterna i Stockholms stad och l\u00e4n \u00f6ppnar digital valstuga | Moderaterna i Stockholms stad och l\u00e4n","robots":{"index":"index","follow":"follow","max-snippet":"max-snippet:-1","max-image-preview":"max-image-preview:large","max-video-preview":"max-video-preview:-1"},"canonical":"https:\/\/moderaterna.se\/stockholm\/nyhet\/moderaterna-i-stockholms-stad-och-lan-oppnar-digital-valstuga\/","og_locale":"sv_SE","og_type":"article","og_title":"Moderaterna i Stockholms stad och l\u00e4n \u00f6ppnar digital valstuga","og_url":"https:\/\/moderaterna.se\/stockholm\/nyhet\/moderaterna-i-stockholms-stad-och-lan-oppnar-digital-valstuga\/","og_site_name":"Moderaterna i Stockholms stad och l\u00e4n","article_publisher":"https:\/\/www.facebook.com\/ModeraternaSthlm","article_published_time":"2022-06-07T09:48:19+00:00","og_image":[{"width":2048,"height":1365,"url":"https:\/\/moderaterna.se\/app\/uploads\/sites\/5\/2022\/06\/TOM1898-2048x1365-1.jpeg","type":"image\/jpeg"}],"author":"Emilia \u00d6ije","twitter_card":"summary_large_image","twitter_creator":"@ModeratSthlm","twitter_site":"@ModeratSthlm","twitter_misc":{"Skriven av":"Emilia \u00d6ije","Ber\u00e4knad l\u00e4stid":"1 minut"},"schema":{"@context":"https:\/\/schema.org","@graph":[{"@type":"Article","@id":"https:\/\/moderaterna.se\/stockholm\/nyhet\/moderaterna-i-stockholms-stad-och-lan-oppnar-digital-valstuga\/#article","isPartOf":{"@id":"https:\/\/moderaterna.se\/stockholm\/nyhet\/moderaterna-i-stockholms-stad-och-lan-oppnar-digital-valstuga\/"},"author":{"name":"Emilia \u00d6ije","@id":"https:\/\/moderaterna.se\/stockholm\/#\/schema\/person\/131c13b3e9baf0c3d99d695922825b80"},"headline":"Moderaterna i Stockholms stad och l\u00e4n \u00f6ppnar digital valstuga","datePublished":"2022-06-07T09:48:19+00:00","mainEntityOfPage":{"@id":"https:\/\/moderaterna.se\/stockholm\/nyhet\/moderaterna-i-stockholms-stad-och-lan-oppnar-digital-valstuga\/"},"wordCount":217,"publisher":{"@id":"https:\/\/moderaterna.se\/stockholm\/#organization"},"articleSection":["Nyhet"],"inLanguage":"sv-SE"},{"@type":"WebPage","@id":"https:\/\/moderaterna.se\/stockholm\/nyhet\/moderaterna-i-stockholms-stad-och-lan-oppnar-digital-valstuga\/","url":"https:\/\/moderaterna.se\/stockholm\/nyhet\/moderaterna-i-stockholms-stad-och-lan-oppnar-digital-valstuga\/","name":"Moderaterna i Stockholms stad och l\u00e4n \u00f6ppnar digital valstuga | Moderaterna i Stockholms stad och l\u00e4n","isPartOf":{"@id":"https:\/\/moderaterna.se\/stockholm\/#website"},"datePublished":"2022-06-07T09:48:19+00:00","breadcrumb":{"@id":"https:\/\/moderaterna.se\/stockholm\/nyhet\/moderaterna-i-stockholms-stad-och-lan-oppnar-digital-valstuga\/#breadcrumb"},"inLanguage":"sv-SE","potentialAction":[{"@type":"ReadAction","target":["https:\/\/moderaterna.se\/stockholm\/nyhet\/moderaterna-i-stockholms-stad-och-lan-oppnar-digital-valstuga\/"]}]},{"@type":"BreadcrumbList","@id":"https:\/\/moderaterna.se\/stockholm\/nyhet\/moderaterna-i-stockholms-stad-och-lan-oppnar-digital-valstuga\/#breadcrumb","itemListElement":[{"@type":"ListItem","position":1,"name":"Hem","item":"https:\/\/moderaterna.se\/stockholm\/"},{"@type":"ListItem","position":2,"name":"Moderaterna i Stockholms stad och l\u00e4n \u00f6ppnar digital valstuga"}]},{"@type":"WebSite","@id":"https:\/\/moderaterna.se\/stockholm\/#website","url":"https:\/\/moderaterna.se\/stockholm\/","name":"Moderaterna i Stockholms stad och l\u00e4n","description":"Nu f\u00e5r vi ordning p\u00e5 Sverige","publisher":{"@id":"https:\/\/moderaterna.se\/stockholm\/#organization"},"potentialAction":[{"@type":"SearchAction","target":{"@type":"EntryPoint","urlTemplate":"https:\/\/moderaterna.se\/stockholm\/?s={search_term_string}"},"query-input":{"@type":"PropertyValueSpecification","valueRequired":true,"valueName":"search_term_string"}}],"inLanguage":"sv-SE"},{"@type":"Organization","@id":"https:\/\/moderaterna.se\/stockholm\/#organization","name":"Moderaterna","url":"https:\/\/moderaterna.se\/stockholm\/","logo":{"@type":"ImageObject","inLanguage":"sv-SE","@id":"https:\/\/moderaterna.se\/stockholm\/#\/schema\/logo\/image\/","url":"https:\/\/moderaterna.se\/app\/uploads\/2021\/10\/logo-general@2x.png","contentUrl":"https:\/\/moderaterna.se\/app\/uploads\/2021\/10\/logo-general@2x.png","width":122,"height":122,"caption":"Moderaterna"},"image":{"@id":"https:\/\/moderaterna.se\/stockholm\/#\/schema\/logo\/image\/"},"sameAs":["https:\/\/www.facebook.com\/ModeraternaSthlm","https:\/\/x.com\/ModeratSthlm","https:\/\/www.instagram.com\/moderatsthlm\/","https:\/\/www.youtube.com\/user\/ModeraternaSthlm"]},{"@type":"Person","@id":"https:\/\/moderaterna.se\/stockholm\/#\/schema\/person\/131c13b3e9baf0c3d99d695922825b80","name":"Emilia \u00d6ije","image":{"@type":"ImageObject","inLanguage":"sv-SE","@id":"https:\/\/moderaterna.se\/stockholm\/#\/schema\/person\/image\/","url":"https:\/\/secure.gravatar.com\/avatar\/ee7b3b20a287882a43463d6e378177ed04c99ac9165cb4829a97ed6680a07caf?s=96&d=mm&r=g","contentUrl":"https:\/\/secure.gravatar.com\/avatar\/ee7b3b20a287882a43463d6e378177ed04c99ac9165cb4829a97ed6680a07caf?s=96&d=mm&r=g","caption":"Emilia \u00d6ije"},"url":"https:\/\/moderaterna.se\/stockholm\/author\/emiliaoije\/"}]}},"publishpress_future_action":{"enabled":false,"date":"2026-05-04 02:28:26","action":"change-status","newStatus":"draft","terms":[],"taxonomy":"category"},"_links":{"self":[{"href":"https:\/\/moderaterna.se\/stockholm\/wp-json\/wp\/v2\/posts\/2020","targetHints":{"allow":["GET"]}}],"collection":[{"href":"https:\/\/moderaterna.se\/stockholm\/wp-json\/wp\/v2\/posts"}],"about":[{"href":"https:\/\/moderaterna.se\/stockholm\/wp-json\/wp\/v2\/types\/post"}],"author":[{"embeddable":true,"href":"https:\/\/moderaterna.se\/stockholm\/wp-json\/wp\/v2\/users\/57"}],"replies":[{"embeddable":true,"href":"https:\/\/moderaterna.se\/stockholm\/wp-json\/wp\/v2\/comments?post=2020"}],"version-history":[{"count":2,"href":"https:\/\/moderaterna.se\/stockholm\/wp-json\/wp\/v2\/posts\/2020\/revisions"}],"predecessor-version":[{"id":2023,"href":"https:\/\/moderaterna.se\/stockholm\/wp-json\/wp\/v2\/posts\/2020\/revisions\/2023"}],"wp:attachment":[{"href":"https:\/\/moderaterna.se\/stockholm\/wp-json\/wp\/v2\/media?parent=2020"}],"wp:term":[{"taxonomy":"category","embeddable":true,"href":"https:\/\/moderaterna.se\/stockholm\/wp-json\/wp\/v2\/categories?post=2020"},{"taxonomy":"post_tag","embeddable":true,"href":"https:\/\/moderaterna.se\/stockholm\/wp-json\/wp\/v2\/tags?post=2020"},{"taxonomy":"subject","embeddable":true,"href":"https:\/\/moderaterna.se\/stockholm\/wp-json\/wp\/v2\/subject?post=2020"}],"curies":[{"name":"wp","href":"https:\/\/api.w.org\/{rel}","templated":true}]}}