{"id":2003,"date":"2022-05-04T21:53:29","date_gmt":"2022-05-04T19:53:29","guid":{"rendered":"https:\/\/moderaterna.se\/stockholm\/?p=2003"},"modified":"2022-10-24T15:33:40","modified_gmt":"2022-10-24T13:33:40","slug":"fler-som-jobbar","status":"publish","type":"post","link":"https:\/\/moderaterna.se\/stockholm\/artikel\/fler-som-jobbar\/","title":{"rendered":"B\u00e4ttre att de som jobbar blir fler, \u00e4n att de som redan jobbar betalar mer"},"content":{"rendered":"\n<p><strong>Vi moderater vill ha ett samh\u00e4lle med stark v\u00e4lf\u00e4rd, d\u00e4r alla barn ser sina f\u00f6r\u00e4ldrar g\u00e5 till jobbet och d\u00e4r det alltid ska l\u00f6na sig att arbeta. D\u00e4rf\u00f6r m\u00e5ste vi s\u00e4nka skatten p\u00e5 arbete, minska regelkr\u00e5ngel f\u00f6r f\u00f6retag och inf\u00f6ra ett bidragstak. Slit och flit ska uppskattas, inte beskattas!<\/strong><\/p>\n\n\n\n<p><strong>Det m\u00e5ste l\u00f6na sig att arbeta!<\/strong><\/p>\n\n\n\n<p>Socialdemokraterna lovade tidigare Europas l\u00e4gsta arbetsl\u00f6shet men i st\u00e4llet fick vi den fj\u00e4rde h\u00f6gsta. F\u00f6r att l\u00f6sa problemen med arbetsl\u00f6sheten m\u00e5ste vi se till att det alltid l\u00f6nar sig att arbeta, framf\u00f6rallt f\u00f6r personer med l\u00e5ga inkomster. Det m\u00e5ste ocks\u00e5 l\u00f6na sig att g\u00e5 fr\u00e5n bidrag till arbete. Totalsumman av olika bidrag f\u00e5r aldrig bli h\u00f6gre \u00e4n l\u00f6nen fr\u00e5n ett arbete.<\/p>\n\n\n\n<p><strong>D\u00e4rf\u00f6r vill vi:<\/strong><\/p>\n\n\n\n<p>\u2022 S\u00e4nka skatten f\u00f6r alla som arbetar, s\u00e4rskilt f\u00f6r de med l\u00e5ga inkomster.<\/p>\n\n\n\n<p>\u2022 Inf\u00f6ra ett bidragstak, s\u00e5 att det alltid ska l\u00f6na sig mer att arbeta ist\u00e4llet f\u00f6r att leva p\u00e5 bidrag.<\/p>\n\n\n\n<p>\u2022 Bek\u00e4mpa l\u00e5ngtidsarbetsl\u00f6sheten med f\u00f6rst\u00e4rkta nystartsjobb, ut\u00f6kad praktik, en fungerande utbildningsplikt och en jobbpremie som inneb\u00e4r att det ska l\u00f6na sig \u00e4nnu mer f\u00f6r l\u00e5ngtidsarbetsl\u00f6sa att g\u00e5 fr\u00e5n bidrag till jobb.<\/p>\n\n\n\n<p><strong>B\u00e4ttre att de som jobbar blir fler \u00e4n att de som redan jobbar betalar mer<\/strong><\/p>\n\n\n\n<p>Trots nya skatter p\u00e5 allt ifr\u00e5n plastp\u00e5sar till sparande och drivmedel vill Socialdemokraterna \u00e4ven inf\u00f6ra en beredskapsskatt f\u00f6r att finansiera f\u00f6rsvaret. Vi menar att det \u00e4r b\u00e4ttre att vi blir fler som jobbar \u00e4n att de som redan jobbar betalar \u00e4nnu mer. Vi s\u00e4ger nej till \u201dberedskapsskatt\u201d och \u00e5terinf\u00f6rd fastighetsskatt.<\/p>\n\n\n\n<p><strong>D\u00e4rf\u00f6r vill vi:<\/strong><\/p>\n\n\n\n<p>\u2022 S\u00e4nka skatten p\u00e5 arbete och pension s\u00e5 att det blir mer kvar i pl\u00e5nboken varje m\u00e5nad.<\/p>\n\n\n\n<p>\u2022 Kraftigt s\u00e4nka skatten p\u00e5 drivmedel.<\/p>\n\n\n\n<p>\u2022 S\u00e4nka skatten p\u00e5 ISK f\u00f6r att underl\u00e4tta f\u00f6r fler att spara till pensionen eller till kontantinsatsen f\u00f6r en bostad.<\/p>\n\n\n\n<p><strong>F\u00f6retagare ska uppskattas inte beskattas!<\/strong><\/p>\n\n\n\n<p>Fyra av fem jobb skapas i sm\u00e5f\u00f6retag och f\u00f6retagen \u00e4r grunden till v\u00e5rt v\u00e4lst\u00e5nd. D\u00e4rf\u00f6r ska f\u00f6retagare ha goda villkor och rimliga krav. F\u00f6retagande \u00e4r redan belagt med h\u00f6ga skatter, kr\u00e5ngliga tillst\u00e5ndsprocesser och byr\u00e5krati som hindrar innovation och tillv\u00e4xt och ska inte beskattas mer. Det m\u00e5ste bli l\u00e4ttare och mer gynnsamt att driva f\u00f6retag i Sverige. Slit och flit ska alltid l\u00f6na sig!<\/p>\n\n\n\n<p><strong>D\u00e4rf\u00f6r vill vi:<\/strong><\/p>\n\n\n\n<p>\u2022 F\u00f6renkla och f\u00f6rkorta tillst\u00e5ndsprocesser och minska byr\u00e5krati f\u00f6r f\u00f6retagare \u2013 politiken ska tydligt styra mot minskad administrativ b\u00f6rda och minskade kostnader. Konkret b\u00f6r f\u00f6retagens kostnader f\u00f6r administration minska med 30 procent.<\/p>\n\n\n\n<p>\u2022 Arbeta f\u00f6r att korta myndigheternas handl\u00e4ggningstider.<\/p>\n\n\n\n<p>\u2022 S\u00e4nka bolagsskatten.<\/p>\n\n\n\n<p>\u2022 Minska f\u00f6retagens regelkr\u00e5ngel exempelvis genom avskaffat danstillst\u00e5nd och f\u00f6renkla 3:12-reglerna<\/p>\n\n\n\n<p><strong>Vill du ocks\u00e5 att det alltid ska l\u00f6na sig arbeta, att alla barn ska se sina f\u00f6r\u00e4ldrar g\u00e5 till jobbet och att slit och flit ska uppskattas inte beskattas? Bli medlem och bidra till valseger!<\/strong><\/p>\n\n\n\n<p><strong>Swisha 100kr till 123-336 00 70, uppge namn, personnummer och e-post.<\/strong><\/p>\n","protected":false},"excerpt":{"rendered":"<p>Vi moderater vill ha ett samh\u00e4lle med stark v\u00e4lf\u00e4rd, d\u00e4r alla barn ser sina f\u00f6r\u00e4ldrar g\u00e5 till jobbet och d\u00e4r det alltid ska l\u00f6na sig att arbeta. D\u00e4rf\u00f6r m\u00e5ste vi s\u00e4nka skatten p\u00e5 arbete, minska regelkr\u00e5ngel f\u00f6r f\u00f6retag och inf\u00f6ra ett bidragstak. Slit och flit ska uppskattas, inte beskattas! Det m\u00e5ste l\u00f6na sig att arbeta! [&hellip;]<\/p>\n","protected":false},"author":57,"featured_media":0,"comment_status":"closed","ping_status":"closed","sticky":false,"template":"","format":"standard","meta":{"_acf_changed":false,"_relevanssi_hide_post":"","_relevanssi_hide_content":"","_relevanssi_pin_for_all":"","_relevanssi_pin_keywords":"","_relevanssi_unpin_keywords":"","_relevanssi_related_keywords":"","_relevanssi_related_include_ids":"","_relevanssi_related_exclude_ids":"","_relevanssi_related_no_append":"","_relevanssi_related_not_related":"","_relevanssi_related_posts":"","_relevanssi_noindex_reason":"","footnotes":""},"categories":[87],"tags":[],"subject":[],"class_list":["post-2003","post","type-post","status-publish","format-standard","hentry","category-artikel"],"acf":[],"yoast_head":"<!-- This site is optimized with the Yoast SEO Premium plugin v27.1 (Yoast SEO v27.1.1) - https:\/\/yoast.com\/product\/yoast-seo-premium-wordpress\/ -->\n<title>B\u00e4ttre att de som jobbar blir fler, \u00e4n att de som redan jobbar betalar mer | Moderaterna i Stockholms stad och l\u00e4n<\/title>\n<meta name=\"robots\" content=\"index, follow, max-snippet:-1, max-image-preview:large, max-video-preview:-1\" \/>\n<link rel=\"canonical\" href=\"https:\/\/moderaterna.se\/stockholm\/artikel\/fler-som-jobbar\/\" \/>\n<meta property=\"og:locale\" content=\"sv_SE\" \/>\n<meta property=\"og:type\" content=\"article\" \/>\n<meta property=\"og:title\" content=\"B\u00e4ttre att de som jobbar blir fler, \u00e4n att de som redan jobbar betalar mer\" \/>\n<meta property=\"og:url\" content=\"https:\/\/moderaterna.se\/stockholm\/artikel\/fler-som-jobbar\/\" \/>\n<meta property=\"og:site_name\" content=\"Moderaterna i Stockholms stad och l\u00e4n\" \/>\n<meta property=\"article:publisher\" content=\"https:\/\/www.facebook.com\/ModeraternaSthlm\" \/>\n<meta property=\"article:published_time\" content=\"2022-05-04T19:53:29+00:00\" \/>\n<meta property=\"article:modified_time\" content=\"2022-10-24T13:33:40+00:00\" \/>\n<meta property=\"og:image\" content=\"https:\/\/moderaterna.se\/app\/uploads\/sites\/5\/2022\/05\/shutterstock_1906836295-scaled.jpg\" \/>\n\t<meta property=\"og:image:width\" content=\"2560\" \/>\n\t<meta property=\"og:image:height\" content=\"1706\" \/>\n\t<meta property=\"og:image:type\" content=\"image\/jpeg\" \/>\n<meta name=\"author\" content=\"Emilia \u00d6ije\" \/>\n<meta name=\"twitter:card\" content=\"summary_large_image\" \/>\n<meta name=\"twitter:creator\" content=\"@ModeratSthlm\" \/>\n<meta name=\"twitter:site\" content=\"@ModeratSthlm\" \/>\n<meta name=\"twitter:label1\" content=\"Skriven av\" \/>\n\t<meta name=\"twitter:data1\" content=\"Emilia \u00d6ije\" \/>\n\t<meta name=\"twitter:label2\" content=\"Ber\u00e4knad l\u00e4stid\" \/>\n\t<meta name=\"twitter:data2\" content=\"3 minuter\" \/>\n<script type=\"application\/ld+json\" class=\"yoast-schema-graph\">{\"@context\":\"https:\/\/schema.org\",\"@graph\":[{\"@type\":\"Article\",\"@id\":\"https:\/\/moderaterna.se\/stockholm\/artikel\/fler-som-jobbar\/#article\",\"isPartOf\":{\"@id\":\"https:\/\/moderaterna.se\/stockholm\/artikel\/fler-som-jobbar\/\"},\"author\":{\"name\":\"Emilia \u00d6ije\",\"@id\":\"https:\/\/moderaterna.se\/stockholm\/#\/schema\/person\/131c13b3e9baf0c3d99d695922825b80\"},\"headline\":\"B\u00e4ttre att de som jobbar blir fler, \u00e4n att de som redan jobbar betalar mer\",\"datePublished\":\"2022-05-04T19:53:29+00:00\",\"dateModified\":\"2022-10-24T13:33:40+00:00\",\"mainEntityOfPage\":{\"@id\":\"https:\/\/moderaterna.se\/stockholm\/artikel\/fler-som-jobbar\/\"},\"wordCount\":589,\"publisher\":{\"@id\":\"https:\/\/moderaterna.se\/stockholm\/#organization\"},\"articleSection\":[\"Artikel\"],\"inLanguage\":\"sv-SE\"},{\"@type\":\"WebPage\",\"@id\":\"https:\/\/moderaterna.se\/stockholm\/artikel\/fler-som-jobbar\/\",\"url\":\"https:\/\/moderaterna.se\/stockholm\/artikel\/fler-som-jobbar\/\",\"name\":\"B\u00e4ttre att de som jobbar blir fler, \u00e4n att de som redan jobbar betalar mer | Moderaterna i Stockholms stad och l\u00e4n\",\"isPartOf\":{\"@id\":\"https:\/\/moderaterna.se\/stockholm\/#website\"},\"datePublished\":\"2022-05-04T19:53:29+00:00\",\"dateModified\":\"2022-10-24T13:33:40+00:00\",\"breadcrumb\":{\"@id\":\"https:\/\/moderaterna.se\/stockholm\/artikel\/fler-som-jobbar\/#breadcrumb\"},\"inLanguage\":\"sv-SE\",\"potentialAction\":[{\"@type\":\"ReadAction\",\"target\":[\"https:\/\/moderaterna.se\/stockholm\/artikel\/fler-som-jobbar\/\"]}]},{\"@type\":\"BreadcrumbList\",\"@id\":\"https:\/\/moderaterna.se\/stockholm\/artikel\/fler-som-jobbar\/#breadcrumb\",\"itemListElement\":[{\"@type\":\"ListItem\",\"position\":1,\"name\":\"Hem\",\"item\":\"https:\/\/moderaterna.se\/stockholm\/\"},{\"@type\":\"ListItem\",\"position\":2,\"name\":\"B\u00e4ttre att de som jobbar blir fler, \u00e4n att de som redan jobbar betalar mer\"}]},{\"@type\":\"WebSite\",\"@id\":\"https:\/\/moderaterna.se\/stockholm\/#website\",\"url\":\"https:\/\/moderaterna.se\/stockholm\/\",\"name\":\"Moderaterna i Stockholms stad och l\u00e4n\",\"description\":\"Nu f\u00e5r vi ordning p\u00e5 Sverige\",\"publisher\":{\"@id\":\"https:\/\/moderaterna.se\/stockholm\/#organization\"},\"potentialAction\":[{\"@type\":\"SearchAction\",\"target\":{\"@type\":\"EntryPoint\",\"urlTemplate\":\"https:\/\/moderaterna.se\/stockholm\/?s={search_term_string}\"},\"query-input\":{\"@type\":\"PropertyValueSpecification\",\"valueRequired\":true,\"valueName\":\"search_term_string\"}}],\"inLanguage\":\"sv-SE\"},{\"@type\":\"Organization\",\"@id\":\"https:\/\/moderaterna.se\/stockholm\/#organization\",\"name\":\"Moderaterna\",\"url\":\"https:\/\/moderaterna.se\/stockholm\/\",\"logo\":{\"@type\":\"ImageObject\",\"inLanguage\":\"sv-SE\",\"@id\":\"https:\/\/moderaterna.se\/stockholm\/#\/schema\/logo\/image\/\",\"url\":\"https:\/\/moderaterna.se\/app\/uploads\/2021\/10\/logo-general@2x.png\",\"contentUrl\":\"https:\/\/moderaterna.se\/app\/uploads\/2021\/10\/logo-general@2x.png\",\"width\":122,\"height\":122,\"caption\":\"Moderaterna\"},\"image\":{\"@id\":\"https:\/\/moderaterna.se\/stockholm\/#\/schema\/logo\/image\/\"},\"sameAs\":[\"https:\/\/www.facebook.com\/ModeraternaSthlm\",\"https:\/\/x.com\/ModeratSthlm\",\"https:\/\/www.instagram.com\/moderatsthlm\/\",\"https:\/\/www.youtube.com\/user\/ModeraternaSthlm\"]},{\"@type\":\"Person\",\"@id\":\"https:\/\/moderaterna.se\/stockholm\/#\/schema\/person\/131c13b3e9baf0c3d99d695922825b80\",\"name\":\"Emilia \u00d6ije\",\"image\":{\"@type\":\"ImageObject\",\"inLanguage\":\"sv-SE\",\"@id\":\"https:\/\/moderaterna.se\/stockholm\/#\/schema\/person\/image\/\",\"url\":\"https:\/\/secure.gravatar.com\/avatar\/ee7b3b20a287882a43463d6e378177ed04c99ac9165cb4829a97ed6680a07caf?s=96&d=mm&r=g\",\"contentUrl\":\"https:\/\/secure.gravatar.com\/avatar\/ee7b3b20a287882a43463d6e378177ed04c99ac9165cb4829a97ed6680a07caf?s=96&d=mm&r=g\",\"caption\":\"Emilia \u00d6ije\"},\"url\":\"https:\/\/moderaterna.se\/stockholm\/author\/emiliaoije\/\"}]}<\/script>\n<!-- \/ Yoast SEO Premium plugin. -->","yoast_head_json":{"title":"B\u00e4ttre att de som jobbar blir fler, \u00e4n att de som redan jobbar betalar mer | Moderaterna i Stockholms stad och l\u00e4n","robots":{"index":"index","follow":"follow","max-snippet":"max-snippet:-1","max-image-preview":"max-image-preview:large","max-video-preview":"max-video-preview:-1"},"canonical":"https:\/\/moderaterna.se\/stockholm\/artikel\/fler-som-jobbar\/","og_locale":"sv_SE","og_type":"article","og_title":"B\u00e4ttre att de som jobbar blir fler, \u00e4n att de som redan jobbar betalar mer","og_url":"https:\/\/moderaterna.se\/stockholm\/artikel\/fler-som-jobbar\/","og_site_name":"Moderaterna i Stockholms stad och l\u00e4n","article_publisher":"https:\/\/www.facebook.com\/ModeraternaSthlm","article_published_time":"2022-05-04T19:53:29+00:00","article_modified_time":"2022-10-24T13:33:40+00:00","og_image":[{"width":2560,"height":1706,"url":"https:\/\/moderaterna.se\/app\/uploads\/sites\/5\/2022\/05\/shutterstock_1906836295-scaled.jpg","type":"image\/jpeg"}],"author":"Emilia \u00d6ije","twitter_card":"summary_large_image","twitter_creator":"@ModeratSthlm","twitter_site":"@ModeratSthlm","twitter_misc":{"Skriven av":"Emilia \u00d6ije","Ber\u00e4knad l\u00e4stid":"3 minuter"},"schema":{"@context":"https:\/\/schema.org","@graph":[{"@type":"Article","@id":"https:\/\/moderaterna.se\/stockholm\/artikel\/fler-som-jobbar\/#article","isPartOf":{"@id":"https:\/\/moderaterna.se\/stockholm\/artikel\/fler-som-jobbar\/"},"author":{"name":"Emilia \u00d6ije","@id":"https:\/\/moderaterna.se\/stockholm\/#\/schema\/person\/131c13b3e9baf0c3d99d695922825b80"},"headline":"B\u00e4ttre att de som jobbar blir fler, \u00e4n att de som redan jobbar betalar mer","datePublished":"2022-05-04T19:53:29+00:00","dateModified":"2022-10-24T13:33:40+00:00","mainEntityOfPage":{"@id":"https:\/\/moderaterna.se\/stockholm\/artikel\/fler-som-jobbar\/"},"wordCount":589,"publisher":{"@id":"https:\/\/moderaterna.se\/stockholm\/#organization"},"articleSection":["Artikel"],"inLanguage":"sv-SE"},{"@type":"WebPage","@id":"https:\/\/moderaterna.se\/stockholm\/artikel\/fler-som-jobbar\/","url":"https:\/\/moderaterna.se\/stockholm\/artikel\/fler-som-jobbar\/","name":"B\u00e4ttre att de som jobbar blir fler, \u00e4n att de som redan jobbar betalar mer | Moderaterna i Stockholms stad och l\u00e4n","isPartOf":{"@id":"https:\/\/moderaterna.se\/stockholm\/#website"},"datePublished":"2022-05-04T19:53:29+00:00","dateModified":"2022-10-24T13:33:40+00:00","breadcrumb":{"@id":"https:\/\/moderaterna.se\/stockholm\/artikel\/fler-som-jobbar\/#breadcrumb"},"inLanguage":"sv-SE","potentialAction":[{"@type":"ReadAction","target":["https:\/\/moderaterna.se\/stockholm\/artikel\/fler-som-jobbar\/"]}]},{"@type":"BreadcrumbList","@id":"https:\/\/moderaterna.se\/stockholm\/artikel\/fler-som-jobbar\/#breadcrumb","itemListElement":[{"@type":"ListItem","position":1,"name":"Hem","item":"https:\/\/moderaterna.se\/stockholm\/"},{"@type":"ListItem","position":2,"name":"B\u00e4ttre att de som jobbar blir fler, \u00e4n att de som redan jobbar betalar mer"}]},{"@type":"WebSite","@id":"https:\/\/moderaterna.se\/stockholm\/#website","url":"https:\/\/moderaterna.se\/stockholm\/","name":"Moderaterna i Stockholms stad och l\u00e4n","description":"Nu f\u00e5r vi ordning p\u00e5 Sverige","publisher":{"@id":"https:\/\/moderaterna.se\/stockholm\/#organization"},"potentialAction":[{"@type":"SearchAction","target":{"@type":"EntryPoint","urlTemplate":"https:\/\/moderaterna.se\/stockholm\/?s={search_term_string}"},"query-input":{"@type":"PropertyValueSpecification","valueRequired":true,"valueName":"search_term_string"}}],"inLanguage":"sv-SE"},{"@type":"Organization","@id":"https:\/\/moderaterna.se\/stockholm\/#organization","name":"Moderaterna","url":"https:\/\/moderaterna.se\/stockholm\/","logo":{"@type":"ImageObject","inLanguage":"sv-SE","@id":"https:\/\/moderaterna.se\/stockholm\/#\/schema\/logo\/image\/","url":"https:\/\/moderaterna.se\/app\/uploads\/2021\/10\/logo-general@2x.png","contentUrl":"https:\/\/moderaterna.se\/app\/uploads\/2021\/10\/logo-general@2x.png","width":122,"height":122,"caption":"Moderaterna"},"image":{"@id":"https:\/\/moderaterna.se\/stockholm\/#\/schema\/logo\/image\/"},"sameAs":["https:\/\/www.facebook.com\/ModeraternaSthlm","https:\/\/x.com\/ModeratSthlm","https:\/\/www.instagram.com\/moderatsthlm\/","https:\/\/www.youtube.com\/user\/ModeraternaSthlm"]},{"@type":"Person","@id":"https:\/\/moderaterna.se\/stockholm\/#\/schema\/person\/131c13b3e9baf0c3d99d695922825b80","name":"Emilia \u00d6ije","image":{"@type":"ImageObject","inLanguage":"sv-SE","@id":"https:\/\/moderaterna.se\/stockholm\/#\/schema\/person\/image\/","url":"https:\/\/secure.gravatar.com\/avatar\/ee7b3b20a287882a43463d6e378177ed04c99ac9165cb4829a97ed6680a07caf?s=96&d=mm&r=g","contentUrl":"https:\/\/secure.gravatar.com\/avatar\/ee7b3b20a287882a43463d6e378177ed04c99ac9165cb4829a97ed6680a07caf?s=96&d=mm&r=g","caption":"Emilia \u00d6ije"},"url":"https:\/\/moderaterna.se\/stockholm\/author\/emiliaoije\/"}]}},"publishpress_future_action":{"enabled":false,"date":"2026-05-04 06:59:02","action":"change-status","newStatus":"draft","terms":[],"taxonomy":"category"},"_links":{"self":[{"href":"https:\/\/moderaterna.se\/stockholm\/wp-json\/wp\/v2\/posts\/2003","targetHints":{"allow":["GET"]}}],"collection":[{"href":"https:\/\/moderaterna.se\/stockholm\/wp-json\/wp\/v2\/posts"}],"about":[{"href":"https:\/\/moderaterna.se\/stockholm\/wp-json\/wp\/v2\/types\/post"}],"author":[{"embeddable":true,"href":"https:\/\/moderaterna.se\/stockholm\/wp-json\/wp\/v2\/users\/57"}],"replies":[{"embeddable":true,"href":"https:\/\/moderaterna.se\/stockholm\/wp-json\/wp\/v2\/comments?post=2003"}],"version-history":[{"count":5,"href":"https:\/\/moderaterna.se\/stockholm\/wp-json\/wp\/v2\/posts\/2003\/revisions"}],"predecessor-version":[{"id":2279,"href":"https:\/\/moderaterna.se\/stockholm\/wp-json\/wp\/v2\/posts\/2003\/revisions\/2279"}],"wp:attachment":[{"href":"https:\/\/moderaterna.se\/stockholm\/wp-json\/wp\/v2\/media?parent=2003"}],"wp:term":[{"taxonomy":"category","embeddable":true,"href":"https:\/\/moderaterna.se\/stockholm\/wp-json\/wp\/v2\/categories?post=2003"},{"taxonomy":"post_tag","embeddable":true,"href":"https:\/\/moderaterna.se\/stockholm\/wp-json\/wp\/v2\/tags?post=2003"},{"taxonomy":"subject","embeddable":true,"href":"https:\/\/moderaterna.se\/stockholm\/wp-json\/wp\/v2\/subject?post=2003"}],"curies":[{"name":"wp","href":"https:\/\/api.w.org\/{rel}","templated":true}]}}