{"id":1439,"date":"2021-12-01T19:47:53","date_gmt":"2021-12-01T18:47:53","guid":{"rendered":"https:\/\/moderaterna.se\/?post_type=subject-post&#038;p=492"},"modified":"2024-05-07T13:10:34","modified_gmt":"2024-05-07T11:10:34","slug":"klimat-2","status":"publish","type":"subject-post","link":"https:\/\/moderaterna.se\/skane\/var-politik\/klimat-2\/","title":{"rendered":"Klimat, energi och milj\u00f6"},"content":{"rendered":"\n<p><strong>Moderaterna bedriver en ambiti\u00f6s klimatpolitik f\u00f6r att snabbt minska utsl\u00e4ppen av v\u00e4xthusgaser i Sverige och globalt. Vi prioriterar att st\u00e4lla om transporterna och industrin, som tillsammans st\u00e5r f\u00f6r tv\u00e5 tredjedelar av Sveriges totala utsl\u00e4pp.<\/strong><\/p>\n\n\n\n<p>Med Moderaternas politik ska Sverige n\u00e5 det l\u00e5ngsiktiga\u00a0<a href=\"https:\/\/www.naturvardsverket.se\/Miljoarbete-i-samhallet\/Miljoarbete-i-Sverige\/Uppdelat-efter-omrade\/Klimat\/Sveriges-klimatlag-och-klimatpolitiska-ramverk\/\">klimatm\u00e5let<\/a>\u00a0om nettonollutsl\u00e4pp senast \u00e5r 2045, samtidigt som vi bidrar till att minska klimatutsl\u00e4ppen globalt. Genom att bedriva en klimatpolitik som f\u00f6renar minskade utsl\u00e4pp med ekonomisk tillv\u00e4xt kan vi vara ett internationellt f\u00f6red\u00f6me.\u00a0<\/p>\n\n\n\n<p>Sverige befinner sig i en energikris. Att den socialdemokratiska regeringen lade ner fullt fungerande k\u00e4rnkraft har lett till rekordh\u00f6ga elpriser och att oljekraftverket i Karlshamn \u00e5r 2021 eldade mer olja \u00e4n de f\u00f6reg\u00e5ende tio \u00e5ren tillsammans. Nu l\u00e4gger den moderatledda regeringen om energipolitiken och \u00e5teruppr\u00e4ttar ett fungerande energisystem. <\/p>\n\n\n\n<p>Vi ska ta fullt ansvar f\u00f6r klimatarbetet h\u00e4r hemma och n\u00e5 nettonollutsl\u00e4pp senast \u00e5r 2045 \u2013 genom att ers\u00e4tta fossil energi med ren el och innovativa tekniker som minskar eller tar bort utsl\u00e4ppen. Samtidigt ska vi hj\u00e4lpa andra l\u00e4nder att minska sina utsl\u00e4pp genom effektivt internationellt samarbete. Den moderatledda regeringen gav omedelbart Svenska kraftn\u00e4t i uppdrag att vidta n\u00f6dv\u00e4ndiga \u00e5tg\u00e4rder f\u00f6r att identifiera ytterligare elproduktion och trygga elf\u00f6rs\u00f6rjningen till n\u00e4sta vinter. Flera kraftv\u00e4rmeverk har upphandlats i den s\u00e5 kallade effektreserven och det mycket viktiga \u00d6resundsverket i Malm\u00f6 har r\u00e4ddats fr\u00e5n att s\u00e4ljas i bitar till Sydostasien.<\/p>\n\n\n\n<p><strong>Den moderatledda regeringen genomf\u00f6r:<\/strong><\/p>\n\n\n\n<ul class=\"wp-block-list\">\n<li>Ger k\u00e4rnkraften legala f\u00f6ruts\u00e4ttningar genom att f\u00f6resl\u00e5 att ta bort f\u00f6rbudet mot att ha fler \u00e4n tio<br>k\u00e4rnkraftsreaktorer i drift och f\u00f6rbudet mot att k\u00e4rnkraftsreaktorer byggs p\u00e5 fler platser \u00e4n de<br>befintliga.<\/li>\n\n\n\n<li>Har tagit bort skatten p\u00e5 kraftv\u00e4rme.<\/li>\n\n\n\n<li>Har betalat ut elst\u00f6d till hush\u00e5llen.<\/li>\n\n\n\n<li>Har s\u00e4nkt skatten f\u00f6r installation av solceller.<\/li>\n\n\n\n<li>Satsar mer pengar p\u00e5 forskning om k\u00e4rnkraft samt till Str\u00e5ls\u00e4kerhetsmyndigheten.<\/li>\n\n\n\n<li>Satsar ytterligare pengar f\u00f6r att industrin ska kunna st\u00e4llas om h\u00e5llbart.<\/li>\n\n\n\n<li>Har tillf\u00e4lligt pausat ompr\u00f6vningen av vattenkraftens milj\u00f6tillst\u00e5nd, f\u00f6r att vattenkraftverken<br>fortsatt ska kunna producera el.<\/li>\n\n\n\n<li>Genomf\u00f6r en omfattande satsning p\u00e5 inf\u00e5ngning och lagring av koldioxid (CCS).<\/li>\n\n\n\n<li>Satsar p\u00e5 att diken och v\u00e5tmarker restaureras f\u00f6r att minska utsl\u00e4ppet av v\u00e4xthusgaser.<\/li>\n\n\n\n<li>\u00c4ndrar det energipolitiska m\u00e5let till 100 procent fossilfritt. Sverige ska ha en elproduktion d\u00e4r alla<br>fossilfria energik\u00e4llor ska bidra, inklusive k\u00e4rnkraften.<\/li>\n\n\n\n<li>Satsar p\u00e5 klimatklivet ytterligare.<\/li>\n\n\n\n<li>Inf\u00f6r en skrotningspremie villkorad till k\u00f6p\/leasing av elbil.<\/li>\n<\/ul>\n\n\n\n<h2 class=\"wp-block-heading\" id=\"h-akuta-atgarder-for-att-sanka-elpriserna\">Akuta \u00e5tg\u00e4rder f\u00f6r att s\u00e4nka elpriserna<\/h2>\n\n\n\n<p>De h\u00f6ga elpriserna riskerar att driva m\u00e4nniskor fr\u00e5n hus och hem. Antalet elkunder hos Kronofogden har \u00f6kat. Allt fler f\u00f6retag larmar om att de beh\u00f6ver stoppa sin produktion eller till och g\u00e5 i konkurs. Risken f\u00f6r bortkoppling av kunder fr\u00e5n eln\u00e4tet var under tidigare \u00e5r reell p\u00e5 grund av effektbrist i Sverige. Samtidigt varnar experter f\u00f6r att risken f\u00f6r ett l\u00e5ngvarigt n\u00e4tsammanbrott har \u00f6kat.<\/p>\n\n\n\n<p><strong>Den moderatledda regeringen genomf\u00f6r:<\/strong><\/p>\n\n\n\n<ul class=\"wp-block-list\">\n<li>Den moderatledda regeringen gav omedelbart Svenska kraftn\u00e4t i uppdrag att vidta n\u00f6dv\u00e4ndiga<br>\u00e5tg\u00e4rder f\u00f6r att aktivera alla tillg\u00e4ngliga planerbara kraftanl\u00e4ggningar f\u00f6r elproduktion i Sverige.<br>Flera kraftv\u00e4rmeverk har upphandlats i den s\u00e5 kallade effektreserven och det mycket viktiga<br>\u00d6resundsverket i Malm\u00f6 har r\u00e4ddats fr\u00e5n att s\u00e4ljas i bitar till Sydostasien.<\/li>\n\n\n\n<li>Kraftv\u00e4rme \u00e4r en k\u00e4lla till lokal, planerbar och stabil energif\u00f6rs\u00f6rjning. Socialdemokraterna<br>har h\u00f6jt eller inf\u00f6rt flera skatter som gjort kraftv\u00e4rmen mindre l\u00f6nsam. Det har lett till mindre<br>kraftv\u00e4rmeproduktion i Sverige. Den moderatledda regeringen avskaffade skatten p\u00e5<br>kraftv\u00e4rmeproduktion i h\u00f6stbudgeten, vilket tr\u00e4dde i kraft 1 januari 2023, och gjorde kraftv\u00e4rmen<br>mer l\u00f6nsam.<\/li>\n\n\n\n<li>Ett elst\u00f6d har betalats ut till eln\u00e4tskunder i elomr\u00e5de 3 och 4. Det inneb\u00e4r att kapacitetsavgifter<br>f\u00f6rs tillbaka till kunderna. Ytterligare ett elst\u00f6d till hush\u00e5ll i hela landet betalades ut i juni 2023.<\/li>\n<\/ul>\n\n\n\n<h2 class=\"wp-block-heading\" id=\"h-karnkraft-ar-klimatsmart\">K\u00e4rnkraft \u00e4r klimatsmart<\/h2>\n\n\n\n<p>Sveriges elproduktion \u00e4r n\u00e4st intill fossilfri, mycket tack vare k\u00e4rnkraften som producerar en stor<br>m\u00e4ngd el utan utsl\u00e4pp av v\u00e4xthusgaser. En reaktor kan producera ungef\u00e4r lika mycket el under en timme som en svensk anv\u00e4nder under sin livstid. Den elproduktionen \u00e4r planerbar och koldioxidfri. <\/p>\n\n\n\n<p>En stabil elf\u00f6rs\u00f6rjning \u00e4r en f\u00f6ruts\u00e4ttning f\u00f6r Sveriges v\u00e4lf\u00e4rd och konkurrenskraft. Elbehovet ber\u00e4knas dubbleras till \u00e5r 2045. Detta beror i h\u00f6g utstr\u00e4ckning p\u00e5 industrins omst\u00e4llning fr\u00e5n fossila br\u00e4nslen, f\u00f6r att minska utsl\u00e4ppen och klara klimatomst\u00e4llningen. Svensk energi spelar en viktig roll i den globala klimatomst\u00e4llningen. Den socialdemokratiska regeringens st\u00e4ngning av Ringhals 1 och 2 ber\u00e4knas leda till att utsl\u00e4ppen i EU \u00f6kar med \u00e5tta miljoner ton. Det motsvarar utsl\u00e4ppen fr\u00e5n \u00e5tta miljoner flygresor till s\u00f6dra Europa.<\/p>\n\n\n\n<p><strong>Moderaterna vill:<\/strong><\/p>\n\n\n\n<ul class=\"wp-block-list\">\n<li>Ge k\u00e4rnkraften r\u00e4tt politiska, regulatoriska och ekonomiska f\u00f6ruts\u00e4ttningar. S\u00e5 att det byggs ny<br>k\u00e4rnkraft i Sverige.<\/li>\n\n\n\n<li>Garantera nybyggd k\u00e4rnkraft r\u00e4tten till drift och elproduktion under hela sin tekniska livsl\u00e4ngd \u2013<br>om staten tvingar fram en nedl\u00e4ggning ska \u00e4garen har r\u00e4tt till skadest\u00e5nd.<\/li>\n\n\n\n<li>Fortsatt drift av v\u00e5ra befintliga k\u00e4rnkraftsreaktorer.<\/li>\n\n\n\n<li>Satsa p\u00e5 n\u00e4sta generations k\u00e4rnkraft genom \u00f6kad forskning och att det byggs en<br>forskningsreaktor.<\/li>\n\n\n\n<li>Ta fram ett regelverk f\u00f6r sm\u00e5, modul\u00e4ra reaktorer (SMR), som medger typgodk\u00e4nnande.<\/li>\n\n\n\n<li>Se \u00f6ver elmarknaden s\u00e5 att planerbara kraftslag som k\u00e4rn- och vattenkraft f\u00e5r betalt f\u00f6r sin<br>tillg\u00e4nglighet.<\/li>\n\n\n\n<li>Bygg ut eln\u00e4ten f\u00f6r att klara elektrifieringen av samh\u00e4llet och klimatomst\u00e4llningen.<\/li>\n\n\n\n<li>Korta tillst\u00e5ndsprocesserna f\u00f6r ny k\u00e4rnkraft.<\/li>\n<\/ul>\n\n\n\n<p><strong>Den moderatledda regeringen genomf\u00f6r:<\/strong><\/p>\n\n\n\n<ul class=\"wp-block-list\">\n<li>F\u00f6rbudet mot att det endast f\u00e5r finnas 10 reaktorer samt f\u00f6rbudet mot att de endast f\u00e5r finnas p\u00e5<br>n\u00e5gon av de tre befintliga platserna tas bort fr\u00e5n 1 januari 2024.<\/li>\n\n\n\n<li>Ett statligt investeringsst\u00f6d inf\u00f6rs i BP24 \u2013 400 miljarder i gr\u00f6na kreditgarantier f\u00f6r att m\u00f6jligg\u00f6ra<br>ny k\u00e4rnkraft och \u00e5teruppbygga ett stabilt kraftsystem.<\/li>\n\n\n\n<li>Det energipolitiska m\u00e5let har \u00e4ndrats till 100 procent fossilfritt (ist\u00e4llet f\u00f6r 100 procent f\u00f6rnybart)<br>\u00e5r 2045. Det s\u00e4krar att vi kan utveckla k\u00e4rnkraft i Sverige.<\/li>\n\n\n\n<li>Regeringen arbetar med en ny energipolitisk proposition vilket ska ge svar p\u00e5 hur den l\u00e5ngsiktiga<br>leveransen av el ska s\u00e4kras i Sverige. Alla partier har varit inbjudna att ge sin syn p\u00e5 hur det ska<br>g\u00f6ras.<\/li>\n<\/ul>\n\n\n\n<h2 class=\"wp-block-heading\" id=\"h-elektrifieringen-ar-avgorande-for-att-minska-utslappen-och-kraver-karnkraft\">Elektrifieringen \u00e4r avg\u00f6rande f\u00f6r att minska utsl\u00e4ppen och kr\u00e4ver k\u00e4rnkraft<\/h2>\n\n\n\n<p>Klimatomst\u00e4llningen \u00e4r en av v\u00e5r tids st\u00f6rsta utmaningar. Ska vi minska utsl\u00e4ppen kr\u00e4vs st\u00f6rre<br>tillg\u00e5ng p\u00e5 fossilfri el och effektiva \u00e5tg\u00e4rder som g\u00f6r skillnad p\u00e5 riktigt. Svenska transporter och industrier st\u00e5r tillsammans f\u00f6r tv\u00e5 tredjedelar av Sveriges totala utsl\u00e4pp. F\u00f6r att klara klimatomst\u00e4llningen och elektrifieringen av samh\u00e4llet beh\u00f6vs mer ren el. Experter bed\u00f6mer att Sveriges elbehov kommer att f\u00f6rdubblas till 2045. Om j\u00e4rn- och st\u00e5lindustrin i Sverige blir fossilfri skulle v\u00e5rt lands totala utsl\u00e4pp minska med cirka 12 procent.<\/p>\n\n\n\n<p><strong>Moderaterna vill: <\/strong><\/p>\n\n\n\n<ul class=\"wp-block-list\">\n<li>\u00d6ka tillg\u00e5ngen p\u00e5 fossilfri el genom mer planerbar och fossilfri elproduktion.<\/li>\n\n\n\n<li>Satsa p\u00e5 en sammanh\u00e4ngande strategi f\u00f6r att elektrifiera v\u00e4gtransporterna och hj\u00e4lpa industrin<br>att st\u00e4lla om genom elektrifiering eller andra nya tekniker som minskar eller tar bort utsl\u00e4ppen.<\/li>\n\n\n\n<li>Fortsatta satsningar p\u00e5 Industriklivet, vilket hj\u00e4lper industrin att st\u00e4lla om genom att f\u00f6retag kan<br>s\u00f6ka st\u00f6d f\u00f6r investeringsprojekt, pilot- och demonstrationsprojekt som syftar till att minska<br>utsl\u00e4ppen.<\/li>\n\n\n\n<li>Genomf\u00f6ra omfattande satsningar p\u00e5 laddstolpar och laddstationer f\u00f6r att fler bilar och lastbilar<br>ska kunna drivas av el.<\/li>\n<\/ul>\n\n\n\n<h2 class=\"wp-block-heading\" id=\"h-sverige-ska-vara-ett-foredome-i-den-globala-klimatomstallningen\">Sverige ska vara ett f\u00f6red\u00f6me i den globala klimatomst\u00e4llningen<\/h2>\n\n\n\n<p>Klimatfr\u00e5gan \u00e4r global. Vi har ett gemensamt ansvar f\u00f6r klimatomst\u00e4llningen och f\u00f6r den planet som vi efterl\u00e4mnar till kommande generationer. Idag st\u00e5r Sverige st\u00e5r f\u00f6r cirka 0,1 procent av de totala utsl\u00e4ppen i v\u00e4rlden. Kina sl\u00e4pper ut mer koldioxid \u00e4n EU och USA tillsammans. I det globala arbetet ska Sverige vara ett f\u00f6red\u00f6me i omst\u00e4llningen genom att f\u00f6rena tillv\u00e4xt och uppsl\u00e4ppsminskningar. Sverige kan g\u00f6ra stor global klimatnytta genom att \u00f6ka industrins export. Svensk industri har sm\u00e5 utsl\u00e4pp och v\u00e5r export tr\u00e4nger d\u00e4rf\u00f6r undan s\u00e4mre alternativ utomlands.<\/p>\n\n\n\n<p>Kostnaden f\u00f6r att minska utsl\u00e4ppen genom internationella klimatinsatser \u00e4r ofta mycket l\u00e4gre \u00e4n<br>f\u00f6r att minska utsl\u00e4ppen i Sverige, d\u00e4r vi redan kommit l\u00e5ngt i v\u00e5rt klimatarbete. Nya tekniker som till exempel koldioxidinf\u00e5ngning kan anv\u00e4ndas f\u00f6r att \u00e5stadkomma kraftiga minskningar av utsl\u00e4ppen.<\/p>\n\n\n\n<p><strong>Moderaterna vill:<\/strong><\/p>\n\n\n\n<ul class=\"wp-block-list\">\n<li>\u00d6ka det svenska klimatbist\u00e5ndets andel av det totala bist\u00e5ndet f\u00f6r att hj\u00e4lpa fler l\u00e4nder att<br>prioritera och genomf\u00f6ra verkningsfulla \u00e5tg\u00e4rder f\u00f6r klimatomst\u00e4llningen.<\/li>\n\n\n\n<li>Att EU ska verka f\u00f6r att fler l\u00e4nder sk\u00e4rper sina \u00e5taganden enligt Parisavtalet.<\/li>\n\n\n\n<li>Att Sverige ska inr\u00e4tta ett eget program f\u00f6r internationella klimatinvesteringar.<\/li>\n\n\n\n<li>Att klimatnyttan som svensk industri bidrar med m\u00e4ts och att det s\u00e4tts ett m\u00e5l f\u00f6r att \u00f6ka den.<\/li>\n\n\n\n<li>Satsa p\u00e5 storskalig inf\u00e5ngning och lagring av koldioxid, s\u00e5 kallad bio-CCS. V\u00e5r satsning inneb\u00e4r<br>att upp till fyra procent av Sveriges \u00e5rliga utsl\u00e4pp av v\u00e4xthusgaser kan f\u00e5ngas in.<\/li>\n<\/ul>\n\n\n\n<h2 class=\"wp-block-heading\" id=\"h-rent-hav-och-rena-vatten\">Rent hav och rena vatten<\/h2>\n\n\n\n<p>Kraftfulla \u00e5tg\u00e4rder beh\u00f6vs f\u00f6r att f\u00f6rb\u00e4ttra havs- och vattenmilj\u00f6n. Det handlar om att minska<br>\u00f6verg\u00f6dning, f\u00f6rsurning, utsl\u00e4pp av farliga \u00e4mnen och marin nedskr\u00e4pning, inte minst i \u00d6stersj\u00f6n. Fler \u00e4n h\u00e4lften av v\u00e4rldens st\u00f6rsta omr\u00e5den med d\u00f6da bottnar finns i \u00d6stersj\u00f6n. Det motsvarar en sammanlagd yta st\u00f6rre \u00e4n Danmark.<\/p>\n\n\n\n<p>Hav, sj\u00f6ar och vattendrag ger oss livsmedel, m\u00f6jligheter till transporter och rekreation. I vattnet finns en stor del av jordens biologiska m\u00e5ngfald. Vi har ett ansvar gentemot oss sj\u00e4lva och framtida generationer att ta hand om detta.<\/p>\n\n\n\n<p><strong>Moderaterna vill:<\/strong><\/p>\n\n\n\n<ul class=\"wp-block-list\">\n<li>St\u00e4rka lokala vattenv\u00e5rdsprojekt f\u00f6r att minska p\u00e5frestningen p\u00e5 v\u00e5ra vatten. Minska jordbrukets<br>milj\u00f6p\u00e5verkan genom st\u00f6d till teknikutveckling och innovationer. Satsa p\u00e5 forskning och<br>utveckling om vattenrening samt utbyggnad av avancerad vattenrening.<\/li>\n\n\n\n<li>F\u00f6rst\u00e4rka det gemensamma \u00d6stersj\u00f6arbetet f\u00f6r \u00e5tg\u00e4rder mot \u00f6verg\u00f6dning och nedskr\u00e4pning av<br>plast och mikroplast i l\u00e4nderna runt \u00d6stersj\u00f6n.<\/li>\n\n\n\n<li>B\u00e4rga milj\u00f6farligt avfall i havet. Milj\u00f6farligt avfall som hittats i haven \u2013 och ofta legat d\u00e4r under<br>l\u00e5ng tid \u2013 ska b\u00e4rgas f\u00f6r att undvika st\u00f6rre skador p\u00e5 den marina milj\u00f6n.<\/li>\n\n\n\n<li>Flytta ut tr\u00e5lgr\u00e4nsen i \u00d6stersj\u00f6n till tolv nautiska mil, f\u00f6r att s\u00e4kra best\u00e5nden av kustn\u00e4ra sill\/<br>str\u00f6mming och skarpsill samt gynna torskens \u00e5terh\u00e4mtning.<\/li>\n<\/ul>\n\n\n\n<h2 class=\"wp-block-heading\" id=\"h-stoppa-miljobrott-och-nedskrapning\">Stoppa milj\u00f6brott och nedskr\u00e4pning<\/h2>\n\n\n\n<p>Antalet anm\u00e4lda milj\u00f6brott \u00f6kar. Samtidigt minskar uppklarandegraden. All nedskr\u00e4pning \u00e4r i dag f\u00f6rbjuden, men all nedskr\u00e4pning leder inte till p\u00e5f\u00f6ljder. Straffet f\u00f6r den som blir d\u00f6md f\u00f6r brott mot milj\u00f6balken stannar i m\u00e5nga fall vid ett l\u00e5gt b\u00f6tesbelopp. Sm\u00e5skr\u00e4p som till exempel fimpar, snus och tuggummi st\u00e5r f\u00f6r en stor andel av all nedskr\u00e4pning<br>och bidrar till att mikroplaster och kemikalier sprider sig till hav och natur. Dessutom kan djur som f\u00e5r i sig skr\u00e4pet kan bli skadade.<\/p>\n\n\n\n<p><strong>Moderaterna vill: <\/strong><\/p>\n\n\n\n<ul class=\"wp-block-list\">\n<li>G\u00f6ra Sverige skr\u00e4pfritt och se en nolltolerans mot nedskr\u00e4pning.<\/li>\n\n\n\n<li>Genomf\u00f6ra en kraftsamling mot milj\u00f6brott genom satsningar p\u00e5 polisen och \u00c5klagarmyndigheten.<\/li>\n\n\n\n<li>Sk\u00e4rpa milj\u00f6tillsynen i hela landet genom \u00f6kad kunskap och \u00e5terinf\u00f6randet av branschexperter.<\/li>\n\n\n\n<li>Sk\u00e4rpa straffen f\u00f6r milj\u00f6brott och nedskr\u00e4pning. De brott som leder till skador som inte \u00e4r<br>obetydliga eller som beg\u00e5s i syfte att tj\u00e4na pengar ska leda till mer k\u00e4nnbara p\u00e5f\u00f6ljder \u00e4n b\u00f6ter.<\/li>\n\n\n\n<li>Straffen f\u00f6r milj\u00f6brott b\u00f6r vara extra h\u00e5rda om brottet utf\u00f6rs inom ramen f\u00f6r den organiserade<br>brottsligheten.<\/li>\n\n\n\n<li>Ge ordningsvakter befogenheten att utf\u00e4rda b\u00f6ter f\u00f6r sm\u00e5skr\u00e4p.<\/li>\n<\/ul>\n\n\n\n<p><\/p>\n","protected":false},"featured_media":1057,"template":"","tags":[106],"class_list":["post-1439","subject-post","type-subject-post","status-publish","has-post-thumbnail","hentry","tag-importerad"],"acf":[],"_links":{"self":[{"href":"https:\/\/moderaterna.se\/skane\/wp-json\/wp\/v2\/subject-post\/1439","targetHints":{"allow":["GET"]}}],"collection":[{"href":"https:\/\/moderaterna.se\/skane\/wp-json\/wp\/v2\/subject-post"}],"about":[{"href":"https:\/\/moderaterna.se\/skane\/wp-json\/wp\/v2\/types\/subject-post"}],"wp:featuredmedia":[{"embeddable":true,"href":"https:\/\/moderaterna.se\/skane\/wp-json\/wp\/v2\/media\/1057"}],"wp:attachment":[{"href":"https:\/\/moderaterna.se\/skane\/wp-json\/wp\/v2\/media?parent=1439"}],"wp:term":[{"taxonomy":"post_tag","embeddable":true,"href":"https:\/\/moderaterna.se\/skane\/wp-json\/wp\/v2\/tags?post=1439"}],"curies":[{"name":"wp","href":"https:\/\/api.w.org\/{rel}","templated":true}]}}