{"id":1204,"date":"2024-05-06T07:28:30","date_gmt":"2024-05-06T05:28:30","guid":{"rendered":"https:\/\/moderaterna.se\/?post_type=subject-post&#038;p=537"},"modified":"2026-09-04T10:06:59","modified_gmt":"2026-09-04T08:06:59","slug":"halso-och-sjukvard-2","status":"publish","type":"subject-post","link":"https:\/\/moderaterna.se\/skane\/var-politik\/halso-och-sjukvard-2\/","title":{"rendered":"H\u00e4lso- och sjukv\u00e5rd"},"content":{"rendered":"\n<p>V\u00e5rden ska vara tillg\u00e4nglig, trygg och samordnad. Det ska vara enkelt att f\u00e5 r\u00e4tt v\u00e5rd i tid av h\u00f6g kvalitet.&nbsp;V\u00e5rdgarantin beh\u00f6ver d\u00e4rf\u00f6r sk\u00e4rpas. Moderaterna vill dessutom se en mer j\u00e4mlik v\u00e5rd d\u00e4r kvinnors sjukdomar och h\u00e4lsa tas p\u00e5 allvar och vi vill forts\u00e4tta prioritera v\u00e5rd f\u00f6r psykisk oh\u00e4lsa. Samh\u00e4llet ska finnas d\u00e4r n\u00e4r det beh\u00f6vs.<\/p>\n\n\n\n<h2 class=\"wp-block-heading has-large-font-size\" id=\"h-moderaternas-politik-inom-halso-och-sjukvard\"><strong>Moderaternas politik inom h\u00e4lso- och sjukv\u00e5rd<\/strong><\/h2>\n\n\n\n<h3 class=\"wp-block-heading has-medium-font-size\" id=\"h-fler-ska-fa-vard-i-tid\"><strong>Fler ska f\u00e5 v\u00e5rd i tid<\/strong><\/h3>\n\n\n\n<ul class=\"wp-block-list\">\n<li>F\u00f6r m\u00e5nga patienter f\u00e5r inte sin behandling inom v\u00e5rdgarantins 90-dagarsgr\u00e4ns. Ocks\u00e5 v\u00e4ntetiderna inom barn- och ungdomspsykiatrin (BUP) \u00e4r alldeles f\u00f6r l\u00e5nga.<\/li>\n\n\n\n<li>Tidiga insatser \u00e4r ofta viktiga f\u00f6r s\u00e5v\u00e4l behandling som f\u00f6r livskvalitet. Snabb tillg\u00e5ng till v\u00e5rd \u00e4r avg\u00f6rande f\u00f6r att m\u00e4nniskor ska kunna \u00e5terg\u00e5 till arbete och slippa en on\u00f6digt l\u00e5ng sjukskrivning. D\u00e4rf\u00f6r \u00e4r ocks\u00e5 v\u00e5rd i tid en r\u00e4ttvisefr\u00e5ga.<\/li>\n\n\n\n<li>Vi ska ha en h\u00e4lso- och sjukv\u00e5rd som fungerar och som ger m\u00e4nniskor v\u00e5rd i tid.<\/li>\n<\/ul>\n\n\n\n<h3 class=\"wp-block-heading has-medium-font-size\" id=\"h-darfor-vill-och-arbetar-moderaterna-for-att\"><strong>D\u00e4rf\u00f6r vill och arbetar Moderaterna f\u00f6r att:<\/strong><\/h3>\n\n\n\n<ul class=\"wp-block-list\">\n<li>Under mandatperioden har den moderatledda regeringen satsat n\u00e4stan 25 miljarder kronor p\u00e5 att korta v\u00e5rdk\u00f6erna. Fr\u00e5n oktober 2022 till juni 2026 minskade v\u00e5rdk\u00f6erna med 41 procent.<\/li>\n\n\n\n<li>Om v\u00e4ntetiden blir f\u00f6r l\u00e5ng vill vi g\u00f6ra det enklare att f\u00e5 v\u00e5rd i en annan region, genom en nationell v\u00e5rdf\u00f6rmedling.&nbsp;<strong>(Tid\u00f6)<\/strong><\/li>\n\n\n\n<li>Sk\u00e4rpa v\u00e5rdgarantin fr\u00e5n 90 till 30 dagar och g\u00f6ra regionerna ers\u00e4ttningsskyldiga n\u00e4r v\u00e5rdgarantin inte uppfylls.&nbsp;<strong>(Vall\u00f6fte 2026)<\/strong><\/li>\n<\/ul>\n\n\n\n<h3 class=\"wp-block-heading has-medium-font-size\" id=\"h-ungas-psykiska-ohalsa-behover-minska-nbsp\"><strong>Ungas psykiska oh\u00e4lsa beh\u00f6ver minska&nbsp;<\/strong><\/h3>\n\n\n\n<ul class=\"wp-block-list\">\n<li>Andelen unga som upplever psykisk oh\u00e4lsa har \u00f6kat kraftigt de senaste 15 \u00e5ren.<\/li>\n\n\n\n<li>\u00c5r 2023 uppgav sex barn och unga av tio att de besv\u00e4rades av \u00e4ngslan, oro eller \u00e5ngest. Den vanligaste orsaken \u00e4r egna och andras f\u00f6rv\u00e4ntningar.<\/li>\n\n\n\n<li>Alla barn och unga ska f\u00e5 hj\u00e4lp, st\u00f6d och v\u00e5rd i r\u00e4tt tid av h\u00f6g kvalitet. Det \u00e4r en del samh\u00e4llskontraktet.<\/li>\n<\/ul>\n\n\n\n<h2 class=\"wp-block-heading has-medium-font-size\" id=\"h-darfor-vill-och-arbetar-moderaterna-for-att-0\"><strong>D\u00e4rf\u00f6r vill och arbetar Moderaterna f\u00f6r att:<\/strong><\/h2>\n\n\n\n<ul class=\"wp-block-list\">\n<li>Att alla barn och unga ska ha r\u00e4tt till en lagstadgad v\u00e5rdgaranti g\u00e4llande 30 dagar f\u00f6r f\u00f6rsta bes\u00f6kstid och behandling 30 dagar efter f\u00f6rsta bes\u00f6kstillf\u00e4lle hos BUP.&nbsp;<\/li>\n\n\n\n<li>St\u00e4rka f\u00f6rsta linjens psykiatri vilket bland annat kommer att avlasta trycket p\u00e5 BUP. Den moderatledda regeringen har d\u00e4rf\u00f6r under \u00e5r 2026 satsat 5,4 miljarder kronor p\u00e5 psykiatrin. Ingen tidigare regering har satsat lika mycket mot psykisk oh\u00e4lsa<\/li>\n\n\n\n<li>H\u00f6ja \u00e5ldersgr\u00e4nsen f\u00f6r BUP fr\u00e5n 18 till 21 \u00e5r och inf\u00f6ra fast v\u00e5rdkontakt f\u00f6r unga med sv\u00e5r psykisk sjukdom.&nbsp;<strong>(Arbetsst\u00e4mman 2025)<\/strong><\/li>\n<\/ul>\n\n\n\n<h3 class=\"wp-block-heading has-medium-font-size\" id=\"h-oka-stodet-vid-ofrivillig-barnloshet-och-starka-forlossningsvarden\"><strong>\u00d6ka st\u00f6det vid ofrivillig barnl\u00f6shet och st\u00e4rka f\u00f6rlossningsv\u00e5rden<\/strong><\/h3>\n\n\n\n<ul class=\"wp-block-list\">\n<li>Det f\u00f6ds omkring 100 000 barn om \u00e5ret i Sverige. Men ofrivillig barnl\u00f6shet drabbar i dag omkring tio till 15 procent av befolkningen, med ett stort och tyst lidande som f\u00f6ljd.<\/li>\n\n\n\n<li>Fortfarande drabbas flera tusen kvinnor \u00e5rligen av allvarliga f\u00f6rlossningsskador, \u00e4ven om skadorna minskat \u00f6ver tid.&nbsp;<\/li>\n\n\n\n<li>Att f\u00e5 barn \u00e4r en stor och omv\u00e4lvande h\u00e4ndelse i livet. Man ska k\u00e4nna sig trygg och v\u00e4l omh\u00e4ndertagen genom hela processen, b\u00e5de som mamma och pappa.<\/li>\n<\/ul>\n\n\n\n<h2 class=\"wp-block-heading has-medium-font-size\" id=\"h-darfor-vill-och-arbetar-moderaterna-for-att-1\"><strong>D\u00e4rf\u00f6r vill och arbetar Moderaterna f\u00f6r att:<\/strong><\/h2>\n\n\n\n<ul class=\"wp-block-list\">\n<li>Antalet f\u00f6rs\u00f6k ska \u00f6ka och syskonf\u00f6rs\u00f6k ska inkluderas. Den moderatledda regeringen har avsatt medel i v\u00e5rbudgeten 2026 f\u00f6r en dubblering av antalet subventionerade IVF-f\u00f6rs\u00f6k, fr\u00e5n tre till sex. Nu vill vi ta n\u00e4sta steg och inkludera \u00e4ven syskonf\u00f6rs\u00f6k i de offentligt subventionerade fertilitetsbehandlingarna.&nbsp;<strong>(Vall\u00f6fte 2026)<\/strong><\/li>\n\n\n\n<li>Inr\u00e4tta ett nationellt program f\u00f6r efterv\u00e5rden, i likhet med det som finns f\u00f6r m\u00f6dra- och barnh\u00e4lsov\u00e5rden inf\u00f6r och efter f\u00f6rlossning.&nbsp;<strong>(Arbetsst\u00e4mman 2025)<\/strong><\/li>\n\n\n\n<li>Kvinnor ska, i samr\u00e5d med l\u00e4kare och barnmorskor, vara mer delaktiga i planering och beslut avseende sin f\u00f6rlossning.&nbsp;<strong>(Arbetsst\u00e4mman 2025)<\/strong><\/li>\n<\/ul>\n\n\n\n<h3 class=\"wp-block-heading has-medium-font-size\" id=\"h-fortsatta-fokusera-pa-kvinnors-halsa\"><strong>Forts\u00e4tta fokusera p\u00e5 kvinnors h\u00e4lsa<\/strong><\/h3>\n\n\n\n<ul class=\"wp-block-list\">\n<li>Sjukdomar som i huvudsak drabbar kvinnor och flickor har under m\u00e5nga \u00e5r f\u00e5tt alldeles f\u00f6r lite fokus och resurser, b\u00e5de inom forskningen och sjukv\u00e5rden.&nbsp;<\/li>\n\n\n\n<li>Kunskapsluckor och f\u00f6rdomar leder till att sjukdomar misstas, inte diagnostiseras eller behandlas. Exempelvis migr\u00e4n, endometrios, lip\u00f6dem, PCOS (polycystiskt ovarialsyndrom) och klimakteriebesv\u00e4r f\u00e5r inte de resurser som dessa diagnoser kr\u00e4ver.<\/li>\n\n\n\n<li>Kvinnor och flickor ska ha lika stor r\u00e4tt till god h\u00e4lso- och sjukv\u00e5rd av h\u00f6g kvalitet som m\u00e4n och pojkar. Det \u00e4r en grundl\u00e4ggande j\u00e4mst\u00e4lldhetsfr\u00e5ga.<\/li>\n<\/ul>\n\n\n\n<h2 class=\"wp-block-heading has-medium-font-size\" id=\"h-darfor-vill-och-arbetar-moderaterna-for-att-2\"><strong>D\u00e4rf\u00f6r vill och arbetar Moderaterna f\u00f6r att:<\/strong><\/h2>\n\n\n\n<ul class=\"wp-block-list\">\n<li>Att v\u00e5rdens medarbetare ges b\u00e4ttre f\u00f6ruts\u00e4ttningar f\u00f6r att bedriva j\u00e4mst\u00e4lld v\u00e5rd avseende kvinnors sjukdomar och h\u00e4lsa.<strong>(Tid\u00f6)<\/strong><\/li>\n\n\n\n<li>Prioritera resurser f\u00f6r forskning om kvinnors sjukdomar och h\u00e4lsa. V\u00e5rden f\u00f6r sexuellt v\u00e5ldsutsatta barn och vuxna ska fortsatt st\u00e4rkas.&nbsp;<strong>(Tid\u00f6)<\/strong><\/li>\n\n\n\n<li>Se \u00f6ver rutinerna f\u00f6r diagnos och behandling av endometrios och ta fram nationella riktlinjer om menstruell h\u00e4lsa och sm\u00e4rta f\u00f6r elevh\u00e4lsan.&nbsp;<strong>(Arbetsst\u00e4mman 2025)<\/strong><\/li>\n\n\n\n<li>S\u00e4kra tillg\u00e5ngen p\u00e5 \u00f6strogenpl\u00e5ster och andra l\u00e4kemedel f\u00f6r att behandla klimakteriebesv\u00e4r. F\u00f6rb\u00e4ttra klimakterier\u00e5dgivningen p\u00e5 prim\u00e4rv\u00e5rdsniv\u00e5 och inf\u00f6ra en nationell informationssatsning om klimakteriet riktad mot kvinnor i \u00f6verg\u00e5ngs\u00e5ldern.&nbsp;<strong>(Vall\u00f6fte 2026)<\/strong><\/li>\n<\/ul>\n\n\n\n<h2 class=\"wp-block-heading has-medium-font-size\" id=\"h-fragor-och-svar-inom-halso-och-sjukvard\"><strong>Fr\u00e5gor och svar inom h\u00e4lso- och sjukv\u00e5rd<\/strong><\/h2>\n\n\n\n<p><strong>Vad tycker Moderaterna \u00e4r viktigast inom h\u00e4lso- och sjukv\u00e5rden?<\/strong><\/p>\n\n\n\n<p>Den som \u00e4r i behov av v\u00e5rd ska f\u00e5 det i tid. Det ska vara l\u00e4tt att f\u00e5 v\u00e5rd i r\u00e4tt tid och av h\u00f6g kvalitet. Vi vill se en mer j\u00e4mlik v\u00e5rd d\u00e4r kvinnors sjukdomar och h\u00e4lsa tas p\u00e5 allvar och vi vill forts\u00e4tta prioritera v\u00e5rd f\u00f6r psykisk oh\u00e4lsa.&nbsp;<\/p>\n\n\n\n<p><strong>Vad har Moderaterna gjort f\u00f6r att korta v\u00e5rdk\u00f6erna?<\/strong><\/p>\n\n\n\n<p>Under mandatperioden har regeringen satsat 25 miljarder kronor f\u00f6r att korta v\u00e5rdk\u00f6erna. M\u00e4tt p\u00e5 nationell niv\u00e5 har k\u00f6erna i v\u00e5rden minskat med 41 procent (juni 2026).&nbsp;<\/p>\n\n\n\n<p><strong>Vad inneb\u00e4r Moderaternas vall\u00f6fte om att sk\u00e4rpa v\u00e5rdgarantin?<\/strong><\/p>\n\n\n\n<p>V\u00e5rdgarantin ska sk\u00e4rpas fr\u00e5n nuvarande 90 dagar till 30 dagar. En patient som inte f\u00e5r v\u00e5rd inom v\u00e5rdgarantins tidsgr\u00e4ns ska erbjudas behandling utan extra kostnad hos v\u00e5rdgivare i en annan region. Och det \u00e4r den region som inte levt upp till v\u00e5rdgarantin som ska betala f\u00f6r patientens behandling.&nbsp;&nbsp;<\/p>\n\n\n\n<p><strong>Vad tycker Moderaterna om IVF?<\/strong><\/p>\n\n\n\n<p>Vi vill att fler ska f\u00e5 m\u00f6jlighet att bilda familj. I v\u00e5r\u00e4ndringsbudgeten 2026 avsatte regeringen 327 miljoner kronor f\u00f6r att dubblera antalet IVF-f\u00f6rs\u00f6k fr\u00e5n tre till sex. Satsningen g\u00e4ller tills vidare. Moderaterna vill ocks\u00e5 inkludera s\u00e5 kallade syskonf\u00f6rs\u00f6k som inneb\u00e4r att kvinnor som redan har ett eller fler barn ocks\u00e5 ska ges r\u00e4tt till offentligt subventionerade IVF-behandlingar.&nbsp;<\/p>\n\n\n\n<p><strong>Vad \u00e4r det f\u00f6r f\u00f6rslag som Moderaterna kommit med om klimakteriev\u00e5rden?<\/strong><\/p>\n\n\n\n<p>Vi vet att m\u00e5nga kvinnor drabbas av f\u00f6rs\u00e4mrad livskvalitet, lidande och till och med sjukskrivning i samband med klimakteriet. \u00c4nd\u00e5 tas inte kvinnor p\u00e5 allvar och symptomen feltolkas. Kvinnor tvingas dessutom p\u00e5 ett helt orimligt s\u00e4tt \u00e5ka land och rike runt f\u00f6r att f\u00e5 tag i sina \u00f6strogenl\u00e4kemedel. D\u00e4rf\u00f6r vill Moderaterna:<\/p>\n\n\n\n<ul class=\"wp-block-list\">\n<li>S\u00e4kra tillg\u00e5ngen till \u00f6strogenpl\u00e5ster och andra l\u00e4kemedel f\u00f6r att behandla klimakteriebesv\u00e4r.<\/li>\n\n\n\n<li>Utreda om barnmorskor ska f\u00e5 r\u00e4tt att f\u00f6rskriva klimakteriel\u00e4kemedel.<\/li>\n\n\n\n<li>F\u00f6rb\u00e4ttra klimakterier\u00e5dgivningen p\u00e5 prim\u00e4rv\u00e5rdsniv\u00e5.<\/li>\n\n\n\n<li>Genomf\u00f6ra ett kunskapslyft om klimakteriet f\u00f6r v\u00e5rdpersonal i syfte att st\u00e4rka kvinnors h\u00e4lsa och arbetsf\u00f6rm\u00e5ga.<\/li>\n\n\n\n<li>Inf\u00f6ra en nationell informationssatsning om klimakteriet riktad till kvinnor i \u00f6verg\u00e5ngs\u00e5ldern.<\/li>\n<\/ul>\n\n\n\n<p><strong>Vad har Moderaterna gjort mer inom kvinnosjukv\u00e5rden?<\/strong><\/p>\n\n\n\n<p>Regeringen har under mandatperioden fattat beslut&nbsp;som inneb\u00e4r att cirka 6 miljarder kronor har satsats p\u00e5 f\u00f6rlossningsv\u00e5rd och kvinnlig h\u00e4lsa, inklusive myndighetsuppdrag. Detta inkluderar bland annat en nationell plan f\u00f6r f\u00f6rlossningsv\u00e5rden och satsningar under 2026 p\u00e5 cirka 957 miljoner kronor f\u00f6r m\u00f6drah\u00e4lsov\u00e5rd, f\u00f6rlossningsv\u00e5rd och kvinnors h\u00e4lsa. Ut\u00f6ver detta fick regionerna drygt 1,5 miljarder kronor under 2025 f\u00f6r att skapa tydliga v\u00e5rdkedjor och remissv\u00e4gar f\u00f6r sjukdomar och tillst\u00e5nd som fr\u00e4mst drabbar flickor och kvinnor.<\/p>\n\n\n\n<p><strong>Varf\u00f6r vill Moderaterna inte h\u00f6ja skatten s\u00e5 att mer pengar kan l\u00e4ggas p\u00e5 h\u00e4lso- och sjukv\u00e5rden?<\/strong><\/p>\n\n\n\n<p>N\u00e4stan inget land i v\u00e4rlden satsar s\u00e5 mycket pengar p\u00e5 h\u00e4lso- och sjukv\u00e5rden som Sverige. Ett hush\u00e5ll med en polis och en sjuksk\u00f6terska betalar i dag omkring 130 000 kr i regionskatt varje \u00e5r. I st\u00e4llet f\u00f6r att h\u00f6ja skatten \u00e4nnu mer vill vi att resurserna ska anv\u00e4ndas smartare och effektivare. Vi f\u00f6resl\u00e5r reformer som kortar v\u00e5rdk\u00f6erna p\u00e5 riktigt.&nbsp;<\/p>\n\n\n\n<h2 class=\"wp-block-heading has-large-font-size\" id=\"h-mer-fran-moderaterna\"><strong>Mer fr\u00e5n Moderaterna<\/strong><\/h2>\n\n\n\n<div class=\"wp-block-buttons is-layout-flex wp-block-buttons-is-layout-flex\">\n<div class=\"wp-block-button\"><a class=\"wp-block-button__link wp-element-button\" href=\"https:\/\/moderaterna.se\/nyhet\/det-har-handlar-valet-2026-om\/\">Det h\u00e4r handlar valet 2026 om<\/a><\/div>\n<\/div>\n\n\n\n<p><\/p>\n\n\n\n<div class=\"wp-block-buttons is-layout-flex wp-block-buttons-is-layout-flex\">\n<div class=\"wp-block-button\"><a class=\"wp-block-button__link wp-element-button\" href=\"https:\/\/moderaterna.se\/valloften-2026\/\">V\u00e5ra vall\u00f6ften<\/a><\/div>\n<\/div>\n\n\n\n<p><\/p>\n\n\n\n<div class=\"wp-block-buttons is-layout-flex wp-block-buttons-is-layout-flex\">\n<div class=\"wp-block-button\"><a class=\"wp-block-button__link wp-element-button\" href=\"https:\/\/moderaterna.se\/var-politik\/\">V\u00e5r politik<\/a><\/div>\n<\/div>\n\n\n\n<p><\/p>\n\n\n\n<div class=\"wp-block-buttons is-layout-flex wp-block-buttons-is-layout-flex\">\n<div class=\"wp-block-button\"><a class=\"wp-block-button__link wp-element-button\" href=\"https:\/\/moderaterna.se\/nyheter\/\">Nyheter fr\u00e5n Moderaterna<\/a><\/div>\n<\/div>\n\n\n\n<p><\/p>\n\n\n\n<div class=\"wp-block-buttons is-layout-flex wp-block-buttons-is-layout-flex\">\n<div class=\"wp-block-button\"><a class=\"wp-block-button__link wp-element-button\" href=\"https:\/\/moderaterna.se\/om-moderaterna\/vara-politiker\/\">V\u00e5ra politiker<\/a><\/div>\n<\/div>\n\n\n\n<p><\/p>\n","protected":false},"featured_media":0,"template":"","tags":[106],"class_list":["post-1204","subject-post","type-subject-post","status-publish","hentry","tag-importerad"],"acf":[],"_links":{"self":[{"href":"https:\/\/moderaterna.se\/skane\/wp-json\/wp\/v2\/subject-post\/1204","targetHints":{"allow":["GET"]}}],"collection":[{"href":"https:\/\/moderaterna.se\/skane\/wp-json\/wp\/v2\/subject-post"}],"about":[{"href":"https:\/\/moderaterna.se\/skane\/wp-json\/wp\/v2\/types\/subject-post"}],"wp:attachment":[{"href":"https:\/\/moderaterna.se\/skane\/wp-json\/wp\/v2\/media?parent=1204"}],"wp:term":[{"taxonomy":"post_tag","embeddable":true,"href":"https:\/\/moderaterna.se\/skane\/wp-json\/wp\/v2\/tags?post=1204"}],"curies":[{"name":"wp","href":"https:\/\/api.w.org\/{rel}","templated":true}]}}