{"id":2348,"date":"2026-07-03T13:21:56","date_gmt":"2026-07-03T11:21:56","guid":{"rendered":"https:\/\/moderaterna.se\/?post_type=subject-post&#038;p=13065"},"modified":"2026-09-03T19:06:01","modified_gmt":"2026-09-03T17:06:01","slug":"grund-och-gymnasieskola","status":"publish","type":"subject-post","link":"https:\/\/moderaterna.se\/orebro\/var-politik\/grund-och-gymnasieskola\/","title":{"rendered":"Grund- och gymnasieskola"},"content":{"rendered":"\n<p>Skolan ska st\u00e4rkas med mer kunskap, trygghet och studiero. Alla elever ska m\u00f6tas av h\u00f6ga f\u00f6rv\u00e4ntningar, skickliga l\u00e4rare och f\u00e5 det st\u00f6d de beh\u00f6ver f\u00f6r att lyckas. Genom fokus p\u00e5 l\u00e4sning, reformerad l\u00e4rarutbildning, mobilfri skola och r\u00e4ttvisare betyg skapar vi en kunskapsskola d\u00e4r anstr\u00e4ngning l\u00f6nar sig.<\/p>\n\n\n\n<h2 class=\"wp-block-heading\" id=\"h-det-har-har-vi-gjort\"><strong>Det h\u00e4r har vi gjort<\/strong><\/h2>\n\n\n\n<p>Moderaterna och regeringen genomf\u00f6r den st\u00f6rsta reformeringen av svensk skola p\u00e5 30 \u00e5r. M\u00e5let \u00e4r en mer r\u00e4ttvis skola d\u00e4r kunskap, trygghet och studiero st\u00e5r i centrum och d\u00e4r alla elever f\u00e5r m\u00f6jlighet att lyckas.<\/p>\n\n\n\n<p>Vi inf\u00f6r nya kurs- och \u00e4mnesplaner med tydligare kunskapsfokus, st\u00e4rker l\u00e4rarnas m\u00f6jligheter att fokusera p\u00e5 undervisningen och reformerar l\u00e4rarutbildningen. F\u00f6r att skolan ska vara en trygg plats ger vi rektorer och l\u00e4rare tydligare mandat att skapa ordning i klassrummet och vi g\u00f6r skolan mobilfri.<\/p>\n\n\n\n<p>Ett nytt betygssystem ska g\u00f6ra betygen mer r\u00e4ttvisa och likv\u00e4rdiga i hela landet. Det ger alla barn m\u00f6jlighet att lyckas oavsett vilken skola de g\u00e5r i. &nbsp;En ny betygsskala 1\u201310 inf\u00f6rs f\u00f6r \u00f6kad precision, den skarpa gr\u00e4nsen f\u00f6r godk\u00e4nt tas bort och nationella slutprov ska motverka gl\u00e4djebetyg.<\/p>\n\n\n\n<h2 class=\"wp-block-heading\" id=\"h-det-har-vill-vi-gora\"><strong>Det h\u00e4r vill vi g\u00f6ra<\/strong><\/h2>\n\n\n\n<p>Moderaterna vill h\u00f6ja kvaliteten i svensk skola s\u00e5 att alla barn f\u00e5r en bra start i livet och m\u00f6jlighet att n\u00e5 sin fulla potential. I ett r\u00e4ttvist Sverige ska framtiden inte avg\u00f6ras av vilken familj du f\u00f6ds in i eller i vilket omr\u00e5de du v\u00e4xer upp. Skolan ska vara den spr\u00e5ngbr\u00e4da som g\u00f6r att varje barn kan komma l\u00e4ngre \u00e4n sina f\u00f6r\u00e4ldrar genom kunskap, anstr\u00e4ngning och h\u00f6ga ambitioner.<\/p>\n\n\n\n<p>V\u00e5rt m\u00e5l \u00e4r tydligt: inom tio \u00e5r ska svensk grundskola vara bland de tre b\u00e4sta i v\u00e4rlden i matematik och minst 95 procent av eleverna ska n\u00e5 de kunskaper som kr\u00e4vs f\u00f6r att g\u00e5 vidare till gymnasiet och vuxenlivet. F\u00f6r att n\u00e5 dit kr\u00e4vs mer kunskap, tydligare ordning och h\u00f6gre f\u00f6rv\u00e4ntningar p\u00e5 varje elev. D\u00e4rf\u00f6r vill vi:<\/p>\n\n\n\n<ul class=\"wp-block-list\">\n<li><strong>Ge l\u00e4sning en starkare st\u00e4llning i svensk skola<\/strong>: Inf\u00f6r 30 minuters l\u00e4sning varje dag under hela grundskolan. Skolans arbete med l\u00e4sning ska bygga p\u00e5 evidensbaserade metoder, och skrivstil ska vara en tydlig del av svensk\u00e4mnet i l\u00e5gstadiet f\u00f6r att st\u00e4rka elevernas spr\u00e5kutveckling och l\u00e4rande.<\/li>\n\n\n\n<li><strong>Satsa p\u00e5 matematik och kunskaper f\u00f6r livet:<\/strong>\u00a0Matematik ska prioriteras f\u00f6r att lyfta svenska elevers resultat. Vi vill ocks\u00e5 inf\u00f6ra privatekonomi som \u00e4mne i skolan s\u00e5 att fler unga f\u00e5r b\u00e4ttre f\u00f6ruts\u00e4ttningar att hantera sin ekonomi och fatta sj\u00e4lvst\u00e4ndiga beslut.<\/li>\n\n\n\n<li><strong>\u00c5terinf\u00f6ra statlig kvalitetsgranskning av l\u00e4romedel:<\/strong>\u00a0L\u00e4rob\u00f6cker och undervisningsmaterial ska h\u00e5lla h\u00f6g kvalitet och vila p\u00e5 vetenskaplig grund. Staten b\u00f6r d\u00e4rf\u00f6r \u00e5ter ta ansvar f\u00f6r att granska och kvalitetss\u00e4kra l\u00e4romedel.<\/li>\n\n\n\n<li><strong>Fasa ut sk\u00e4rmarna:<\/strong>\u00a0Sk\u00e4rmar ska fasas ut i l\u00e5g- och mellanstadiet. Undervisningen ska i f\u00f6rsta hand bygga p\u00e5 b\u00f6cker, penna och papper. Digitala verktyg ska anv\u00e4ndas n\u00e4r de fyller ett tydligt pedagogiskt syfte, s\u00e4rskilt f\u00f6r digital kompetens och tekniska f\u00e4rdigheter.<\/li>\n\n\n\n<li><strong>M\u00f6jligg\u00f6ra mindre grupper:<\/strong>\u00a0Elever med stora koncentrations- och inl\u00e4rningssv\u00e5righeter ska erbjudas undervisning i mindre grupper utanf\u00f6r klassrummet f\u00f6r att f\u00e5 det st\u00f6d de beh\u00f6ver och samtidigt st\u00e4rka arbetsron f\u00f6r \u00f6vriga elever.<\/li>\n\n\n\n<li><strong>Skapa ordning och studiero i varje klassrum:<\/strong>\u00a0St\u00f6rande och hotfullt beteende ska m\u00f6tas av tydliga konsekvenser. Skolan ska inte vara en frizon fr\u00e5n personligt ansvar och elever som exempelvis skr\u00e4par ned eller klottrar ska kunna f\u00e5 st\u00e4da upp efter sig. Vi vill inf\u00f6ra ordningsbetyg och m\u00f6jligg\u00f6ra f\u00f6r skolor att inspireras av No Excuses-modellen, med h\u00f6ga f\u00f6rv\u00e4ntningar, tydliga regler och fokus p\u00e5 kunskap.<\/li>\n\n\n\n<li><strong>S\u00e4tta tryggheten f\u00f6rst:<\/strong>\u00a0Vi vill st\u00e4rka arbetet mot mobbning och kr\u00e4nkningar, inf\u00f6ra kamera\u00f6vervakning d\u00e4r det beh\u00f6vs i skolans gemensamma utrymmen och inf\u00f6ra en \u00e5ldersgr\u00e4ns p\u00e5 15 \u00e5r f\u00f6r sociala medier. Alla barn ska kunna g\u00e5 till skolan utan r\u00e4dsla.<\/li>\n\n\n\n<li><strong>L\u00e5ta praktiska \u00e4mnen vara praktiska:<\/strong>\u00a0Idrott, sl\u00f6jd och andra praktiska \u00e4mnen ska ge elever m\u00f6jlighet att anv\u00e4nda hela kroppen, utveckla olika f\u00e4rdigheter och f\u00e5 variation under skoldagen.<\/li>\n\n\n\n<li><strong>V\u00e4rna valfriheten och h\u00f6ja kvaliteten:<\/strong>\u00a0F\u00f6r\u00e4ldrar ska \u00e4ven i framtiden kunna v\u00e4lja den skola som passar deras barn b\u00e4st. Vi vill forts\u00e4tta rensa ut oseri\u00f6sa akt\u00f6rer samtidigt som v\u00e4lfungerande friskolor och kommunala skolor ges f\u00f6ruts\u00e4ttningar att utvecklas.<\/li>\n<\/ul>\n\n\n\n<p>V\u00e5rt fokus \u00e4r enkelt: fler elever ska l\u00e4ra sig mer. Med kunskap, trygghet och h\u00f6ga f\u00f6rv\u00e4ntningar i varje klassrum kan vi bygga en skola d\u00e4r fler barn lyckas.<\/p>\n\n\n\n<h2 class=\"wp-block-heading\" id=\"h-vi-star-infor-ett-vagval\"><strong>Vi st\u00e5r inf\u00f6r ett v\u00e4gval<\/strong><\/h2>\n\n\n\n<p>Moderaterna vill reformera svensk skola med fokus p\u00e5 kunskap, trygghet och h\u00f6ga f\u00f6rv\u00e4ntningar p\u00e5 varje elev. Genom evidensbaserad undervisning och tydligare fokus p\u00e5 kvalitet ska fler barn f\u00e5 samma m\u00f6jligheter att lyckas. Vi vill v\u00e4rna familjers m\u00f6jlighet att v\u00e4lja skola och utveckla en skola d\u00e4r elevernas resultat och framtid st\u00e5r i centrum. Mot detta st\u00e5r en r\u00f6dgr\u00f6n oreda som vill g\u00f6ra det n\u00e4st intill om\u00f6jligt att bedriva friskolor i Sverige och tvinga 78 procent av de elever som valt en friskola att byta.<\/p>\n\n\n\n<h2 class=\"wp-block-heading\" id=\"h-fragor-och-svar\"><strong>Fr\u00e5gor och svar<\/strong><\/h2>\n\n\n\n<p><strong>Varf\u00f6r vill inte Moderaterna f\u00f6rbjuda aktiebolag som driftsform f\u00f6r skolan?<\/strong><\/p>\n\n\n\n<p>Sverige erbjuder fri skolvalsm\u00f6jlighet utan avgifter. Vi b\u00f6r skydda allas r\u00e4tt att v\u00e4lja skola den skola de helst vill g\u00e5 i. Det beh\u00f6vs tydligare kvalitetsregler f\u00f6r b\u00e5de kommunala och frist\u00e5ende skolor. Skolor som inte uppfyller kraven ska kunna f\u00f6rlora tillst\u00e5nd och m\u00f6jlighet till vinstutdelning.<\/p>\n\n\n\n<h2 class=\"wp-block-heading has-large-font-size\" id=\"h-mer-fran-moderaterna\"><strong>Mer fr\u00e5n Moderaterna<\/strong><\/h2>\n\n\n\n<div class=\"wp-block-buttons is-layout-flex wp-block-buttons-is-layout-flex\">\n<div class=\"wp-block-button\"><a class=\"wp-block-button__link wp-element-button\" href=\"https:\/\/moderaterna.se\/valmanifest-2026\/\">Moderaternas valmanifest<\/a><\/div>\n<\/div>\n\n\n\n<p><\/p>\n\n\n\n<div class=\"wp-block-buttons is-layout-flex wp-block-buttons-is-layout-flex\">\n<div class=\"wp-block-button\"><a class=\"wp-block-button__link wp-element-button\" href=\"https:\/\/moderaterna.se\/nyhet\/det-har-handlar-valet-2026-om\/\">Det h\u00e4r handlar valet 2026 om<\/a><\/div>\n<\/div>\n\n\n\n<p><\/p>\n\n\n\n<div class=\"wp-block-buttons is-layout-flex wp-block-buttons-is-layout-flex\">\n<div class=\"wp-block-button\"><a class=\"wp-block-button__link wp-element-button\" href=\"https:\/\/moderaterna.se\/valloften-2026\/\">V\u00e5ra vall\u00f6ften<\/a><\/div>\n<\/div>\n\n\n\n<p><\/p>\n\n\n\n<div class=\"wp-block-buttons is-layout-flex wp-block-buttons-is-layout-flex\">\n<div class=\"wp-block-button\"><a class=\"wp-block-button__link wp-element-button\" href=\"https:\/\/moderaterna.se\/vi-far-saker-gjorda\/\">Vi f\u00e5r saker gjorda<\/a><\/div>\n<\/div>\n\n\n\n<p><\/p>\n\n\n\n<div class=\"wp-block-buttons is-layout-flex wp-block-buttons-is-layout-flex\">\n<div class=\"wp-block-button\"><a class=\"wp-block-button__link wp-element-button\" href=\"https:\/\/moderaterna.se\/var-politik\/\">V\u00e5r politik<\/a><\/div>\n<\/div>\n\n\n\n<p><\/p>\n\n\n\n<div class=\"wp-block-buttons is-layout-flex wp-block-buttons-is-layout-flex\">\n<div class=\"wp-block-button\"><a class=\"wp-block-button__link wp-element-button\" href=\"https:\/\/moderaterna.se\/nyheter\/\">Nyheter fr\u00e5n Moderaterna<\/a><\/div>\n<\/div>\n\n\n\n<p><\/p>\n","protected":false},"featured_media":0,"template":"","tags":[84],"class_list":["post-2348","subject-post","type-subject-post","status-publish","hentry","tag-importerad"],"acf":[],"_links":{"self":[{"href":"https:\/\/moderaterna.se\/orebro\/wp-json\/wp\/v2\/subject-post\/2348","targetHints":{"allow":["GET"]}}],"collection":[{"href":"https:\/\/moderaterna.se\/orebro\/wp-json\/wp\/v2\/subject-post"}],"about":[{"href":"https:\/\/moderaterna.se\/orebro\/wp-json\/wp\/v2\/types\/subject-post"}],"wp:attachment":[{"href":"https:\/\/moderaterna.se\/orebro\/wp-json\/wp\/v2\/media?parent=2348"}],"wp:term":[{"taxonomy":"post_tag","embeddable":true,"href":"https:\/\/moderaterna.se\/orebro\/wp-json\/wp\/v2\/tags?post=2348"}],"curies":[{"name":"wp","href":"https:\/\/api.w.org\/{rel}","templated":true}]}}