{"id":2343,"date":"2026-07-03T11:27:35","date_gmt":"2026-07-03T09:27:35","guid":{"rendered":"https:\/\/moderaterna.se\/?post_type=subject-post&#038;p=13017"},"modified":"2026-09-03T19:06:03","modified_gmt":"2026-09-03T17:06:03","slug":"yrkesutbildning","status":"publish","type":"subject-post","link":"https:\/\/moderaterna.se\/orebro\/var-politik\/yrkesutbildning\/","title":{"rendered":"Yrkesutbildning"},"content":{"rendered":"\n<p>Moderaterna vill att utbildning, arbete och anstr\u00e4ngning ska l\u00f6na sig. D\u00e4rf\u00f6r vill vi skapa m\u00f6jlighet f\u00f6r fler utbildningar som leder till jobb och m\u00f6ter f\u00f6retagens behov av r\u00e4tt kompetens. Det \u00e4r n\u00e4r fler m\u00e4nniskor f\u00e5r anv\u00e4nda sin kunskap och bidra som Sverige blir b\u00e5de starkare och rikare.<\/p>\n\n\n\n<h2 class=\"wp-block-heading has-medium-font-size\" id=\"h-det-har-har-vi-gjort\"><strong>Det h\u00e4r har vi gjort<\/strong><\/h2>\n\n\n\n<p>Den moderatledda regeringen har genomf\u00f6rt flera reformer f\u00f6r att fler ska utbilda sig till yrken d\u00e4r arbetskraft beh\u00f6vs. Fokus har varit att st\u00e4rka yrkesutbildningar, bygga ut utbildningar inom bristyrken och f\u00f6rb\u00e4ttra matchningen mellan utbildning och arbetsmarknad.<\/p>\n\n\n\n<p><strong>Fler platser p\u00e5 yrkesh\u00f6gskolan<\/strong><\/p>\n\n\n\n<p>Regeringen har byggt ut yrkesh\u00f6gskolan med 5 000 nya utbildningsplatser inom branscher med stort kompetensbehov. Minst en fj\u00e4rdedel av utbildningen ska best\u00e5 av l\u00e4rande p\u00e5 en arbetsplats.<\/p>\n\n\n\n<p><strong>St\u00e4rkt regionalt yrkesvux<\/strong><\/p>\n\n\n\n<p>Fler vuxna ska kunna utbilda sig till bristyrken. D\u00e4rf\u00f6r har regeringen st\u00e4rkt regionalt yrkesvux s\u00e5 att fler kan byta bana, bygga p\u00e5 sin kompetens och utbilda sig till jobb som arbetsmarknaden efterfr\u00e5gar.<\/p>\n\n\n\n<p><strong>Enklare att starta yrkesutbildningar inom sm\u00e5 och dyra yrkesomr\u00e5den<\/strong><\/p>\n\n\n\n<p>Ibland finns jobben, men ingen utbildning som leder dit, f\u00f6r att den \u00e4r f\u00f6r liten eller f\u00f6r dyr f\u00f6r att komma i g\u00e5ng. Regeringen g\u00f6r det d\u00e4rf\u00f6r enklare att starta yrkesutbildningar inom sm\u00e5 och dyra yrkesomr\u00e5den d\u00e4r det annars \u00e4r sv\u00e5rt att f\u00e5 till st\u00e5nd utbildningar.<\/p>\n\n\n\n<p><strong>Ny nationell yrkesutbildning<\/strong><\/p>\n\n\n\n<p>Regeringen har inf\u00f6rt en ny nationell yrkesutbildning p\u00e5 gymnasial niv\u00e5 efter yrkesh\u00f6gskolans modell. Utbildningarna tas fram tillsammans med arbetsgivare och riktas mot yrken d\u00e4r behovet av arbetskraft \u00e4r stort.<\/p>\n\n\n\n<h2 class=\"wp-block-heading has-medium-font-size\" id=\"h-det-har-vill-vi-gora\"><strong>Det h\u00e4r vill vi g\u00f6ra<\/strong><\/h2>\n\n\n\n<p>Moderaterna vill att fler utbildningar ska leda till jobb. Sverige har h\u00f6g arbetsl\u00f6shet samtidigt som f\u00f6retag och v\u00e4lf\u00e4rd har sv\u00e5rt att hitta r\u00e4tt kompetens. D\u00e4rf\u00f6r vill vi forts\u00e4tta utveckla utbildningar som st\u00e4rker b\u00e5de m\u00e4nniskors m\u00f6jligheter och Sveriges konkurrenskraft.<\/p>\n\n\n\n<p><strong>En tv\u00e5\u00e5rig yrkesskola, ett tredje sp\u00e5r p\u00e5 gymnasiet<\/strong><\/p>\n\n\n\n<p>Moderaterna vill inr\u00e4tta en tv\u00e5\u00e5rig yrkesskola som ett tredje sp\u00e5r p\u00e5 gymnasiet, tillg\u00e4ngligt f\u00f6r alla, med l\u00e4gre krav p\u00e5 teori. Fokus ska ligga p\u00e5 anst\u00e4llningsbarhet och yrkesskicklighet, d\u00e4r korta utbildningar som snabbt leder till jobb kan ers\u00e4tta dagens introduktionsprogram.<\/p>\n\n\n\n<p><strong>Fler utbildningar som leder till arbete<\/strong><\/p>\n\n\n\n<p>Moderaterna vill att utbildningssystemet i h\u00f6gre grad ska m\u00f6ta arbetsmarknadens behov. Fler ska kunna utbilda sig till bristyrken genom nationella yrkesutbildningar och kortare professionsutbildningar.<\/p>\n\n\n\n<p><strong>En samlad yrkesutbildning<\/strong><\/p>\n\n\n\n<p>Moderaterna f\u00f6resl\u00e5r att samla kommunernas yrkesvux, Arbetsf\u00f6rmedlingens arbetsmarknadsutbildningar och den nuvarande nationella yrkesutbildningen i en ny yrkesutbildning med gemensamt regelverk och villkor. Detta minskar j\u00e4mlikhetsproblem, eftersom kvinnor idag missgynnas ekonomiskt n\u00e4r yrkesvux kr\u00e4ver CSN-l\u00e5n medan arbetsmarknadsutbildning ger bidrag.<\/p>\n\n\n\n<p><strong>Nytt ers\u00e4ttningssystem f\u00f6r praktik och l\u00e4rlingsutbildning<\/strong><\/p>\n\n\n\n<p>G\u00f6r det enklare f\u00f6r f\u00f6retag att ta emot praktikanter och l\u00e4rlingar. Moderaterna f\u00f6resl\u00e5r ett enhetligt regelverk f\u00f6r praktik och l\u00e4rlingsutbildning oavsett form, med ett gemensamt ers\u00e4ttningssystem f\u00f6r handledare utformat som en rabatt p\u00e5 arbetsgivaravgiften som varierar med l\u00f6nesumman.&nbsp;<\/p>\n\n\n\n<p><strong>Fokus p\u00e5 arbetsmarknadens behov<\/strong><\/p>\n\n\n\n<p>Se till att utbildningarna leder till jobb genom dimensionering efter arbetsmarknadens behov, arbetsplatsf\u00f6rlagt l\u00e4rande som kortar v\u00e4gen fr\u00e5n studier till jobb, samt fokus p\u00e5 omst\u00e4llning och karri\u00e4rv\u00e4xling genom hela arbetslivet.<\/p>\n\n\n\n<p>N\u00e4r fler utbildar sig till yrken d\u00e4r arbetskraft beh\u00f6vs, fler f\u00f6retag hittar r\u00e4tt kompetens och fler g\u00e5r fr\u00e5n utbildning till arbete st\u00e4rks Sveriges konkurrenskraft, tillv\u00e4xt och v\u00e4lf\u00e4rd. S\u00e5 blir Sverige starkare och rikare.<\/p>\n\n\n\n<h2 class=\"wp-block-heading has-medium-font-size\" id=\"h-vi-star-infor-ett-vagval\"><strong>Vi st\u00e5r inf\u00f6r ett v\u00e4gval<\/strong><\/h2>\n\n\n\n<p>Den moderatledda regeringen g\u00f6r det m\u00f6jligt f\u00f6r fler m\u00e4nniskor att utbilda sig till yrken d\u00e4r jobben finns och d\u00e4r f\u00f6retag och v\u00e4lf\u00e4rden har sv\u00e5rt att hitta r\u00e4tt kompetens. Sverige beh\u00f6ver utbildningar som leder till riktiga jobb p\u00e5 den regulj\u00e4ra arbetsmarknaden, inte dyra arbetsmarknads\u00e5tg\u00e4rder med svaga resultat.<\/p>\n\n\n\n<h2 class=\"wp-block-heading has-medium-font-size\" id=\"h-fragor-och-svar\"><strong>Fr\u00e5gor och svar<\/strong><\/h2>\n\n\n\n<p><strong>Varf\u00f6r f\u00f6r\u00e4ndrar regeringen st\u00f6det till yrkesvux?<\/strong><\/p>\n\n\n\n<p>Sverige har stor brist p\u00e5 personer med gymnasial yrkeskompetens samtidigt som m\u00e5nga st\u00e5r utan arbete. Trots att staten har satsat p\u00e5 fler platser inom yrkesvux har pengarna inte anv\u00e4nts fullt ut \u2013 de senaste \u00e5ren har i genomsnitt bara omkring 57 procent av statsbidraget nyttjats. D\u00e4rf\u00f6r f\u00f6r\u00e4ndrar regeringen systemet s\u00e5 att fler utbildningar faktiskt kan starta och fler m\u00e4nniskor kan utbilda sig till yrken d\u00e4r det finns jobb.<\/p>\n\n\n\n<p><strong>Varf\u00f6r \u00e4r yrkesutbildning viktigt f\u00f6r arbetslinjen?\u00a0<\/strong><\/p>\n\n\n\n<p>F\u00f6r att fler ska kunna g\u00e5 fr\u00e5n arbetsl\u00f6shet till arbete m\u00e5ste utbildningarna matcha de jobb som faktiskt finns. Yrkesutbildningar ger vuxna m\u00f6jlighet att byta bana, st\u00e4rka sin kompetens och utbilda sig till bristyrken. Genom att se till att resurserna anv\u00e4nds b\u00e4ttre st\u00e4rker vi b\u00e5de m\u00e4nniskors m\u00f6jlighet till egen f\u00f6rs\u00f6rjning och f\u00f6retagens.<\/p>\n\n\n\n<p><h2 class=\"wp-block-heading has-large-font-size\" id=\"h-mer-fran-moderaterna\" style=\"white-space: normal\"><strong>Mer fr\u00e5n Moderaterna<\/strong><\/h2><\/p>\n\n\n\n<p><h2 class=\"wp-block-heading has-large-font-size\" id=\"h-mer-fran-moderaterna\" style=\"white-space: normal\"><div class=\"wp-block-button\"><a href=\"https:\/\/moderaterna.se\/valloften-2026\/\" class=\"wp-block-button__link wp-element-button\">Vall\u00f6ften fr\u00e5n Moderaterna<\/a><\/div><\/h2><p style=\"white-space: normal\"><\/p><div class=\"wp-block-buttons\" style=\"white-space: normal\"><div class=\"wp-block-button\"><a href=\"https:\/\/moderaterna.se\/var-politik\/\" class=\"wp-block-button__link wp-element-button\">V\u00e5r politik<\/a><\/div><\/div><\/p>\n\n\n\n<p><p style=\"white-space: normal\"><\/p><div class=\"wp-block-buttons\" style=\"white-space: normal\"><div class=\"wp-block-button\"><a href=\"https:\/\/moderaterna.se\/nyheter\/\" class=\"wp-block-button__link wp-element-button\">Nyheter fr\u00e5n Moderaterna<\/a><\/div><\/div><\/p>\n\n\n\n<p><p style=\"white-space: normal\"><\/p><div class=\"wp-block-buttons\" style=\"white-space: normal\"><div class=\"wp-block-button\"><a href=\"https:\/\/moderaterna.se\/om-moderaterna\/vara-politiker\/\" class=\"wp-block-button__link wp-element-button\">V\u00e5ra politiker<\/a><\/div><\/div><p style=\"white-space: normal\"><\/p><\/p>\n","protected":false},"featured_media":0,"template":"","tags":[84],"class_list":["post-2343","subject-post","type-subject-post","status-publish","hentry","tag-importerad"],"acf":[],"_links":{"self":[{"href":"https:\/\/moderaterna.se\/orebro\/wp-json\/wp\/v2\/subject-post\/2343","targetHints":{"allow":["GET"]}}],"collection":[{"href":"https:\/\/moderaterna.se\/orebro\/wp-json\/wp\/v2\/subject-post"}],"about":[{"href":"https:\/\/moderaterna.se\/orebro\/wp-json\/wp\/v2\/types\/subject-post"}],"wp:attachment":[{"href":"https:\/\/moderaterna.se\/orebro\/wp-json\/wp\/v2\/media?parent=2343"}],"wp:term":[{"taxonomy":"post_tag","embeddable":true,"href":"https:\/\/moderaterna.se\/orebro\/wp-json\/wp\/v2\/tags?post=2343"}],"curies":[{"name":"wp","href":"https:\/\/api.w.org\/{rel}","templated":true}]}}