{"id":2269,"date":"2021-12-06T20:57:29","date_gmt":"2021-12-06T19:57:29","guid":{"rendered":"https:\/\/moderaterna.se\/?post_type=subject-post&#038;p=555"},"modified":"2026-09-03T19:06:41","modified_gmt":"2026-09-03T17:06:41","slug":"skola-och-utbildning","status":"publish","type":"subject-post","link":"https:\/\/moderaterna.se\/orebro\/var-politik\/skola-och-utbildning\/","title":{"rendered":"Skola och utbildning"},"content":{"rendered":"\n<p>Alla barn har r\u00e4tt till en skola som ger studiero och kunskaper. Vi \u00e5teruppr\u00e4ttar kunskapsskolan d\u00e4r anstr\u00e4ngning l\u00f6nar sig, h\u00f6ga f\u00f6rv\u00e4ntningar r\u00e5der och skickliga l\u00e4rare ger alla barn goda f\u00f6ruts\u00e4ttningar att forma sina egna liv. Skolan \u00e4r en viktig del av alla skattebetalares r\u00e4tt att f\u00e5 valuta f\u00f6r skattepengarna.<\/p>\n\n\n\n<h2 class=\"wp-block-heading has-large-font-size\" id=\"h-moderaternas-politik-inom-skola-och-utbildning\"><strong>Moderaternas politik inom skola och utbildning<\/strong><\/h2>\n\n\n\n<h3 class=\"wp-block-heading has-medium-font-size\" id=\"h-aterinfor-kunskapsskolan\"><strong>\u00c5terinf\u00f6r kunskapsskolan<\/strong><\/h3>\n\n\n\n<ul class=\"wp-block-list\">\n<li>En av sex elever g\u00e5r ut grundskolan utan beh\u00f6righet till gymnasiet. Det motsvarar 800 skolklasser \u2013 varje \u00e5r.<\/li>\n\n\n\n<li>Dagens abstrakta kurs- och \u00e4mnesplaner skapar destruktiv stress hos m\u00e5nga barn och leder till olikv\u00e4rdiga betyg.<\/li>\n\n\n\n<li>Alla barn har r\u00e4tt till en grundpl\u00e5t med kunskap som de kan st\u00e5 stadigt p\u00e5 under resten av livet.<\/li>\n<\/ul>\n\n\n\n<h3 class=\"wp-block-heading has-medium-font-size\" id=\"h-darfor-vill-och-arbetar-moderaterna-for-att\"><strong>D\u00e4rf\u00f6r vill och arbetar Moderaterna f\u00f6r att:<\/strong><\/h3>\n\n\n\n<ul class=\"wp-block-list\">\n<li>Inf\u00f6ra ett nytt betygssystem och nya betygskriterier som ger r\u00e4ttvisande betyg i hela landet. Den moderatledda regeringen inf\u00f6r detta fr\u00e5n h\u00f6stterminen 2028.\u00a0<strong>(Tid\u00f6)<\/strong><\/li>\n\n\n\n<li>Inf\u00f6ra nya l\u00e4roplaner med ett tydligt kunskapsfokus fr\u00e5n h\u00f6stterminen 2028.\u00a0<strong>(Tid\u00f6)<\/strong><\/li>\n\n\n\n<li>Reformera st\u00f6dsystemet genom att ut\u00f6ka antalet screeningar i l\u00e5gstadiet f\u00f6r r\u00e4tt st\u00f6d i r\u00e4tt tid och g\u00f6ra det l\u00e4ttare f\u00f6r skolor att erbjuda st\u00f6dundervisning i mindre grupper. Den moderatledda regeringen inf\u00f6r detta fr\u00e5n h\u00f6sten 2028.\u00a0<strong>(Tid\u00f6)<\/strong><\/li>\n<\/ul>\n\n\n\n<h3 class=\"wp-block-heading has-medium-font-size\" id=\"h-lat-larare-vara-larare\"><strong>L\u00e5t l\u00e4rare vara l\u00e4rare<\/strong><\/h3>\n\n\n\n<ul class=\"wp-block-list\">\n<li>35 000 utbildade l\u00e4rare arbetar inte inom skolan. Samtidigt \u00e4r n\u00e4stan 30 procent av l\u00e4rarna i grundskolan obeh\u00f6riga.<\/li>\n\n\n\n<li>L\u00e4rarstudenter f\u00e5r inte med sig n\u00e5gon konkret metod f\u00f6r att l\u00e4ra barn att l\u00e4sa. Fyra av tio l\u00e4rarstudenter tar inte examen samtidigt som antagningskraven \u00e4r f\u00f6r l\u00e5ga.\u00a0<\/li>\n\n\n\n<li>Det \u00e4r ett underbetyg till en kunskapsnation som Sverige att l\u00e4rare inte f\u00e5r en utbildning v\u00e4rd namnet.\u00a0<\/li>\n<\/ul>\n\n\n\n<h3 class=\"wp-block-heading has-medium-font-size\" id=\"h-darfor-vill-och-arbetar-moderaterna-for-att-0\"><strong>D\u00e4rf\u00f6r vill och arbetar Moderaterna f\u00f6r att:<\/strong><\/h3>\n\n\n\n<ul class=\"wp-block-list\">\n<li>\u00c5terinf\u00f6ra en reglering av l\u00e4rares undervisningsskyldighet fr\u00e5n h\u00f6sten 2027.\u00a0<strong>(Tid\u00f6)<\/strong><\/li>\n\n\n\n<li>Erbjuda alla l\u00e5gstadiel\u00e4rare fortbildning i evidensbaserad l\u00e4sundervisning med s\u00e4rskilt fokus p\u00e5 avkodningsmetoden.\u00a0<strong>(Arbetsst\u00e4mman 2025)<\/strong><\/li>\n\n\n\n<li>Reformera l\u00e4rarutbildningen genom nytt inneh\u00e5ll och h\u00f6jda antagningsgr\u00e4nser. Den moderatledda regeringen inf\u00f6r detta under 2027 och 2028.\u00a0<strong>(Tid\u00f6)<\/strong><\/li>\n<\/ul>\n\n\n\n<h2 class=\"wp-block-heading has-medium-font-size\" id=\"h-trygghet-och-studiero-i-klassrummet\"><strong>Trygghet och studiero i klassrummet<\/strong><\/h2>\n\n\n\n<ul class=\"wp-block-list\">\n<li>Regler efterlevs f\u00f6r s\u00e4llan i skolan och st\u00f6k f\u00e5r inga konsekvenser. Vartannat skolbarn i \u00e5ldrarna 10\u201316 har utsatts f\u00f6r kr\u00e4nkningar eller mobbning i skolan eller p\u00e5 n\u00e4tet<\/li>\n\n\n\n<li>Var tredje l\u00e4rare har utsatts f\u00f6r kr\u00e4nkningar, hot eller v\u00e5ld. Bland l\u00e4rare p\u00e5 fritidshem g\u00e4ller det sex av tio \u2013 det motsvarar n\u00e4stan 15 000 l\u00e4rare.&nbsp;<\/li>\n\n\n\n<li>Alla l\u00e4rare och elever f\u00f6rtj\u00e4nar en skola d\u00e4r ordning och studiero r\u00e5der och d\u00e4r kunskap st\u00e5r i centrum.<\/li>\n<\/ul>\n\n\n\n<h3 class=\"wp-block-heading has-medium-font-size\" id=\"h-darfor-vill-och-arbetar-moderaterna-for-att-1\"><strong>D\u00e4rf\u00f6r vill och arbetar Moderaterna f\u00f6r att:<\/strong><\/h3>\n\n\n\n<ul class=\"wp-block-list\">\n<li>Tydligg\u00f6ra rektorers och l\u00e4rares mandat att vidta de \u00e5tg\u00e4rder som kr\u00e4vs f\u00f6r att s\u00e4kerst\u00e4lla trygghet och studiero fr\u00e5n h\u00f6sten 2026.&nbsp;<strong>(Ing\u00e5r i Tid\u00f6avtalet)<\/strong><\/li>\n\n\n\n<li>Inf\u00f6ra f\u00f6rv\u00e4ntansdokument p\u00e5 varje skola med tydliga regler och konsekvenser, samt sk\u00e4rpa m\u00f6jligheterna att placera elever p\u00e5 annan skola eller st\u00e4nga av dem. Den moderatledda regeringen inf\u00f6r detta fr\u00e5n h\u00f6sten 2026.&nbsp;<strong>(Ing\u00e5r i Tid\u00f6avtalet)<\/strong><\/li>\n\n\n\n<li>Att Sverige ska h\u00e4mta inspiration fr\u00e5n den framg\u00e5ngsrika skolmodellen \u201dNo Excuses\u201d med fokus p\u00e5 effektiv inl\u00e4rning och ordning.<strong>\u00a0(Ny politik fr\u00e5n Moderaternas st\u00e4mma 2025)<\/strong><\/li>\n<\/ul>\n\n\n\n<h3 class=\"wp-block-heading has-medium-font-size\" id=\"h-uppvardera-svenska-spraket\"><strong>Uppv\u00e4rdera svenska spr\u00e5ket<\/strong><\/h3>\n\n\n\n<ul class=\"wp-block-list\">\n<li>Inget annat OECD- eller EU-land har lika stora skillnader som Sverige i l\u00e4sf\u00f6rst\u00e5else mellan de elever som alltid pratar svenska hemma och de som s\u00e4llan g\u00f6r det.\u00a0<\/li>\n\n\n\n<li>314 000 grundskolelever har r\u00e4tt till modersm\u00e5lsundervisning men forskning ifr\u00e5gas\u00e4tter nyttan. P\u00e5 20 av 30 granskade f\u00f6rskolor pratade personalen f\u00f6r d\u00e5lig svenska f\u00f6r att bedriva god pedagogik enligt en rapport fr\u00e5n Skolinspektionen.<\/li>\n\n\n\n<li>Det \u00e4r inte r\u00e4ttvist att var du \u00e4r f\u00f6dd eller vilket spr\u00e5k som talas hemma ska avg\u00f6ra om du l\u00e4r dig svenska. Alla barn f\u00f6rtj\u00e4nar samma chans att bem\u00e4stra det svenska spr\u00e5ket.<\/li>\n<\/ul>\n\n\n\n<h3 class=\"wp-block-heading has-medium-font-size\" id=\"h-darfor-vill-och-arbetar-moderaterna-for-att-2\"><strong>D\u00e4rf\u00f6r vill och arbetar Moderaterna f\u00f6r att:<\/strong><\/h3>\n\n\n\n<ul class=\"wp-block-list\">\n<li>Avskaffa svenska som andraspr\u00e5k och ers\u00e4tta det med grundl\u00e4ggande spr\u00e5kundervisning med betyg som inte \u00e4r meritgrundande.\u00a0<strong>(Arbetsst\u00e4mman 2025)<\/strong><\/li>\n\n\n\n<li>Reformera modersm\u00e5lsundervisningen med tydligare regler f\u00f6r vilka elever som ska ha r\u00e4tt till det, krav p\u00e5 legitimerade l\u00e4rare och mer fj\u00e4rrundervisning.\u00a0<strong>(Arbetsst\u00e4mman 2025)<\/strong><\/li>\n\n\n\n<li>Inf\u00f6ra spr\u00e5k- och l\u00e4mplighetstest vid anst\u00e4llning i f\u00f6rskola och skola samt ta fram ett omst\u00e4llningsprogram f\u00f6r personal med bristf\u00e4lliga spr\u00e5kkunskaper.\u00a0<strong>(Arbetsst\u00e4mman 2025)<\/strong><\/li>\n<\/ul>\n\n\n\n<h2 class=\"wp-block-heading has-medium-font-size\" id=\"h-fragor-och-svar-inom-skola-och-utbildning\"><strong>Fr\u00e5gor och svar inom skola och utbildning<\/strong><\/h2>\n\n\n\n<p id=\"h-fragor-och-svar-inom-skola-och-utbildning\"><strong>Vad g\u00f6r ni f\u00f6r att minska st\u00f6ket och st\u00e4rka tryggheten i skolan?<\/strong><\/p>\n\n\n\n<p>Alla barn ska kunna koncentrera sig i klassrummet, men 6 av 10 barn har inte studiero och m\u00e5nga kan inte fokusera p\u00e5 lektionen. D\u00e4rf\u00f6r inf\u00f6r vi ett nationellt mobilf\u00f6rbud under hela skoldagen, ger rektorn ett tydligt ansvar f\u00f6r trygghet och studiero och ut\u00f6kar m\u00f6jligheten att st\u00e4nga av elever som f\u00f6rst\u00f6r eller flytta dem till akutskolor, s\u00e5 att dessa barn f\u00e5r r\u00e4tt hj\u00e4lp samtidigt som \u00f6vriga elever f\u00e5r studiero.<\/p>\n\n\n\n<p><strong>Vad g\u00f6r ni f\u00f6r att eleverna ska l\u00e4ra sig mer?<\/strong><\/p>\n\n\n\n<p>Vi \u00e5teruppr\u00e4ttar kunskapsskolan genom att inf\u00f6ra vetenskapligt f\u00f6rankrade l\u00e4roplaner med fokus p\u00e5 kunskap. Vi inf\u00f6r ett nytt och likv\u00e4rdigt betygssystem och reformerar st\u00f6dundervisningen, g\u00f6r om l\u00e4rarutbildningen med h\u00f6jda krav samt genomf\u00f6r reformer f\u00f6r att st\u00e4rka tryggheten och studieron.<\/p>\n\n\n\n<p><strong>Vad \u00e4r Moderaternas syn p\u00e5 vinster i f\u00f6rskolan och skolan?<\/strong><\/p>\n\n\n\n<p>Vi \u00e4r f\u00f6r bra skolor, oavsett om de \u00e4r kommunala eller friskolor. Likas\u00e5 vill vi att d\u00e5liga skolor, oavsett driftsform, ska bli b\u00e4ttre eller l\u00e4ggas ner. Det viktiga \u00e4r kvaliteten, inte om en skola som levererar h\u00f6g kvalitet g\u00e5r med vinst. Moderaterna v\u00e4rnar fria skolval utan avgifter s\u00e5 att alla elever och f\u00f6r\u00e4ldrar kan v\u00e4lja den skola som passar b\u00e4st, vilket ocks\u00e5 fr\u00e4mjar klassresor. Med v\u00e4nsterns politik riskerar \u00f6ver 400 000 barn och elever att f\u00f6rlora den skola de sj\u00e4lva har valt. Det \u00e4r barn och familjer som gjort ett aktivt val och som nu riskerar att tvingas byta skola mot sin vilja. V\u00e4nstern hotar helt enkelt valfriheten f\u00f6r hundratusentals svenska familjer.<\/p>\n\n\n\n<p><strong>Vad g\u00f6r ni f\u00f6r att st\u00e4rka f\u00f6rskolan?<\/strong><\/p>\n\n\n\n<p>Vi har satsat p\u00e5 fler f\u00f6rskoll\u00e4rare och tagit bort kravet p\u00e5 sk\u00e4rmar. Vi reformerar f\u00f6rskoll\u00e4rarutbildningen och vi har gjort flera satsningar p\u00e5 b\u00f6cker. Vi vill ocks\u00e5 att f\u00f6rskolan ska bli mer flexibel. D\u00e4rf\u00f6r vill vi se \u00f6ver begr\u00e4nsningen p\u00e5 15 timmars barnomsorg per vecka f\u00f6r barn till f\u00f6r\u00e4ldralediga. Samtidigt vill vi att kompetensen hos personalen ska \u00f6ka genom b\u00e4ttre m\u00f6jligheter till vidareutbildning och s\u00e4kerst\u00e4lla att all personal talar god svenska.&nbsp;&nbsp;<\/p>\n\n\n\n<p><strong>Vad g\u00f6r ni f\u00f6r att stoppa brottslingar fr\u00e5n att vara i skolan?<\/strong><\/p>\n\n\n\n<p>B\u00e5de elever och l\u00e4rare ska kunna g\u00e5 till skolan och jobbet utan att k\u00e4nna r\u00e4dsla. Men n\u00e4stan h\u00e4lften av alla niondeklassare har utsatts f\u00f6r ett brott och var tredje l\u00e4rare har blivit hotad eller slagen. D\u00e4rf\u00f6r ut\u00f6kar vi registerkontrollen f\u00f6r personal med fler brott och ser till att \u00e4ven polisens misstankeregister ska kontrolleras. N\u00e4r det finns risk f\u00f6r brott ser vi \u00e4ven till att n\u00f6dv\u00e4ndig information f\u00f6rs \u00f6ver vid skolbyte och ger rektorn r\u00e4tt att neka elever som utg\u00f6r en s\u00e4kerhetsrisk.<\/p>\n\n\n\n<p><strong>Vad g\u00f6r ni f\u00f6r att f\u00f6rb\u00e4ttra f\u00f6r l\u00e4rarna?<\/strong><\/p>\n\n\n\n<p id=\"h-fragor-och-svar-inom-skola-och-utbildning\">Vi sk\u00e4r ner p\u00e5 pappersarbetet f\u00f6r skolpersonal, minskar antalet obligatoriska utvecklingssamtal fr\u00e5n tv\u00e5 till ett och ser till att l\u00e4rare inte l\u00e4ngre beh\u00f6ver dokumentera avvikelser skriftligt lika ofta. Samtidigt v\u00e4rnar vi l\u00e4rarrollen genom att inf\u00f6ra ett tak f\u00f6r undervisningstiden och ett golv f\u00f6r planeringstiden. Genom att minska administrationen och s\u00e4tta ramar f\u00f6r planeringen l\u00e5ter vi l\u00e4rare vara l\u00e4rare.<\/p>\n\n\n\n<h2 class=\"wp-block-heading has-large-font-size\" id=\"h-mer-fran-moderaterna\"><strong>Mer fr\u00e5n Moderaterna<\/strong><\/h2>\n\n\n\n<div class=\"wp-block-buttons is-layout-flex wp-block-buttons-is-layout-flex\">\n<div class=\"wp-block-button\"><a class=\"wp-block-button__link wp-element-button\" href=\"https:\/\/moderaterna.se\/nyhet\/det-har-handlar-valet-2026-om\/\">Det h\u00e4r handlar valet 2026 om<\/a><\/div>\n<\/div>\n\n\n\n<p><\/p>\n\n\n\n<div class=\"wp-block-buttons is-layout-flex wp-block-buttons-is-layout-flex\">\n<div class=\"wp-block-button\"><a class=\"wp-block-button__link wp-element-button\" href=\"https:\/\/moderaterna.se\/valloften-2026\/\">V\u00e5ra vall\u00f6ften<\/a><\/div>\n<\/div>\n\n\n\n<p><\/p>\n\n\n\n<div class=\"wp-block-buttons is-layout-flex wp-block-buttons-is-layout-flex\">\n<div class=\"wp-block-button\"><a class=\"wp-block-button__link wp-element-button\" href=\"https:\/\/moderaterna.se\/var-politik\/\">V\u00e5r politik<\/a><\/div>\n<\/div>\n\n\n\n<p><\/p>\n\n\n\n<div class=\"wp-block-buttons is-layout-flex wp-block-buttons-is-layout-flex\">\n<div class=\"wp-block-button\"><a class=\"wp-block-button__link wp-element-button\" href=\"https:\/\/moderaterna.se\/nyheter\/\">Nyheter fr\u00e5n Moderaterna<\/a><\/div>\n<\/div>\n\n\n\n<p><\/p>\n\n\n\n<div class=\"wp-block-buttons is-layout-flex wp-block-buttons-is-layout-flex\">\n<div class=\"wp-block-button\"><a class=\"wp-block-button__link wp-element-button\" href=\"https:\/\/moderaterna.se\/om-moderaterna\/vara-politiker\/\">V\u00e5ra politiker<\/a><\/div>\n<\/div>\n\n\n\n<p><\/p>\n\n\n\n<p><\/p>\n","protected":false},"featured_media":0,"template":"","tags":[84],"class_list":["post-2269","subject-post","type-subject-post","status-publish","hentry","tag-importerad"],"acf":[],"_links":{"self":[{"href":"https:\/\/moderaterna.se\/orebro\/wp-json\/wp\/v2\/subject-post\/2269","targetHints":{"allow":["GET"]}}],"collection":[{"href":"https:\/\/moderaterna.se\/orebro\/wp-json\/wp\/v2\/subject-post"}],"about":[{"href":"https:\/\/moderaterna.se\/orebro\/wp-json\/wp\/v2\/types\/subject-post"}],"wp:attachment":[{"href":"https:\/\/moderaterna.se\/orebro\/wp-json\/wp\/v2\/media?parent=2269"}],"wp:term":[{"taxonomy":"post_tag","embeddable":true,"href":"https:\/\/moderaterna.se\/orebro\/wp-json\/wp\/v2\/tags?post=2269"}],"curies":[{"name":"wp","href":"https:\/\/api.w.org\/{rel}","templated":true}]}}