{"id":2197,"date":"2021-11-29T18:57:42","date_gmt":"2021-11-29T17:57:42","guid":{"rendered":"https:\/\/moderaterna.se\/?post_type=subject-post&#038;p=362"},"modified":"2026-09-03T19:06:53","modified_gmt":"2026-09-03T17:06:53","slug":"bostadspolitik","status":"publish","type":"subject-post","link":"https:\/\/moderaterna.se\/orebro\/var-politik\/bostadspolitik\/","title":{"rendered":"Bostadspolitik"},"content":{"rendered":"\n<p>Sverige ska vara ett land d\u00e4r unga kan flytta hemifr\u00e5n och d\u00e4r tv\u00e5 vanliga l\u00f6ner kan k\u00f6pa ett eget hus \u2013 n\u00e4r man anstr\u00e4nger sig ska det g\u00e5 att ta n\u00e4sta steg i livet. Den moderatledda regeringen g\u00f6r det enklare att bygga, billigare att l\u00e5na och tryggare att bo.<\/p>\n\n\n\n<h2 class=\"wp-block-heading has-large-font-size\" id=\"h-moderaternas-bostadspolitik\"><strong>Moderaternas bostadspolitik<\/strong><\/h2>\n\n\n\n<h3 class=\"wp-block-heading has-medium-font-size\" id=\"h-tva-vanliga-loner-ska-kunna-kopa-ett-hus\"><strong>Tv\u00e5 vanliga l\u00f6ner ska kunna k\u00f6pa ett hus<\/strong><\/h3>\n\n\n\n<ul class=\"wp-block-list\">\n<li>Kr\u00e5nglig byr\u00e5krati g\u00f6r att det tar n\u00e4stan fem \u00e5r att f\u00e5 b\u00f6rja bygga ett hus. Det \u00e4r ett dolt sl\u00f6seri som g\u00f6r villor och radhus dyrare f\u00f6r h\u00e5rt arbetande m\u00e4nniskor.<\/li>\n\n\n\n<li>Strandskyddet hindrar byggen p\u00e5 en str\u00e4cka motsvarande \u00f6ver tio varv runt jorden. Strandskyddet beh\u00f6ver g\u00f6ras om s\u00e5 att vi skyddar det verkligt skyddsv\u00e4rda, men inte hindrar vanliga familjer fr\u00e5n att bo n\u00e4ra vattnet \u2013 s\u00e4rskilt p\u00e5 landsbygden.<\/li>\n\n\n\n<li>M\u00e5nga flyttar fr\u00e5n utsatta omr\u00e5den n\u00e4r de f\u00e5r jobb och ers\u00e4tts sedan av personer utan jobb. Det skapar en negativ spiral f\u00f6r m\u00e5nga omr\u00e5den, trots att m\u00e5nga g\u00e4rna bor kvar d\u00e4r de v\u00e4xte upp.<\/li>\n<\/ul>\n\n\n\n<h3 class=\"wp-block-heading has-medium-font-size\" id=\"h-darfor-vill-och-arbetar-moderaterna-for-att\"><strong>D\u00e4rf\u00f6r vill och arbetar Moderaterna f\u00f6r att:<\/strong><\/h3>\n\n\n\n<ul class=\"wp-block-list\">\n<li>Det ska bli enklare att bygga. Den moderatledda regeringen har gjort \u00f6ver 40 regelf\u00f6renklingar i plan- och bygglagen f\u00f6r att bland annat g\u00f6ra det l\u00e4ttare f\u00f6r vanliga familjer att bygga om och renovera sina hem.\u00a0<\/li>\n\n\n\n<li>Fler ska kunna bo n\u00e4ra vattnet. Moderaterna vill ers\u00e4tta strandskyddet med ett strandlov, d\u00e4r kommunerna f\u00e5r mer makt \u00f6ver vilka vattendrag som skyddas. Fler ska kunna bo vid vattnet, samtidigt som vi v\u00e4rnar tillg\u00e5ngen till de popul\u00e4raste str\u00e4nderna.\u00a0<strong>(Vall\u00f6fte 2026)<\/strong><\/li>\n\n\n\n<li>Inf\u00f6ra en \u201dr\u00e4tt att k\u00f6pa\u201d i allm\u00e4nnyttan i utsatta omr\u00e5den. Om tv\u00e5 tredjedelar av hyresg\u00e4sterna vill och har r\u00e5d s\u00e5 ska kommunen ha en skyldighet att g\u00e5 med p\u00e5 ombildningen. Med mer \u00e4gt boende lyfts de utsatta omr\u00e5dena.\u00a0<strong>(Vall\u00f6fte 2026)<\/strong><\/li>\n<\/ul>\n\n\n\n<h2 class=\"wp-block-heading has-medium-font-size\" id=\"h-det-maste-bli-enklare-att-flytta-hemifran\"><strong>Det m\u00e5ste bli enklare att flytta hemifr\u00e5n<\/strong><\/h2>\n\n\n\n<ul class=\"wp-block-list\">\n<li>Sju av tio studenter bor p\u00e5 en studieort som inte kan erbjuda boende under den f\u00f6rsta terminen. Det motsvarar mer \u00e4n hela Lunds och Norrk\u00f6pings befolkning. Unga som anstr\u00e4nger sig ska kunna l\u00e4sa sin dr\u00f6mutbildning.<\/li>\n\n\n\n<li>I dag \u00e4r n\u00e4stan alla nybyggda studentbost\u00e4der tillg\u00e4nglighetsanpassade. Upp till en tredjedel av boytan tas d\u00e4rf\u00f6r upp av toaletten. De som beh\u00f6ver anpassade bost\u00e4der ska f\u00e5 det samtidigt som det blir billigare att bygga.\u00a0<\/li>\n\n\n\n<li>Sex av tio unga vuxna har inte r\u00e5d att k\u00f6pa en etta. I de st\u00f6rre st\u00e4derna \u00e4r l\u00e4get \u00e4nnu v\u00e4rre. Det krossar dr\u00f6mmar och g\u00f6r det sv\u00e5rt f\u00f6r f\u00f6retag att rekrytera.<\/li>\n<\/ul>\n\n\n\n<h3 class=\"wp-block-heading has-medium-font-size\" id=\"h-darfor-vill-och-arbetar-moderaterna-for-att-0\"><strong>D\u00e4rf\u00f6r vill och arbetar Moderaterna f\u00f6r att:<\/strong><\/h3>\n\n\n\n<ul class=\"wp-block-list\">\n<li>Bygga billigare studentbost\u00e4der. Den moderatledda regeringen har undantagit 80 procent av de nybyggda studentbost\u00e4derna fr\u00e5n vissa tillg\u00e4nglighetskrav, vilket s\u00e4nker byggkostnaden med cirka 10 procent. Samtidigt ska alla l\u00e4genheter fortsatt g\u00e5 att h\u00e4lsa p\u00e5 om man sitter i rullstol.<\/li>\n\n\n\n<li>Att det ska bli l\u00e4ttare att spara ihop till kontantinsatsen. Moderaterna vill skattebefria de f\u00f6rsta 500\u00a0000 kronorna p\u00e5 ett ISK, vilket motsvarar en skattes\u00e4nkning p\u00e5 4\u00a0440 kronor per \u00e5r vid fullt utnyttjande (inkomst\u00e5ret 2025).\u00a0<strong>(Vall\u00f6fte 2026)<\/strong><\/li>\n\n\n\n<li>Att det ska bli l\u00e4ttare att f\u00e5 bol\u00e5n. Den moderatledda regeringen har h\u00f6jt bol\u00e5netaket fr\u00e5n 85 till 90 procent och s\u00e4nkt det h\u00f6gsta amorteringskravet fr\u00e5n tre till tv\u00e5 procent. Det kortar spartiden med tv\u00e5 till fyra \u00e5r f\u00f6r en vanlig f\u00f6rstag\u00e5ngsk\u00f6pare i storstad.<\/li>\n<\/ul>\n\n\n\n<h3 class=\"wp-block-heading has-medium-font-size\" id=\"h-bostadsomradena-ska-bli-tryggare\"><strong><strong>Bostadsomr\u00e5dena ska bli tryggare<\/strong><\/strong><\/h3>\n\n\n\n<ul class=\"wp-block-list\">\n<li>Var fj\u00e4rde person k\u00e4nner sig s\u00e5 pass otrygg att de undviker eller avst\u00e5r fr\u00e5n att g\u00e5 ut sent p\u00e5 kv\u00e4llen. Det \u00e4r fler \u00e4n vad som bor i hela Stockholms l\u00e4n.\u00a0<\/li>\n\n\n\n<li>Alla ska k\u00e4nna sig trygga i och runt det egna hemmet.<\/li>\n\n\n\n<li><\/li>\n<\/ul>\n\n\n\n<h3 class=\"wp-block-heading has-medium-font-size\" id=\"h-darfor-vill-och-arbetar-moderaterna-for-att-0\"><strong>D\u00e4rf\u00f6r vill och arbetar Moderaterna f\u00f6r att:<\/strong><\/h3>\n\n\n\n<ul class=\"wp-block-list\">\n<li>Polisens bevakningskameror ska f\u00f6rdubblas. Moderaterna vill v\u00e4xla upp det nuvarande m\u00e5let om 5 000 kameror vid utg\u00e5ngen av 2027 till 10 000 kameror vid utg\u00e5ngen av 2029.\u00a0<strong>(Vall\u00f6fte 2026)<\/strong><\/li>\n\n\n\n<li>G\u00f6ra det l\u00e4ttare att vr\u00e4ka kriminella. Den moderatledda regeringen har gjort det m\u00f6jligt att l\u00e4ttare vr\u00e4ka hyresg\u00e4ster som beg\u00e5r brott och g\u00f6r n\u00e4romr\u00e5det otryggt. Moderaterna vill inf\u00f6ra liknande verktyg f\u00f6r att f\u00f6rverka bostadsr\u00e4tter och hindra att kriminella tar sig in i bostadsr\u00e4ttsf\u00f6reningar.<\/li>\n\n\n\n<li>F\u00f6rb\u00e4ttra samverkan mellan det kommuner och bostadsbolag genom b\u00e4ttre regler f\u00f6r omr\u00e5dessamverkan. G\u00e4ller fr\u00e5n den 1 augusti 2026.\u00a0<\/li>\n<\/ul>\n\n\n\n<h2 class=\"wp-block-heading\" id=\"h-fragor-och-svar-inom-bostadspolitik\"><strong>Fr\u00e5gor och svar<\/strong> inom bostadspolitik<\/h2>\n\n\n\n<p><strong>Varf\u00f6r vill Moderaterna att det byggs fler villor och radhus?<\/strong><\/p>\n\n\n\n<p>M\u00e5nga svenskar dr\u00f6mmer om att bo i hus men f\u00e5 har m\u00f6jlighet att g\u00f6ra det. Moderaterna vill att det ska g\u00e5 att k\u00f6pa ett hus p\u00e5 tv\u00e5 vanliga l\u00f6ner. De senaste decennierna har det fr\u00e4mst byggts sm\u00e5 hyresr\u00e4tter som f\u00e5 personer efterfr\u00e5gar samtidigt som sju av tio personer vill bo i villa eller radhus. Moderaterna s\u00e4ger nej till alla f\u00f6rs\u00f6k till tv\u00e5ngsblandning.<\/p>\n\n\n\n<p><strong>Hur ska fler kunna k\u00f6pa en bostad?<\/strong><\/p>\n\n\n\n<p>Moderaterna vill forts\u00e4tta att s\u00e4nka skatten p\u00e5 arbete och sparande s\u00e5 att fler kan k\u00f6pa en bostad. Vi har ocks\u00e5 h\u00f6jt bol\u00e5netaket, s\u00e4nkt amorteringskravet och inf\u00f6rt en hyrk\u00f6psmodell s\u00e5 att man kan hyra bostaden medan man sparar ihop till kontantinsatsen. Moderaterna vill inf\u00f6ra en \u201dr\u00e4tt att k\u00f6pa\u201d f\u00f6r de hyresg\u00e4ster som bor i allm\u00e4nnyttan utsatta omr\u00e5den om tv\u00e5 tredjedelar av de boende vill ombilda.<\/p>\n\n\n\n<p><strong>Hur ska fler kunna bo n\u00e4ra vattnet?&nbsp;<\/strong><\/p>\n\n\n\n<p>Moderaterna vill ers\u00e4tta dagens strandskydd med ett kommunalt strandlov. Vi vill att kommunerna tar \u00f6ver ansvaret f\u00f6r att bed\u00f6ma vilka omr\u00e5den som ska skyddas, i st\u00e4llet f\u00f6r att en och samma f\u00f6rbudslagstiftning ska r\u00e5da i hela landet. D\u00e5 skyddar vi str\u00e4nderna i de t\u00e4tbefolkade kustomr\u00e5dena samtidigt som det blir till\u00e5tet att bo med brygga och bastu p\u00e5 landsbygden.<\/p>\n\n\n\n<h2 class=\"wp-block-heading has-medium-font-size\" id=\"h-socialdemokraternas-vill-infora-en-bolaneskatt\"><strong>Socialdemokraternas vill inf\u00f6ra en bol\u00e5neskatt<\/strong><\/h2>\n\n\n\n<div class=\"wp-block-buttons is-layout-flex wp-block-buttons-is-layout-flex\">\n<div class=\"wp-block-button\"><a class=\"wp-block-button__link wp-element-button\" href=\"https:\/\/moderaterna.se\/var-politik\/bolaneskatt\/\">L\u00e4s mer om bol\u00e5neskatt<\/a><\/div>\n<\/div>\n\n\n\n<h2 class=\"wp-block-heading has-large-font-size\" id=\"h-mer-fran-moderaterna\"><strong>Mer fr\u00e5n Moderaterna<\/strong><\/h2>\n\n\n\n<div class=\"wp-block-buttons is-layout-flex wp-block-buttons-is-layout-flex\">\n<div class=\"wp-block-button\"><a class=\"wp-block-button__link wp-element-button\" href=\"https:\/\/moderaterna.se\/valloften-2026\/\">V\u00e5ra vall\u00f6ften<\/a><\/div>\n<\/div>\n\n\n\n<p><\/p>\n\n\n\n<div class=\"wp-block-buttons is-layout-flex wp-block-buttons-is-layout-flex\">\n<div class=\"wp-block-button\"><a class=\"wp-block-button__link wp-element-button\" href=\"https:\/\/moderaterna.se\/var-politik\/\">V\u00e5r politik<\/a><\/div>\n<\/div>\n\n\n\n<p><\/p>\n\n\n\n<div class=\"wp-block-buttons is-layout-flex wp-block-buttons-is-layout-flex\">\n<div class=\"wp-block-button\"><a class=\"wp-block-button__link wp-element-button\" href=\"https:\/\/moderaterna.se\/nyheter\/\">Nyheter fr\u00e5n Moderaterna<\/a><\/div>\n<\/div>\n\n\n\n<p><\/p>\n\n\n\n<div class=\"wp-block-buttons is-layout-flex wp-block-buttons-is-layout-flex\">\n<div class=\"wp-block-button\"><a class=\"wp-block-button__link wp-element-button\" href=\"https:\/\/moderaterna.se\/om-moderaterna\/vara-politiker\/\">V\u00e5ra politiker<\/a><\/div>\n<\/div>\n\n\n\n<p><\/p>\n","protected":false},"featured_media":0,"template":"","tags":[84],"class_list":["post-2197","subject-post","type-subject-post","status-publish","hentry","tag-importerad"],"acf":[],"_links":{"self":[{"href":"https:\/\/moderaterna.se\/orebro\/wp-json\/wp\/v2\/subject-post\/2197","targetHints":{"allow":["GET"]}}],"collection":[{"href":"https:\/\/moderaterna.se\/orebro\/wp-json\/wp\/v2\/subject-post"}],"about":[{"href":"https:\/\/moderaterna.se\/orebro\/wp-json\/wp\/v2\/types\/subject-post"}],"wp:attachment":[{"href":"https:\/\/moderaterna.se\/orebro\/wp-json\/wp\/v2\/media?parent=2197"}],"wp:term":[{"taxonomy":"post_tag","embeddable":true,"href":"https:\/\/moderaterna.se\/orebro\/wp-json\/wp\/v2\/tags?post=2197"}],"curies":[{"name":"wp","href":"https:\/\/api.w.org\/{rel}","templated":true}]}}