{"id":2011,"date":"2021-12-02T21:20:00","date_gmt":"2021-12-02T20:20:00","guid":{"rendered":"https:\/\/moderaterna.se\/?post_type=subject-post&#038;p=519"},"modified":"2026-09-03T20:06:36","modified_gmt":"2026-09-03T18:06:36","slug":"migration","status":"publish","type":"subject-post","link":"https:\/\/moderaterna.se\/orebro\/var-politik\/migration\/","title":{"rendered":"Migration"},"content":{"rendered":"\n<p>Den tidigare migrationspolitiken har i h\u00f6g grad bidragit till ett mer or\u00e4ttvist samh\u00e4lle som drabbar dem som sk\u00f6ter sig. Den moderatledda regeringen genomf\u00f6r d\u00e4rf\u00f6r ett paradigmskifte inom migrationspolitiken. Vi stramar \u00e5t invandringen och \u00e5tertar kontrollen \u00f6ver vilka som vistas i v\u00e5rt land \u2013 f\u00f6r att f\u00e5 ordning p\u00e5 Sverige och lyckas med integrationen.<\/p>\n\n\n\n<h2 class=\"wp-block-heading has-large-font-size\" id=\"h-moderaternas-politik-inom-migration\"><strong>Moderaternas politik inom migration<\/strong><\/h2>\n\n\n\n<h3 class=\"wp-block-heading has-medium-font-size\" id=\"h-fortsatt-minskad-invandring-for-att-lyckas-med-integrationen\"><strong>Fortsatt minskad invandring f\u00f6r att lyckas med integrationen<\/strong><\/h3>\n\n\n\n<ul class=\"wp-block-list\">\n<li>Under de tolv \u00e5ren innan den moderatledda regeringen tilltr\u00e4dde invandrade cirka 1,2 miljoner utl\u00e4ndska medborgare till Sverige, och \u00f6ver 700 000 svenska medborgarskap beviljades.\u00a0<\/li>\n\n\n\n<li>Under de \u00e5tta \u00e5r Socialdemokraterna styrde tog Sverige emot 320 000 asyls\u00f6kande utan n\u00e5gon som helst plan.\u00a0<\/li>\n\n\n\n<li>De som kommer till Sverige, anstr\u00e4nger sig och g\u00f6r r\u00e4tt f\u00f6r sig ska f\u00e5 goda f\u00f6ruts\u00e4ttningar att bli del av v\u00e5r samh\u00e4llsgemenskap. De som beg\u00e5r brott eller missk\u00f6ter sig ska utvisas.\u00a0<\/li>\n<\/ul>\n\n\n\n<h3 class=\"wp-block-heading has-medium-font-size\" id=\"h-darfor-vill-och-arbetar-moderaterna-for-att\"><strong>D\u00e4rf\u00f6r vill och arbetar Moderaterna f\u00f6r att:<\/strong><\/h3>\n\n\n\n<ul class=\"wp-block-list\">\n<li>Minska den asylrelaterade invandringen till Sverige. Vi har bland annat anpassat asyllagstiftningen till EU-r\u00e4ttens miniminiv\u00e5.\u00a0<strong>(Tid\u00f6)<\/strong>\u00a0Antalet beviljade asylrelaterade uppeh\u00e5llstillst\u00e5nd, inklusive anh\u00f6riga till asyls\u00f6kande, \u00e4r nu det l\u00e4gsta sedan 1985. \u00c5r 2026 f\u00f6rv\u00e4ntas cirka 4\u00a0200 personer s\u00f6ka asyl i Sverige, det \u00e4r en minskning med 75 procent sedan 2022.<\/li>\n\n\n\n<li>G\u00f6ra en \u00f6versyn av relevant EU-lagstiftning och konventioner i syfte att uppn\u00e5 en minimal asylinvandring.\u00a0<strong>(Arbetsst\u00e4mman 2025)\u00a0<\/strong>Vi har f\u00e5tt EU:s migrationspakt p\u00e5 plats i syfte att minska invandringen till EU.\u00a0<\/li>\n\n\n\n<li>Vi har uppv\u00e4rderat det svenska medborgarskapet genom att inf\u00f6ra krav p\u00e5 kunskaper i svenska och samh\u00e4llskunskap, egen f\u00f6rs\u00f6rjning och att ha bott i Sverige en l\u00e4ngre tid f\u00f6r att bli svensk medborgare.\u00a0<strong>(Tid\u00f6)\u00a0<\/strong><\/li>\n\n\n\n<li>Vi vill inf\u00f6ra ett snabbsp\u00e5r f\u00f6r talanger och v\u00e4lintegrerade att beviljas svenskt medborgarskap.\u00a0<strong>(Vall\u00f6fte 2026)\u00a0<\/strong><\/li>\n\n\n\n<li>Vi vill samtidigt g\u00f6ra det om\u00f6jligt f\u00f6r g\u00e4ngkriminella och de som d\u00f6ms f\u00f6r v\u00e5ldt\u00e4kt, andra grova sexualbrott eller v\u00e5ld i n\u00e4ra relation att bli svenska medborgare.\u00a0<strong>(Vall\u00f6fte 2026)<\/strong><\/li>\n\n\n\n<li>Den 1 september sk\u00e4rps reglerna f\u00f6r utvisning p\u00e5 grund av brott s\u00e5 att huvudregeln blir att den som d\u00f6ms f\u00f6r en p\u00e5f\u00f6ljd str\u00e4ngare \u00e4n b\u00f6ter ska utvisas. Vi har \u00e4ven<strong>\u00a0<\/strong>inf\u00f6rt krav p\u00e5 vandel s\u00e5 att den som p\u00e5 andra s\u00e4tt missk\u00f6ter sig ocks\u00e5 ska utvisas.<strong>(Tid\u00f6)<\/strong><\/li>\n<\/ul>\n\n\n\n<h3 class=\"wp-block-heading has-medium-font-size\" id=\"h-sverige-ska-aterta-kontrollen-over-vilka-som-befinner-sig-i-landet\"><strong>Sverige ska \u00e5terta kontrollen \u00f6ver vilka som befinner sig i landet<\/strong><\/h3>\n\n\n\n<ul class=\"wp-block-list\">\n<li>Enligt Skatteverkets ber\u00e4kningar befinner sig mellan 110 000 och 185 000 i Sverige utan giltigt tillst\u00e5nd.\u00a0<\/li>\n\n\n\n<li>Skuggsamh\u00e4llet pr\u00e4glas av utsatthet, kriminalitet och utnyttjande av m\u00e4nniskor. Inte minst barn riskerar att fara mycket illa.<\/li>\n<\/ul>\n\n\n\n<h3 class=\"wp-block-heading has-medium-font-size\" id=\"h-darfor-vill-och-arbetar-moderaterna-for-att-0\"><strong>D\u00e4rf\u00f6r vill och arbetar Moderaterna f\u00f6r att:<\/strong><\/h3>\n\n\n\n<ul class=\"wp-block-list\">\n<li>Genomf\u00f6ra en folkr\u00e4kning och inf\u00f6ra mottagningscenter d\u00e4r asyls\u00f6kande ska bo under hela asylprocessen. Folkr\u00e4kningen p\u00e5g\u00e5r och Skatteverket tar \u00e5rligen fram en nationell l\u00e4gesbild \u00f6ver befolkningen. Mottagningscenter har inf\u00f6rts och EBO begr\u00e4nsas kraftigt den 1 oktober 2026.\u00a0<strong>(Tid\u00f6)<\/strong><\/li>\n\n\n\n<li>S\u00e4kerst\u00e4lla att fler m\u00e4nniskor som inte har r\u00e4tt att vistas i Sverige l\u00e4mnar landet genom att vidta flertalet \u00e5tg\u00e4rder s\u00e5som fler inre utl\u00e4nningskontroller, bruten sekretess mellan myndigheter och ompr\u00f6vningar av bist\u00e5nd.\u00a0<strong>(Tid\u00f6)\u00a0<\/strong>Sedan 2022 har antalet \u00e5terv\u00e4ndande \u00f6kat med 60 procent.<\/li>\n<\/ul>\n\n\n\n<h3 class=\"wp-block-heading has-medium-font-size\" id=\"h-hogkvalificerad-arbetskraftinvandring-ska-prioriteras\"><strong>H\u00f6gkvalificerad arbetskraftinvandring ska prioriteras<\/strong><\/h3>\n\n\n\n<ul class=\"wp-block-list\">\n<li>Framg\u00e5ngsrika f\u00f6retag och god svensk konkurrenskraft kr\u00e4ver att nyckelkompetens kan rekryteras fr\u00e5n Sverige, EU och tredje land.\u00a0<\/li>\n\n\n\n<li>I Sverige \u00e4r runt 350 000 personer inskrivna p\u00e5 Arbetsf\u00f6rmedlingen samtidigt som personer kommer hit fr\u00e5n andra sidan jorden f\u00f6r att utf\u00f6ra l\u00e5gkvalificerade jobb s\u00e5som att st\u00e4da och diska.<\/li>\n\n\n\n<li>Flera rapporter vittnar om utnyttjande av regler, fusk och kriminalitet kopplat till arbetskraftsinvandring, s\u00e4rskilt i yrken med l\u00e4gre l\u00f6ner och inom assistansbranschen.\u00a0<\/li>\n<\/ul>\n\n\n\n<h3 class=\"wp-block-heading has-medium-font-size\" id=\"h-darfor-vill-och-arbetar-moderaterna-for-att-1\"><strong>D\u00e4rf\u00f6r vill och arbetar Moderaterna f\u00f6r att:<\/strong><\/h3>\n\n\n\n<ul class=\"wp-block-list\">\n<li>Fr\u00e4mja h\u00f6gkvalificerad arbetskraftsinvandring genom bland annat snabbare handl\u00e4ggning av arbetstillst\u00e5nd.\u00a0<strong>(Tid\u00f6)<\/strong>\u00a0F\u00f6r denna grupp har handl\u00e4ggningstiderna minskat fr\u00e5n \u00f6ver 100 dagar till under 20 dagar.<\/li>\n\n\n\n<li>H\u00f6ja f\u00f6rs\u00f6rjningskravet (l\u00f6nekravet) f\u00f6r arbetskraftsinvandrare fr\u00e5n l\u00e4nder utanf\u00f6r EU. Den 1 juni 2026 h\u00f6jdes det till 90 procent av medianl\u00f6nen, motsvarande drygt 34 000 kronor. Samtidigt inf\u00f6rdes undantag f\u00f6r vissa yrken f\u00f6r vilka l\u00f6nekravet i st\u00e4llet \u00e4r 75 procent av medianl\u00f6nen, motsvarande knappt 28\u00a0000 kronor.\u00a0<strong>(Tid\u00f6)<\/strong><\/li>\n\n\n\n<li>\u00d6ka drivkrafterna f\u00f6r arbetsl\u00f6sa att komma i arbete genom att inf\u00f6ra ett bidragstak, krav p\u00e5 heltidsaktivering f\u00f6r att f\u00e5 f\u00f6rs\u00f6rjningsst\u00f6d och kvalificering till socialf\u00f6rs\u00e4kringen.\u00a0<strong>(Tid\u00f6)<\/strong><\/li>\n<\/ul>\n\n\n\n<h2 class=\"wp-block-heading has-medium-font-size\" id=\"h-fragor-och-svar-inom-migration\"><strong>Fr\u00e5gor och svar inom migration<\/strong><\/h2>\n\n\n\n<p><strong>Vad g\u00f6r ni \u00e5t ton\u00e5ringarna som utvisas?<\/strong><\/p>\n\n\n\n<p>F\u00f6r oss \u00e4r det viktigt att hj\u00e4lpa dessa ungdomar. Det k\u00e4nns inte bra i hj\u00e4rtat att de som har gjort r\u00e4tt f\u00f6r sig hamnar i kl\u00e4m p\u00e5 det h\u00e4r s\u00e4ttet. Regeringen har tagit fram en l\u00f6sning som tr\u00e4der i kraft den 1 oktober 2026. Den inneb\u00e4r att unga vuxna som tidigare har beviljats uppeh\u00e5llstillst\u00e5nd p\u00e5 grund av anknytning som barn och sedan har fyllt 18 \u00e5r ska kunna beviljas uppeh\u00e5llstillst\u00e5nd om de \u00e4r under 21 \u00e5r eller ing\u00e5r i samma hush\u00e5ll som anknytningspersonen och det finns ett s\u00e4rskilt beroendef\u00f6rh\u00e5llande mellan dem. De som har f\u00e5tt utvisningsbeslut efter den 1 januari 2025 ska kunna beviljas ett nytt uppeh\u00e5llstillst\u00e5nd inifr\u00e5n Sverige. Moderaterna vill g\u00f6ra mer f\u00f6r att stoppa or\u00e4ttvisa utvisningar. Vi har d\u00e4rf\u00f6r kommit \u00f6verens med KD, L och SD om att tills\u00e4tta en snabbutredning f\u00f6r att se \u00f6ver hur ungdomar som har fyllt 21 \u00e5r ska f\u00e5 s\u00f6ka ett annat uppeh\u00e5llstillst\u00e5nd inifr\u00e5n Sverige.&nbsp;<\/p>\n\n\n\n<p>Att unga vuxna har utvisats \u00e4r fr\u00e4mst p\u00e5 grund av lag\u00e4ndringar som genomf\u00f6rdes 2016 och 2021 av S och MP. Orsaken till utvisningarna \u00e4r att man beh\u00f6ver ett nytt uppeh\u00e5llstillst\u00e5nd n\u00e4r man fyllt 18 \u00e5r d\u00e5 man inte l\u00e4ngre kan f\u00e5 uppeh\u00e5llstillst\u00e5nd som barn till sina f\u00f6r\u00e4ldrar.&nbsp;<\/p>\n\n\n\n<p><strong>Varf\u00f6r vill Moderaterna minska invandringen?<\/strong><\/p>\n\n\n\n<p>Sverige har tidigare haft en mycket stor asylinvandring. Bara under Socialdemokraternas \u00e5tta \u00e5r vid makten s\u00f6kte 320&nbsp;000 m\u00e4nniskor asyl i Sverige. M\u00e5nga av dem som kommit till Sverige har tyv\u00e4rr inte blivit en del av v\u00e5r samh\u00e4llsgemenskap \u2013 de har inte kommit i arbete och inte l\u00e4rt sig tillr\u00e4ckligt bra svenska. Vi vill att de som kommer hit och de som redan kommit hit men \u00e4nnu inte blivit en del av samh\u00e4llsgemenskapen ska ges b\u00e4ttre f\u00f6ruts\u00e4ttningar att integreras. Det kr\u00e4ver en minimal asylinvandring under \u00f6versk\u00e5dlig tid.<\/p>\n\n\n\n<p><strong>Varf\u00f6r utvisas s\u00e5 m\u00e5nga m\u00e4nniskor?&nbsp;<\/strong><\/p>\n\n\n\n<p>Det finns olika anledningar till att m\u00e4nniskor utvisas och det \u00e4r inte alltid som hela bilden framkommer. En del av de som nu utvisas har f\u00e5tt ett utvisningsbeslut f\u00f6r flera \u00e5r sedan. En del har f\u00e5tt utvisningsbeslut flera g\u00e5nger. Men i st\u00e4llet f\u00f6r att l\u00e4mna landet har de valt att olagligt stanna kvar i Sverige. F\u00f6r att ha ordning i migrationspolitiken m\u00e5ste de som f\u00e5r utvisningsbeslut l\u00e4mna landet. Det \u00e4r inte rimligt att m\u00e4nniskor stannar kvar i Sverige olagligt \u00e5r efter \u00e5r.&nbsp;<\/p>\n\n\n\n<p><strong>Varf\u00f6r utvisas m\u00e4nniskor som arbetar och g\u00f6r r\u00e4tt f\u00f6r sig? (sp\u00e5rbytare)<\/strong><\/p>\n\n\n\n<p>Det var helt r\u00e4tt att avskaffa systemet med sp\u00e5rbyte, som innebar att asyls\u00f6kande som fick avslag i st\u00e4llet kunde s\u00f6ka arbetstillst\u00e5nd. Systemet ledde till mycket fusk och missbruk. De som arbetar kan ans\u00f6ka om ett arbetstillst\u00e5nd och regeringen tittar nu p\u00e5 m\u00f6jligheten att f\u00f6re detta sp\u00e5rbytare som uppfyller l\u00f6nekravet ska kunna ans\u00f6ka om arbetstillst\u00e5nd inifr\u00e5n Sverige.<\/p>\n\n\n\n<p><strong>Varf\u00f6r \u00e4r invandringen fortfarande s\u00e5 h\u00f6g?<\/strong><\/p>\n\n\n\n<p>Den totala invandringen best\u00e5r av asylinvandring, arbetskraftsinvandring, utbytesstudenter med mera. Antalet asyls\u00f6kande f\u00f6rv\u00e4ntas i \u00e5r vara cirka 4&nbsp;200 personer, vilket \u00e4r en minskning med 75 procent sedan 2022. Antalet beviljade asylrelaterade uppeh\u00e5llstillst\u00e5nd, det vill s\u00e4ga asyls\u00f6kande och deras anh\u00f6riga, \u00e4r det l\u00e4gsta sedan \u00e5r 1985. Samtidigt arbetar vi f\u00f6r att fler talanger, forskare och doktorander ska s\u00f6ka sig till Sverige.&nbsp;<\/p>\n\n\n\n<p><strong>Socialdemokraterna vill ju ocks\u00e5 ha en stram migrationspolitik, vad \u00e4r skillnaden mellan er?<\/strong><\/p>\n\n\n\n<p>Socialdemokraterna kommer aldrig kunna genomf\u00f6ra en stram migrationspolitik tillsammans med V\u00e4nsterpartiet och Milj\u00f6partiet som har r\u00f6stat nej till i princip alla sk\u00e4rpningar av migrationspolitiken som den moderatledda regeringen genomf\u00f6rt. N\u00e4r Socialdemokraterna styrde med Milj\u00f6partiet lade de fram f\u00f6rslag som \u00f6kade asylinvandringen, s\u00e5som gymnasielagen.<\/p>\n\n\n\n<h2 class=\"wp-block-heading has-large-font-size\" id=\"h-mer-fran-moderaterna\"><strong>Mer fr\u00e5n Moderaterna<\/strong><\/h2>\n\n\n\n<div class=\"wp-block-buttons is-layout-flex wp-block-buttons-is-layout-flex\">\n<div class=\"wp-block-button\"><a class=\"wp-block-button__link wp-element-button\" href=\"https:\/\/moderaterna.se\/nyhet\/det-har-handlar-valet-2026-om\/\">Det h\u00e4r handlar valet 2026 om<\/a><\/div>\n<\/div>\n\n\n\n<p><\/p>\n\n\n\n<div class=\"wp-block-buttons is-layout-flex wp-block-buttons-is-layout-flex\">\n<div class=\"wp-block-button\"><a class=\"wp-block-button__link wp-element-button\" href=\"https:\/\/moderaterna.se\/valloften-2026\/\">V\u00e5ra vall\u00f6ften<\/a><\/div>\n<\/div>\n\n\n\n<p><\/p>\n\n\n\n<div class=\"wp-block-buttons is-layout-flex wp-block-buttons-is-layout-flex\">\n<div class=\"wp-block-button\"><a class=\"wp-block-button__link wp-element-button\" href=\"https:\/\/moderaterna.se\/var-politik\/\">V\u00e5r politik<\/a><\/div>\n<\/div>\n\n\n\n<p><\/p>\n\n\n\n<div class=\"wp-block-buttons is-layout-flex wp-block-buttons-is-layout-flex\">\n<div class=\"wp-block-button\"><a class=\"wp-block-button__link wp-element-button\" href=\"https:\/\/moderaterna.se\/nyheter\/\">Nyheter fr\u00e5n Moderaterna<\/a><\/div>\n<\/div>\n\n\n\n<p><\/p>\n\n\n\n<div class=\"wp-block-buttons is-layout-flex wp-block-buttons-is-layout-flex\">\n<div class=\"wp-block-button\"><a class=\"wp-block-button__link wp-element-button\" href=\"https:\/\/moderaterna.se\/om-moderaterna\/vara-politiker\/\">V\u00e5ra politiker<\/a><\/div>\n<\/div>\n","protected":false},"featured_media":0,"template":"","tags":[84],"class_list":["post-2011","subject-post","type-subject-post","status-publish","hentry","tag-importerad"],"acf":[],"_links":{"self":[{"href":"https:\/\/moderaterna.se\/orebro\/wp-json\/wp\/v2\/subject-post\/2011","targetHints":{"allow":["GET"]}}],"collection":[{"href":"https:\/\/moderaterna.se\/orebro\/wp-json\/wp\/v2\/subject-post"}],"about":[{"href":"https:\/\/moderaterna.se\/orebro\/wp-json\/wp\/v2\/types\/subject-post"}],"wp:attachment":[{"href":"https:\/\/moderaterna.se\/orebro\/wp-json\/wp\/v2\/media?parent=2011"}],"wp:term":[{"taxonomy":"post_tag","embeddable":true,"href":"https:\/\/moderaterna.se\/orebro\/wp-json\/wp\/v2\/tags?post=2011"}],"curies":[{"name":"wp","href":"https:\/\/api.w.org\/{rel}","templated":true}]}}