{"id":2256,"date":"2025-12-01T14:40:58","date_gmt":"2025-12-01T13:40:58","guid":{"rendered":"https:\/\/moderaterna.se\/orebro\/?p=2256"},"modified":"2025-12-01T14:44:21","modified_gmt":"2025-12-01T13:44:21","slug":"riksdagslistan-antagen","status":"publish","type":"post","link":"https:\/\/moderaterna.se\/orebro\/nyhet\/riksdagslistan-antagen\/","title":{"rendered":"Riksdagslistan antagen"},"content":{"rendered":"\n<p>Moderaterna i \u00d6rebro l\u00e4n fastst\u00e4llde i f\u00f6rra veckan sin Riksdagsvalsedel. Det \u00e4r ett stark topp tre-g\u00e4ng som fyllda av energi g\u00e5r in i valr\u00f6relsen.\u00a0Finansminister Elisabeth Svantesson toppar listan f\u00f6re riksdagsledamot Oskar Sv\u00e4rd med Tony Ring fr\u00e5n Karlskoga p\u00e5 tredje plats.<\/p>\n\n\n\n<p>&#8211; Jag k\u00e4nner mig b\u00e5de stolt och hedrad \u00f6ver att f\u00e5 st\u00e5 p\u00e5 f\u00f6rsta plats p\u00e5 Moderaternas riksdagslista i \u00d6rebro l\u00e4n.&nbsp;<\/p>\n\n\n\n<p>I snart 20 \u00e5r har jag f\u00e5tt medlemmarnas och v\u00e4ljarnas f\u00f6rtroende att representera mitt \u00e4lskade \u00d6rebro l\u00e4n.&nbsp;<\/p>\n\n\n\n<p>De senaste \u00e5ren har varit tuffa f\u00f6r m\u00e5nga, men nu v\u00e4nder vi den utvecklingen. Skjutningarna \u00e4r f\u00e4rre, tillv\u00e4xten \u00e4r p\u00e5 v\u00e4g upp\u00e5t och skattetrycket \u00e4r det l\u00e4gsta p\u00e5 50 \u00e5r. Sverige \u00e4r p\u00e5 r\u00e4tt v\u00e4g men vi \u00e4r inte framme.&nbsp;<\/p>\n\n\n\n<p>Jag vill forts\u00e4tta arbetet med att g\u00f6ra Sverige och svenskarna&nbsp;b\u00e5de tryggare och rikare s\u00e4ger Elisabeth Svantesson.<\/p>\n\n\n\n<p>Listan inneh\u00e5ller 25 kandidater med representation fr\u00e5n alla l\u00e4nets kommuner.\u00a0Det \u00e4r en styrka f\u00f6r oss att ha tre s\u00e5 k\u00e4nda namn \u00f6verst p\u00e5 listan s\u00e4ger Maria Haglund, ordf\u00f6rande i Nomineringskommitt\u00e9n.\u00a0L\u00e4ngre ner p\u00e5 listan finner vi Anna Rag\u00e9n fr\u00e5n Karlskoga, Rikard Bergstr\u00f6m fr\u00e5n Hallsberg och Caroline Carlvier fr\u00e5n Lekeberg. \u00c4ven dessa tre \u00e4r k\u00e4nda personer som \u00e4r v\u00e4l rustade f\u00f6r att ta plats i riksdagen forts\u00e4tter Maria Haglund.<\/p>\n\n\n\n<figure class=\"wp-block-gallery has-nested-images columns-default is-cropped wp-block-gallery-1 is-layout-flex wp-block-gallery-is-layout-flex\">\n<figure class=\"wp-block-image size-large\"><img loading=\"lazy\" decoding=\"async\" width=\"576\" height=\"1024\" data-id=\"2257\" src=\"https:\/\/moderaterna.se\/app\/uploads\/sites\/20\/2025\/12\/Valsedel-riksdagen-576x1024.jpg\" alt=\"\" class=\"wp-image-2257\" srcset=\"https:\/\/moderaterna.se\/app\/uploads\/sites\/20\/2025\/12\/Valsedel-riksdagen-576x1024.jpg 576w, https:\/\/moderaterna.se\/app\/uploads\/sites\/20\/2025\/12\/Valsedel-riksdagen-169x300.jpg 169w, https:\/\/moderaterna.se\/app\/uploads\/sites\/20\/2025\/12\/Valsedel-riksdagen-768x1365.jpg 768w, https:\/\/moderaterna.se\/app\/uploads\/sites\/20\/2025\/12\/Valsedel-riksdagen-864x1536.jpg 864w, https:\/\/moderaterna.se\/app\/uploads\/sites\/20\/2025\/12\/Valsedel-riksdagen-1152x2048.jpg 1152w, https:\/\/moderaterna.se\/app\/uploads\/sites\/20\/2025\/12\/Valsedel-riksdagen-scaled.jpg 1440w\" sizes=\"auto, (max-width: 576px) 100vw, 576px\" \/><\/figure>\n<\/figure>\n","protected":false},"excerpt":{"rendered":"<p>Moderaterna i \u00d6rebro l\u00e4n fastst\u00e4llde i f\u00f6rra veckan sin Riksdagsvalsedel. Det \u00e4r ett stark topp tre-g\u00e4ng som fyllda av energi g\u00e5r in i valr\u00f6relsen.\u00a0Finansminister Elisabeth Svantesson toppar listan f\u00f6re riksdagsledamot Oskar Sv\u00e4rd med Tony Ring fr\u00e5n Karlskoga p\u00e5 tredje plats. &#8211; Jag k\u00e4nner mig b\u00e5de stolt och hedrad \u00f6ver att f\u00e5 st\u00e5 p\u00e5 f\u00f6rsta plats [&hellip;]<\/p>\n","protected":false},"author":20,"featured_media":2259,"comment_status":"closed","ping_status":"closed","sticky":false,"template":"","format":"standard","meta":{"_acf_changed":false,"_relevanssi_hide_post":"","_relevanssi_hide_content":"","_relevanssi_pin_for_all":"","_relevanssi_pin_keywords":"","_relevanssi_unpin_keywords":"","_relevanssi_related_keywords":"","_relevanssi_related_include_ids":"","_relevanssi_related_exclude_ids":"","_relevanssi_related_no_append":"","_relevanssi_related_not_related":"","_relevanssi_related_posts":"","_relevanssi_noindex_reason":"","footnotes":""},"categories":[1],"tags":[],"subject":[],"class_list":["post-2256","post","type-post","status-publish","format-standard","has-post-thumbnail","hentry","category-nyhet"],"acf":[],"publishpress_future_action":{"enabled":false,"date":"2026-05-09 14:32:54","action":"change-status","newStatus":"draft","terms":[],"taxonomy":"category"},"_links":{"self":[{"href":"https:\/\/moderaterna.se\/orebro\/wp-json\/wp\/v2\/posts\/2256","targetHints":{"allow":["GET"]}}],"collection":[{"href":"https:\/\/moderaterna.se\/orebro\/wp-json\/wp\/v2\/posts"}],"about":[{"href":"https:\/\/moderaterna.se\/orebro\/wp-json\/wp\/v2\/types\/post"}],"author":[{"embeddable":true,"href":"https:\/\/moderaterna.se\/orebro\/wp-json\/wp\/v2\/users\/20"}],"replies":[{"embeddable":true,"href":"https:\/\/moderaterna.se\/orebro\/wp-json\/wp\/v2\/comments?post=2256"}],"version-history":[{"count":3,"href":"https:\/\/moderaterna.se\/orebro\/wp-json\/wp\/v2\/posts\/2256\/revisions"}],"predecessor-version":[{"id":2262,"href":"https:\/\/moderaterna.se\/orebro\/wp-json\/wp\/v2\/posts\/2256\/revisions\/2262"}],"wp:featuredmedia":[{"embeddable":true,"href":"https:\/\/moderaterna.se\/orebro\/wp-json\/wp\/v2\/media\/2259"}],"wp:attachment":[{"href":"https:\/\/moderaterna.se\/orebro\/wp-json\/wp\/v2\/media?parent=2256"}],"wp:term":[{"taxonomy":"category","embeddable":true,"href":"https:\/\/moderaterna.se\/orebro\/wp-json\/wp\/v2\/categories?post=2256"},{"taxonomy":"post_tag","embeddable":true,"href":"https:\/\/moderaterna.se\/orebro\/wp-json\/wp\/v2\/tags?post=2256"},{"taxonomy":"subject","embeddable":true,"href":"https:\/\/moderaterna.se\/orebro\/wp-json\/wp\/v2\/subject?post=2256"}],"curies":[{"name":"wp","href":"https:\/\/api.w.org\/{rel}","templated":true}]}}