{"id":2137,"date":"2024-08-21T09:36:47","date_gmt":"2024-08-21T07:36:47","guid":{"rendered":"https:\/\/moderaterna.se\/orebro\/?p=2137"},"modified":"2024-08-21T09:36:48","modified_gmt":"2024-08-21T07:36:48","slug":"kallelse-uppstarsmote","status":"publish","type":"post","link":"https:\/\/moderaterna.se\/orebro\/nyhet\/kallelse-uppstarsmote\/","title":{"rendered":"Kallelse uppstarsm\u00f6te"},"content":{"rendered":"\n<p>H\u00e4rmed kallas samtliga medlemmar i Moderata Ungdomsf\u00f6rbundet \u00d6rebro l\u00e4n i Karlskoga kommun till uppstartsm\u00f6te f\u00f6r Moderata Ungdomsf\u00f6rbundet Karlskoga.<\/p>\n\n\n\n<p><strong>N\u00c4R?<br><\/strong>M\u00e5ndagen den 2 september. Incheckning fr\u00e5n kl 17:30, uppstartsm\u00f6tet startar 18:00 och avslutas senast 20:00.<\/p>\n\n\n\n<p><strong>VAR?<\/strong><br>Partilokalen i Karlskoga, Kyrkotorp 5, 691 31 Karlskoga.<\/p>\n\n\n\n<p><strong>MOTIONER<br><\/strong>F\u00f6rslag fr\u00e5n medlemmar p\u00e5 vilken politik f\u00f6reningen ska driva eller andra verksamhetsm\u00e4ssiga saker, ska skickas till Magnus St\u00e5lberg p\u00e5 &#8221;Magnus.stalberg@moderaterna.se&#8221; senast fredagen den 30 augusti kl. 23:59.<\/p>\n\n\n\n<p><strong>KANDIDATUR<br><\/strong>Kandidaturer och nomineringar skickas till Magnus St\u00e5lberg p\u00e5 &#8221;Magnus.stalberg@moderaterna.se&#8221; senast fredagen den 30 augusti kl. 23:59.<\/p>\n\n\n\n<p><strong><em>POSITIONER ATT KANDIDERA TILL<\/em><\/strong><\/p>\n\n\n\n<p>F\u00f6reningsordf\u00f6rande<\/p>\n\n\n\n<p>Vice f\u00f6reningsordf\u00f6rande<\/p>\n\n\n\n<p>Ledamot<\/p>\n\n\n\n<p><strong>HANDLINGAR<br><\/strong>Handlingar till uppstartsm\u00f6tet kommer l\u00e4ggas upp i interna grupper innan uppstartsm\u00f6tet.<\/p>\n\n\n\n<p><strong>KONTAKTUPPGIFTER<br><\/strong>Har du n\u00e5gra funderingar g\u00e4llande uppstartsm\u00f6tet eller vill du engagera dig i MUF? Kontakta d\u00e5 distriktsordf\u00f6rande Magnus St\u00e5lberg via 070-170 73 63 eller magnus.stalberg@moderaterna.se.<\/p>\n\n\n\n<p><strong><em>Frihetliga h\u00e4lsningar,<br><\/em><\/strong>MUF \u00d6rebro l\u00e4n<\/p>\n","protected":false},"excerpt":{"rendered":"<p>H\u00e4rmed kallas samtliga medlemmar i Moderata Ungdomsf\u00f6rbundet \u00d6rebro l\u00e4n i Karlskoga kommun till uppstartsm\u00f6te f\u00f6r Moderata Ungdomsf\u00f6rbundet Karlskoga. N\u00c4R?M\u00e5ndagen den 2 september. Incheckning fr\u00e5n kl 17:30, uppstartsm\u00f6tet startar 18:00 och avslutas senast 20:00. VAR?Partilokalen i Karlskoga, Kyrkotorp 5, 691 31 Karlskoga. MOTIONERF\u00f6rslag fr\u00e5n medlemmar p\u00e5 vilken politik f\u00f6reningen ska driva eller andra verksamhetsm\u00e4ssiga saker, ska [&hellip;]<\/p>\n","protected":false},"author":20,"featured_media":0,"comment_status":"closed","ping_status":"closed","sticky":false,"template":"","format":"standard","meta":{"_acf_changed":false,"_relevanssi_hide_post":"","_relevanssi_hide_content":"","_relevanssi_pin_for_all":"","_relevanssi_pin_keywords":"","_relevanssi_unpin_keywords":"","_relevanssi_related_keywords":"","_relevanssi_related_include_ids":"","_relevanssi_related_exclude_ids":"","_relevanssi_related_no_append":"","_relevanssi_related_not_related":"","_relevanssi_related_posts":"","_relevanssi_noindex_reason":"","footnotes":""},"categories":[1],"tags":[],"subject":[],"class_list":["post-2137","post","type-post","status-publish","format-standard","hentry","category-nyhet"],"acf":[],"publishpress_future_action":{"enabled":false,"date":"2026-05-08 03:36:51","action":"change-status","newStatus":"draft","terms":[],"taxonomy":"category"},"_links":{"self":[{"href":"https:\/\/moderaterna.se\/orebro\/wp-json\/wp\/v2\/posts\/2137","targetHints":{"allow":["GET"]}}],"collection":[{"href":"https:\/\/moderaterna.se\/orebro\/wp-json\/wp\/v2\/posts"}],"about":[{"href":"https:\/\/moderaterna.se\/orebro\/wp-json\/wp\/v2\/types\/post"}],"author":[{"embeddable":true,"href":"https:\/\/moderaterna.se\/orebro\/wp-json\/wp\/v2\/users\/20"}],"replies":[{"embeddable":true,"href":"https:\/\/moderaterna.se\/orebro\/wp-json\/wp\/v2\/comments?post=2137"}],"version-history":[{"count":1,"href":"https:\/\/moderaterna.se\/orebro\/wp-json\/wp\/v2\/posts\/2137\/revisions"}],"predecessor-version":[{"id":2138,"href":"https:\/\/moderaterna.se\/orebro\/wp-json\/wp\/v2\/posts\/2137\/revisions\/2138"}],"wp:attachment":[{"href":"https:\/\/moderaterna.se\/orebro\/wp-json\/wp\/v2\/media?parent=2137"}],"wp:term":[{"taxonomy":"category","embeddable":true,"href":"https:\/\/moderaterna.se\/orebro\/wp-json\/wp\/v2\/categories?post=2137"},{"taxonomy":"post_tag","embeddable":true,"href":"https:\/\/moderaterna.se\/orebro\/wp-json\/wp\/v2\/tags?post=2137"},{"taxonomy":"subject","embeddable":true,"href":"https:\/\/moderaterna.se\/orebro\/wp-json\/wp\/v2\/subject?post=2137"}],"curies":[{"name":"wp","href":"https:\/\/api.w.org\/{rel}","templated":true}]}}