{"id":1432,"date":"2022-01-27T14:23:25","date_gmt":"2022-01-27T13:23:25","guid":{"rendered":"https:\/\/moderaterna.se\/orebro\/?p=1432"},"modified":"2022-01-27T14:23:26","modified_gmt":"2022-01-27T13:23:26","slug":"kallelse-till-arsmote-for-moderata-ungdomsforbundet-orebro-stad","status":"publish","type":"post","link":"https:\/\/moderaterna.se\/orebro\/nyhet\/kallelse-till-arsmote-for-moderata-ungdomsforbundet-orebro-stad\/","title":{"rendered":"Kallelse till \u00e5rsm\u00f6te f\u00f6r Moderata Ungdomsf\u00f6rbundet \u00d6rebro Stad"},"content":{"rendered":"\n<p>H\u00e4rmed kallas samtliga medlemmar i f\u00f6reningen Moderata Ungdomsf\u00f6rbundet i \u00d6rebro Stad till 2022 \u00e5rs \u00e5rsm\u00f6te.<\/p>\n\n\n\n<p>Datum: 24 februari 2022<\/p>\n\n\n\n<p>Tid: kl. 17:00-20:00<\/p>\n\n\n\n<p>Plats: MUF-lokalen, J\u00e4rntorgsgatan 3, 703 61, \u00d6rebro<\/p>\n\n\n\n<p>\u00c5rsm\u00f6tet \u00e4r MUF \u00d6rebro Stads h\u00f6gsta beslutande organ och avg\u00f6r bland annat vad MUF \u00d6rebro Stad ska tycka i viktiga lokala politiska fr\u00e5gor samt vilka personer som ska leda f\u00f6reningen under det kommande verksamhets\u00e5ret. Ordinarie \u00e5rsm\u00f6te&nbsp; h\u00e5lls en g\u00e5ng per \u00e5r och det \u00e4r ett utm\u00e4rkt tillf\u00e4lle f\u00f6r medlemmar att p\u00e5verka den lokala politiken i praktiken, delta i debatter och tr\u00e4ffa andra medlemmar.<\/p>\n\n\n\n<p>Incheckning sker fr\u00e5n kl. 17:00, \u00e5rsm\u00f6tet startar d\u00e4rp\u00e5 kl. 17:30.<\/p>\n\n\n\n<p>Motioner<\/p>\n\n\n\n<p>F\u00f6rslag fr\u00e5n medlemmar p\u00e5 vilken politik f\u00f6reningen ska driva eller andra verksamhetsm\u00e4ssiga saker, ska skickas till Magnus St\u00e5lberg p\u00e5 magnus.stalberg01@hotmail.com senast den 13 februari 2022.<\/p>\n\n\n\n<p>Kandidatur<\/p>\n\n\n\n<p>Kandidaturer &amp; nomineringar skickas till valberedningens sammankallande Florencia Aroca L\u00f3pez p\u00e5 <a href=\"mailto:florenciaarocalopez@gmail.com\">florenciaarocalopez@gmail.com<\/a> senast den 13 februari 2022.<\/p>\n\n\n\n<p>Positioner att kandidera till:<\/p>\n\n\n\n<p>F\u00f6reningsordf\u00f6rande&nbsp;&nbsp;&nbsp;&nbsp;&nbsp;&nbsp;&nbsp;&nbsp;&nbsp;&nbsp;&nbsp;&nbsp;<\/p>\n\n\n\n<p>Vice f\u00f6reningsordf\u00f6rande&nbsp;&nbsp;&nbsp;&nbsp;&nbsp;&nbsp;&nbsp;&nbsp;&nbsp; &nbsp;&nbsp;&nbsp;&nbsp;&nbsp;&nbsp;&nbsp;&nbsp;&nbsp;&nbsp;&nbsp;&nbsp;&nbsp;&nbsp;&nbsp;<\/p>\n\n\n\n<p>Ledamot<\/p>\n\n\n\n<p>Handlingar<\/p>\n\n\n\n<p>Handlingar till \u00e5rsm\u00f6tet kommer l\u00e4ggas ut i interna grupper p\u00e5 m\u00e5ndag sanna vecka som \u00e5rsm\u00f6tet.<\/p>\n\n\n\n<p>F\u00f6rnya medlemskap<\/p>\n\n\n\n<p>F\u00f6r att erh\u00e5lla r\u00f6str\u00e4tt p\u00e5 \u00e5rsm\u00f6tet m\u00e5ste du ha f\u00f6rnyat ditt medlemskap inom rimlig tid. F\u00f6r dig som gick med efter 1 september 2021 g\u00e4ller medlemskapet 2022 \u00e5r ut.<\/p>\n\n\n\n<p>GDPR<\/p>\n\n\n\n<p>S\u00e5 h\u00e4r hanterar vi dina personuppgifter https:\/\/muf.se\/gdpr\/<\/p>\n\n\n\n<p>Kontaktuppgifter<\/p>\n\n\n\n<p>Har du n\u00e5gra funderingar g\u00e4llande \u00e5rsm\u00f6tet eller vill du engagera dig i MUF? Kontakta d\u00e5 v\u00e5r f\u00f6reningsordf\u00f6rande Magnus St\u00e5lberg p\u00e5 070-170 73 63 eller p\u00e5 magnus.stalberg01@hotmail.com.<\/p>\n\n\n\n<p>Frihetliga h\u00e4lsningar,<\/p>\n\n\n\n<p>MUF \u00d6rebro Stads styrelse<\/p>\n","protected":false},"excerpt":{"rendered":"<p>H\u00e4rmed kallas samtliga medlemmar i f\u00f6reningen Moderata Ungdomsf\u00f6rbundet i \u00d6rebro Stad till 2022 \u00e5rs \u00e5rsm\u00f6te. Datum: 24 februari 2022 Tid: kl. 17:00-20:00 Plats: MUF-lokalen, J\u00e4rntorgsgatan 3, 703 61, \u00d6rebro \u00c5rsm\u00f6tet \u00e4r MUF \u00d6rebro Stads h\u00f6gsta beslutande organ och avg\u00f6r bland annat vad MUF \u00d6rebro Stad ska tycka i viktiga lokala politiska fr\u00e5gor samt vilka personer [&hellip;]<\/p>\n","protected":false},"author":20,"featured_media":0,"comment_status":"closed","ping_status":"closed","sticky":false,"template":"","format":"standard","meta":{"_acf_changed":false,"_relevanssi_hide_post":"","_relevanssi_hide_content":"","_relevanssi_pin_for_all":"","_relevanssi_pin_keywords":"","_relevanssi_unpin_keywords":"","_relevanssi_related_keywords":"","_relevanssi_related_include_ids":"","_relevanssi_related_exclude_ids":"","_relevanssi_related_no_append":"","_relevanssi_related_not_related":"","_relevanssi_related_posts":"","_relevanssi_noindex_reason":"","footnotes":""},"categories":[1],"tags":[],"subject":[],"class_list":["post-1432","post","type-post","status-publish","format-standard","hentry","category-nyhet"],"acf":[],"publishpress_future_action":{"enabled":false,"date":"2026-05-09 09:50:30","action":"change-status","newStatus":"draft","terms":[],"taxonomy":"category"},"_links":{"self":[{"href":"https:\/\/moderaterna.se\/orebro\/wp-json\/wp\/v2\/posts\/1432","targetHints":{"allow":["GET"]}}],"collection":[{"href":"https:\/\/moderaterna.se\/orebro\/wp-json\/wp\/v2\/posts"}],"about":[{"href":"https:\/\/moderaterna.se\/orebro\/wp-json\/wp\/v2\/types\/post"}],"author":[{"embeddable":true,"href":"https:\/\/moderaterna.se\/orebro\/wp-json\/wp\/v2\/users\/20"}],"replies":[{"embeddable":true,"href":"https:\/\/moderaterna.se\/orebro\/wp-json\/wp\/v2\/comments?post=1432"}],"version-history":[{"count":3,"href":"https:\/\/moderaterna.se\/orebro\/wp-json\/wp\/v2\/posts\/1432\/revisions"}],"predecessor-version":[{"id":1436,"href":"https:\/\/moderaterna.se\/orebro\/wp-json\/wp\/v2\/posts\/1432\/revisions\/1436"}],"wp:attachment":[{"href":"https:\/\/moderaterna.se\/orebro\/wp-json\/wp\/v2\/media?parent=1432"}],"wp:term":[{"taxonomy":"category","embeddable":true,"href":"https:\/\/moderaterna.se\/orebro\/wp-json\/wp\/v2\/categories?post=1432"},{"taxonomy":"post_tag","embeddable":true,"href":"https:\/\/moderaterna.se\/orebro\/wp-json\/wp\/v2\/tags?post=1432"},{"taxonomy":"subject","embeddable":true,"href":"https:\/\/moderaterna.se\/orebro\/wp-json\/wp\/v2\/subject?post=1432"}],"curies":[{"name":"wp","href":"https:\/\/api.w.org\/{rel}","templated":true}]}}