{"id":1305,"date":"2024-05-08T12:36:24","date_gmt":"2024-05-08T10:36:24","guid":{"rendered":"https:\/\/moderaterna.se\/?post_type=subject-post&#038;p=8577"},"modified":"2025-12-23T08:19:37","modified_gmt":"2025-12-23T07:19:37","slug":"brott-och-straff","status":"publish","type":"subject-post","link":"https:\/\/moderaterna.se\/norrbotten\/var-politik\/brott-och-straff\/","title":{"rendered":"Brott och straff"},"content":{"rendered":"\n<h4 class=\"wp-block-heading\" id=\"h-det-behovs-nbsp-ett-paradigmskifte-nbsp-i-kriminalpolitiken-nbsp-for-att-nbsp-ateruppratta-tryggheten\">Det beh\u00f6vs&nbsp;ett paradigmskifte&nbsp;i kriminalpolitiken&nbsp;f\u00f6r att&nbsp;\u00e5teruppr\u00e4tta tryggheten<\/h4>\n\n\n\n<p>Sverige befinner sig i ett mycket allvarligt l\u00e4ge. Den grova organiserade brottsligheten hotar v\u00e5rt fria och \u00f6ppna samh\u00e4lle. Vi har skjutningar och spr\u00e4ngningar p\u00e5 helt oacceptabla niv\u00e5er.<\/p>\n\n\n\n<p>Regeringen har d\u00e4rf\u00f6r gjort det till en av sina viktigaste uppgifter att v\u00e4nda utvecklingen och \u00e5teruppr\u00e4tta tryggheten i Sverige. Planen ligger fast: Sl\u00e5 mot det grova v\u00e5ldet, strypa den kriminella ekonomin och bryta rekryteringen av barn och unga till g\u00e4ngen. Straffen i Sverige \u00e4r sedan l\u00e4nge&nbsp;or\u00e4ttvist&nbsp;l\u00e5ga och st\u00e5r inte i proportion till de brott som beg\u00e5s.&nbsp;Nu genomf\u00f6rs ett paradigmskifte inom kriminalpolitiken, d\u00e4r brottsoffret s\u00e4tts i centrum och straffen speglar brottets allvar.&nbsp;Straffen ska sk\u00e4rpas m\u00e4ngdrabatten avskaffas och m\u00f6jligheten till villkorlig frigivning begr\u00e4nsas.&nbsp;<\/p>\n\n\n\n<p>I Danmark och New York tog det ungef\u00e4r ett decennium att ta tillbaka kontrollen fr\u00e5n g\u00e4ngen. Moderaterna kommer inte att sl\u00e5 av p\u00e5 takten f\u00f6rr\u00e4n vi kommit hela v\u00e4gen fram.<\/p>\n\n\n\n<p>Vi arbetar vidare f\u00f6r att m\u00f6ta hotet mot v\u00e5r inre s\u00e4kerhet fr\u00e5n statliga akt\u00f6rer, terrorister och v\u00e5ldbejakande extremister. M\u00e4ns v\u00e5ld mot kvinnor, v\u00e5ld i n\u00e4ra relationer samt hedersrelaterat v\u00e5ld och f\u00f6rtryck \u00e4r ocks\u00e5 prioriterade brottstyper som kraftfullt beh\u00f6ver bek\u00e4mpas.<\/p>\n\n\n\n<p>Regeringen&nbsp;forts\u00e4tter att presentera skarpa lagf\u00f6rslag i h\u00f6g takt, utan att kompromissa med kvaliteten.&nbsp;Nya resurser, verktyg och arbetss\u00e4tt b\u00f6rjar ge effekt och fler allvarliga brott f\u00f6rhindras och klaras upp.<\/p>\n\n\n\n<p>En enskild \u00e5tg\u00e4rd kommer inte att vara tillr\u00e4cklig. F\u00f6r att lyckas beh\u00f6ver vi&nbsp;pr\u00f6va nya \u00e5tg\u00e4rder&nbsp;och genomf\u00f6ra viktiga perspektivskiften:<\/p>\n\n\n\n<p><strong>Moderaterna vill och arbetar f\u00f6r att:<\/strong><\/p>\n\n\n\n<ul class=\"wp-block-list\">\n<li>Fokus byts fr\u00e5n f\u00f6r\u00f6vare till brottsoffer och samh\u00e4llets behov av skydd<\/li>\n\n\n\n<li>Straffen&nbsp;ska&nbsp;spegla brottens allvar och framst\u00e5 som rimliga och r\u00e4ttvis<\/li>\n\n\n\n<li>Bygga en&nbsp;effektivare brottsbek\u00e4mpning som har mer resurser och b\u00e4ttre verktyg, samtidigt som vi v\u00e4rnar r\u00e4ttss\u00e4kerheten<\/li>\n\n\n\n<li>\u00d6ka tryggheten bl.a. genom att fler brott utreds och klaras upp<\/li>\n\n\n\n<li>Lika mycket satsningar g\u00f6rs p\u00e5 att f\u00f6rebygga som att bek\u00e4mpa brott<\/li>\n<\/ul>\n\n\n\n<p>L\u00e4s mer om v\u00e5r politik och vad regeringen g\u00f6r just nu p\u00e5 omr\u00e5det genom att klicka&nbsp;<a href=\"https:\/\/www.regeringen.se\/sveriges-regering\/justitiedepartementet\/gunnar-strommer\">h\u00e4r<\/a>&nbsp;och&nbsp;<a href=\"https:\/\/www.regeringen.se\/tal\/2023\/06\/justitieminister-gunnar-strommers-anforande-vid-jarvaveckan-2023\">h\u00e4r<\/a><\/p>\n","protected":false},"featured_media":0,"template":"","tags":[82],"class_list":["post-1305","subject-post","type-subject-post","status-publish","hentry","tag-importerad"],"acf":[],"_links":{"self":[{"href":"https:\/\/moderaterna.se\/norrbotten\/wp-json\/wp\/v2\/subject-post\/1305","targetHints":{"allow":["GET"]}}],"collection":[{"href":"https:\/\/moderaterna.se\/norrbotten\/wp-json\/wp\/v2\/subject-post"}],"about":[{"href":"https:\/\/moderaterna.se\/norrbotten\/wp-json\/wp\/v2\/types\/subject-post"}],"wp:attachment":[{"href":"https:\/\/moderaterna.se\/norrbotten\/wp-json\/wp\/v2\/media?parent=1305"}],"wp:term":[{"taxonomy":"post_tag","embeddable":true,"href":"https:\/\/moderaterna.se\/norrbotten\/wp-json\/wp\/v2\/tags?post=1305"}],"curies":[{"name":"wp","href":"https:\/\/api.w.org\/{rel}","templated":true}]}}