{"id":839,"date":"2021-09-30T17:00:32","date_gmt":"2021-09-30T15:00:32","guid":{"rendered":"https:\/\/moderaterna.se\/moderatkvinnorna\/?p=839"},"modified":"2022-01-24T21:23:23","modified_gmt":"2022-01-24T20:23:23","slug":"nominera-till-jamstalldhetspriset-2021","status":"publish","type":"post","link":"https:\/\/moderaterna.se\/moderatkvinnorna\/nyhet\/nominera-till-jamstalldhetspriset-2021\/","title":{"rendered":"Nominera till j\u00e4mst\u00e4lldhetspriset 2021"},"content":{"rendered":"\n<p><strong>Moderatkvinnorna instiftar nytt pris f\u00f6r att uppm\u00e4rksamma insatser f\u00f6r j\u00e4mst\u00e4lldheten inom Moderaterna<\/strong><\/p>\n\n\n\n<p>K\u00e4nner du n\u00e5gon som i partiet eller i sitt politiska uppdrag gjort n\u00e5got bra f\u00f6r j\u00e4mst\u00e4lldheten?<\/p>\n\n\n\n<p>Nominera den personen eller gruppen personer till Moderatkvinnornas nyinstiftade j\u00e4mst\u00e4lldhetspris, som delas ut p\u00e5 Moderaternas arbetst\u00e4mma i oktober. De nominerade ska ha uppfyllt n\u00e5got eller n\u00e5gra av f\u00f6ljande kriterier:<\/p>\n\n\n\n<ul class=\"wp-block-list\"><li>Arbetat strategiskt och m\u00e5linriktat med j\u00e4mst\u00e4lldhet.<\/li><li>Tagit fram arbetss\u00e4tt som fr\u00e4mjar och st\u00e4rker j\u00e4mst\u00e4lldheten.<\/li><li>Varit en f\u00f6rebild f\u00f6r andra i sitt j\u00e4mst\u00e4lldhetsarbete.<\/li><li>\u00d6kat kunskapen och medvetenheten om vikten av j\u00e4mst\u00e4lld representation och dess positiva effekter.<\/li><li>Bidragit till att st\u00e4rka och uppmuntra politiska f\u00f6retr\u00e4dare som kvinnor i partiet.<\/li><li>Genomf\u00f6rt politiska f\u00f6rslag som bidragit till att \u00f6ka j\u00e4mst\u00e4lldheten i samh\u00e4llet.<\/li><\/ul>\n\n\n\n<p>Nomineringar skickas till&nbsp;<a href=\"mailto:moderatkvinnorna@moderaterna.se\">moderatkvinnorna@moderaterna.se<\/a>&nbsp;senast den 10 oktober och ska inneh\u00e5lla den nominerades namn, kontaktuppgifter och en motivering (max 3000 tecken).<\/p>\n\n\n\n<p>Vi ser fram emot din nominering!<\/p>\n","protected":false},"excerpt":{"rendered":"<p>Moderatkvinnorna instiftar nytt pris f\u00f6r att uppm\u00e4rksamma insatser f\u00f6r j\u00e4mst\u00e4lldheten inom Moderaterna K\u00e4nner du n\u00e5gon som i partiet eller i sitt politiska uppdrag gjort n\u00e5got bra f\u00f6r j\u00e4mst\u00e4lldheten? Nominera den personen eller gruppen personer till Moderatkvinnornas nyinstiftade j\u00e4mst\u00e4lldhetspris, som delas ut p\u00e5 Moderaternas arbetst\u00e4mma i oktober. De nominerade ska ha uppfyllt n\u00e5got eller n\u00e5gra av [&hellip;]<\/p>\n","protected":false},"author":9,"featured_media":0,"comment_status":"closed","ping_status":"closed","sticky":false,"template":"","format":"standard","meta":{"_acf_changed":false,"_relevanssi_hide_post":"","_relevanssi_hide_content":"","_relevanssi_pin_for_all":"","_relevanssi_pin_keywords":"","_relevanssi_unpin_keywords":"","_relevanssi_related_keywords":"","_relevanssi_related_include_ids":"","_relevanssi_related_exclude_ids":"","_relevanssi_related_no_append":"","_relevanssi_related_not_related":"","_relevanssi_related_posts":"833","_relevanssi_noindex_reason":"","footnotes":""},"categories":[1],"tags":[],"subject":[],"class_list":["post-839","post","type-post","status-publish","format-standard","hentry","category-nyhet"],"acf":[],"publishpress_future_action":{"enabled":false,"date":"2026-05-07 18:18:22","action":"change-status","newStatus":"draft","terms":[],"taxonomy":"category"},"_links":{"self":[{"href":"https:\/\/moderaterna.se\/moderatkvinnorna\/wp-json\/wp\/v2\/posts\/839","targetHints":{"allow":["GET"]}}],"collection":[{"href":"https:\/\/moderaterna.se\/moderatkvinnorna\/wp-json\/wp\/v2\/posts"}],"about":[{"href":"https:\/\/moderaterna.se\/moderatkvinnorna\/wp-json\/wp\/v2\/types\/post"}],"author":[{"embeddable":true,"href":"https:\/\/moderaterna.se\/moderatkvinnorna\/wp-json\/wp\/v2\/users\/9"}],"replies":[{"embeddable":true,"href":"https:\/\/moderaterna.se\/moderatkvinnorna\/wp-json\/wp\/v2\/comments?post=839"}],"version-history":[{"count":2,"href":"https:\/\/moderaterna.se\/moderatkvinnorna\/wp-json\/wp\/v2\/posts\/839\/revisions"}],"predecessor-version":[{"id":842,"href":"https:\/\/moderaterna.se\/moderatkvinnorna\/wp-json\/wp\/v2\/posts\/839\/revisions\/842"}],"wp:attachment":[{"href":"https:\/\/moderaterna.se\/moderatkvinnorna\/wp-json\/wp\/v2\/media?parent=839"}],"wp:term":[{"taxonomy":"category","embeddable":true,"href":"https:\/\/moderaterna.se\/moderatkvinnorna\/wp-json\/wp\/v2\/categories?post=839"},{"taxonomy":"post_tag","embeddable":true,"href":"https:\/\/moderaterna.se\/moderatkvinnorna\/wp-json\/wp\/v2\/tags?post=839"},{"taxonomy":"subject","embeddable":true,"href":"https:\/\/moderaterna.se\/moderatkvinnorna\/wp-json\/wp\/v2\/subject?post=839"}],"curies":[{"name":"wp","href":"https:\/\/api.w.org\/{rel}","templated":true}]}}