{"id":2032,"date":"2024-01-22T18:05:29","date_gmt":"2024-01-22T17:05:29","guid":{"rendered":"https:\/\/moderaterna.se\/moderatkvinnorna\/?p=2032"},"modified":"2024-01-22T18:05:29","modified_gmt":"2024-01-22T17:05:29","slug":"ansok-till-moderatkvinnornas-mentorskapsprogram-2024","status":"publish","type":"post","link":"https:\/\/moderaterna.se\/moderatkvinnorna\/nyhet\/ansok-till-moderatkvinnornas-mentorskapsprogram-2024\/","title":{"rendered":"Ans\u00f6k till Moderatkvinnornas mentorskapsprogram 2024!"},"content":{"rendered":"\n<p><strong>Mentorskap kan spela en avg\u00f6rande roll f\u00f6r att s\u00e4kra kunskap, kompetens och erfarenhet inom en organisation. Snart startar den sj\u00e4tte omg\u00e5ngen av Moderatkvinnornas mentorskapsprogram f\u00f6r ledande kvinnor.<\/strong> <strong>Mentorskapsprogrammet p\u00e5g\u00e5r under ett \u00e5r och \u00e4r en del i Moderatkvinnornas arbete med att utbilda kvinnor i att spr\u00e4cka glastak.<\/strong><\/p>\n\n\n\n<h2 class=\"wp-block-heading\" id=\"h-dags-att-ansoka\">Dags att ans\u00f6ka!<\/h2>\n\n\n\n<p>Ta chansen! Detta mentorskapsprogram har mycket seri\u00f6sa, erfarna och politiskt breda mentorer. En mentor kan betyda mycket som ett bollplank och en drivkraft att forts\u00e4tta utveckla sin politiska f\u00f6rm\u00e5ga och hj\u00e4lpa en att v\u00e5ga ta ytterligare ett steg fram\u00e5t. Nominera en kvinna i ert f\u00f6rbund som ni tror p\u00e5 och vill satsa p\u00e5.<\/p>\n\n\n\n<p><strong>Vem kan s\u00f6ka?<\/strong><br>Vi s\u00f6ker adepter som \u00e4r kvinnor och moderata f\u00f6retr\u00e4dare i hela Sverige. Den s\u00f6kande adepten \u00e4r f\u00f6rtroendevald eller jobbar f\u00f6r den moderata r\u00f6relsen med internationell, nationell, regional eller kommunal politik. Hon kan vara en politikutvecklare, kommunikat\u00f6r, organisat\u00f6r eller n\u00e5got annat utm\u00e4rkande. Den s\u00f6kande adepten b\u00f6r ha genomg\u00e5tt Aktion MKF tidigare och\/eller b\u00f6r vara en relativt erfaren moderat politiker.<\/p>\n\n\n\n<p><strong>Vilka \u00e4r mentorerna?<\/strong><br>Mentorerna \u00e4r kvinnor med erfarenheter, kunskap och kompetenser fr\u00e5n toppositioner i den moderata ledningen och \u00e4r eller har varit f\u00f6rtroendevalda p\u00e5 internationell, nationell, regional och lokal niv\u00e5. Ut\u00f6ver detta har vi \u00e4ven mentorer som \u00e4r eller har varit tj\u00e4nstem\u00e4n\/anst\u00e4llda i partiet.<\/p>\n\n\n\n<p><strong>Kostnad<\/strong><br>B\u00e5de uppstartsm\u00f6tet och det avslutande m\u00f6tet sker i Stockholm p\u00e5 en eftermiddag\/kv\u00e4ll. Moderatkvinnorna st\u00e5r enbart f\u00f6r kostnaderna i samband med dessa tv\u00e5 gemensamma m\u00f6ten.<\/p>\n\n\n\n<p><strong>Tidplan och ans\u00f6kan<\/strong><br>Ans\u00f6kan eller nominering ska inneh\u00e5lla en motivering till Moderatkvinnorna om varf\u00f6r just du valt att ans\u00f6ka alternativt varf\u00f6r ni valt att f\u00f6resl\u00e5 just denna kvinna, vilka typer av uppdrag hon har eller har haft och vilka som \u00e4r de kommande utmaningarna. Som enskild medlem har du m\u00f6jlighet att sj\u00e4lv skicka in en ans\u00f6kan. F\u00f6rbundsstyrelsen, i samr\u00e5d med l\u00e4nskvinnoordf\u00f6randen, eller l\u00e4nskvinnoordf\u00f6rande sj\u00e4lva har m\u00f6jlighet att nominera. Ans\u00f6kan eller nominering fr\u00e5n f\u00f6rbundet ska vara Moderatkvinnorna tillhanda senast den\u00a0<strong>16 februari 2024<\/strong>\u00a0och skickas till:\u00a0<a href=\"mailto:moderatkvinnorna@moderaterna.se\">moderatkvinnorna@moderaterna.se<\/a>. Antalet platser \u00e4r begr\u00e4nsat. <\/p>\n\n\n\n<p>Mentorskapsprogrammet planeras starta upp <strong>8 mars 2024<\/strong>\u00a0med en gemensam uppstartstr\u00e4ff i Stockholm. P\u00e5 denna tr\u00e4ff informeras det om uppl\u00e4gget, man f\u00e5r tr\u00e4ffa samtliga deltagare och adepterna f\u00e5r tr\u00e4ffa sina mentorer. I samband med uppstarten kommer \u00e4ven en alumnitr\u00e4ff f\u00f6r Aktion MKF \u00e4ga rum &#8211; mer info kommer. <\/p>\n","protected":false},"excerpt":{"rendered":"<p>Mentorskap kan spela en avg\u00f6rande roll f\u00f6r att s\u00e4kra kunskap, kompetens och erfarenhet inom en organisation. Snart startar den sj\u00e4tte omg\u00e5ngen av Moderatkvinnornas mentorskapsprogram f\u00f6r ledande kvinnor. Mentorskapsprogrammet p\u00e5g\u00e5r under ett \u00e5r och \u00e4r en del i Moderatkvinnornas arbete med att utbilda kvinnor i att spr\u00e4cka glastak. Dags att ans\u00f6ka! Ta chansen! Detta mentorskapsprogram har [&hellip;]<\/p>\n","protected":false},"author":75,"featured_media":0,"comment_status":"closed","ping_status":"closed","sticky":false,"template":"","format":"standard","meta":{"_acf_changed":false,"_relevanssi_hide_post":"","_relevanssi_hide_content":"","_relevanssi_pin_for_all":"","_relevanssi_pin_keywords":"","_relevanssi_unpin_keywords":"","_relevanssi_related_keywords":"","_relevanssi_related_include_ids":"","_relevanssi_related_exclude_ids":"","_relevanssi_related_no_append":"","_relevanssi_related_not_related":"","_relevanssi_related_posts":"915,1431,1939,913,1959,929","_relevanssi_noindex_reason":"","footnotes":""},"categories":[1],"tags":[],"subject":[],"class_list":["post-2032","post","type-post","status-publish","format-standard","hentry","category-nyhet"],"acf":[],"publishpress_future_action":{"enabled":false,"date":"2026-05-08 07:41:23","action":"change-status","newStatus":"draft","terms":[],"taxonomy":"category"},"_links":{"self":[{"href":"https:\/\/moderaterna.se\/moderatkvinnorna\/wp-json\/wp\/v2\/posts\/2032","targetHints":{"allow":["GET"]}}],"collection":[{"href":"https:\/\/moderaterna.se\/moderatkvinnorna\/wp-json\/wp\/v2\/posts"}],"about":[{"href":"https:\/\/moderaterna.se\/moderatkvinnorna\/wp-json\/wp\/v2\/types\/post"}],"author":[{"embeddable":true,"href":"https:\/\/moderaterna.se\/moderatkvinnorna\/wp-json\/wp\/v2\/users\/75"}],"replies":[{"embeddable":true,"href":"https:\/\/moderaterna.se\/moderatkvinnorna\/wp-json\/wp\/v2\/comments?post=2032"}],"version-history":[{"count":3,"href":"https:\/\/moderaterna.se\/moderatkvinnorna\/wp-json\/wp\/v2\/posts\/2032\/revisions"}],"predecessor-version":[{"id":2038,"href":"https:\/\/moderaterna.se\/moderatkvinnorna\/wp-json\/wp\/v2\/posts\/2032\/revisions\/2038"}],"wp:attachment":[{"href":"https:\/\/moderaterna.se\/moderatkvinnorna\/wp-json\/wp\/v2\/media?parent=2032"}],"wp:term":[{"taxonomy":"category","embeddable":true,"href":"https:\/\/moderaterna.se\/moderatkvinnorna\/wp-json\/wp\/v2\/categories?post=2032"},{"taxonomy":"post_tag","embeddable":true,"href":"https:\/\/moderaterna.se\/moderatkvinnorna\/wp-json\/wp\/v2\/tags?post=2032"},{"taxonomy":"subject","embeddable":true,"href":"https:\/\/moderaterna.se\/moderatkvinnorna\/wp-json\/wp\/v2\/subject?post=2032"}],"curies":[{"name":"wp","href":"https:\/\/api.w.org\/{rel}","templated":true}]}}