{"id":1974,"date":"2023-03-28T09:57:02","date_gmt":"2023-03-28T07:57:02","guid":{"rendered":"https:\/\/moderaterna.se\/moderatkvinnorna\/?p=1974"},"modified":"2023-04-21T13:16:06","modified_gmt":"2023-04-21T11:16:06","slug":"sa-blir-moderaterna-sveriges-mest-jamstallda-parti","status":"publish","type":"post","link":"https:\/\/moderaterna.se\/moderatkvinnorna\/nyhet\/sa-blir-moderaterna-sveriges-mest-jamstallda-parti\/","title":{"rendered":"S\u00e5 blir Moderaterna Sveriges mest j\u00e4mst\u00e4llda parti"},"content":{"rendered":"\n<p><strong>Moderaterna vill bli Sveriges st\u00f6rsta parti, men ocks\u00e5 ett statsb\u00e4rande parti. Detta med utg\u00e5ngspunkt i \u00f6vertygelsen att vi har de mest relevanta l\u00f6sningarna p\u00e5 dagens och framtidens samh\u00e4llsproblem.<\/strong><\/p>\n\n\n\n<p>D\u00e4rf\u00f6r blir fr\u00e5gan om representation fr\u00e5n hela landet och alla delar av landet central. V\u00e5ra f\u00f6retr\u00e4dare spelar<br>en viktig roll f\u00f6r vilka som har f\u00f6rtroende f\u00f6r oss som parti och d\u00e4rmed vill l\u00e4gga sin r\u00f6st p\u00e5 oss. <\/p>\n\n\n\n<p>V\u00e5r genomg\u00e5ng visar att det finns ett k\u00f6nsgap i Moderaterna. Gapet \u00e4r genomg\u00e5ende: i v\u00e4ljarst\u00f6d, medlemmar och bland v\u00e5ra f\u00f6rtroendevalda. F\u00f6r ett parti som Moderaterna, som har ambitionen att vara Sveriges starkaste r\u00f6st f\u00f6r frihet och j\u00e4mst\u00e4lldhet, \u00e4r det ett trov\u00e4rdighetsproblem.<\/p>\n\n\n\n<p>Vid Sverigem\u00f6tet 2023 lanserade d\u00e4rf\u00f6r Moderatkvinnorna &#8221;S\u00e5 blir Moderaterna Sveriges mest j\u00e4mst\u00e4llda parti&#8221;. Rapporten utg\u00e5r fr\u00e5n dagsl\u00e4get men tar sikte p\u00e5 framtiden och syftar till att Moderaterna ska bli fler kvinnor &#8211; som v\u00e4ljare, medlemmar och f\u00f6rtroendevalda. <\/p>\n\n\n\n<div class=\"wp-block-buttons is-layout-flex wp-block-buttons-is-layout-flex\">\n<div class=\"wp-block-button\"><a class=\"wp-block-button__link\" href=\"https:\/\/moderaterna.se\/app\/uploads\/sites\/25\/2023\/04\/Rapport-DIGITAL.pdf\" target=\"_blank\" rel=\"noreferrer noopener\">L\u00e4s rapporten h\u00e4r<\/a><\/div>\n<\/div>\n","protected":false},"excerpt":{"rendered":"<p>Moderaterna vill bli Sveriges st\u00f6rsta parti, men ocks\u00e5 ett statsb\u00e4rande parti. Detta med utg\u00e5ngspunkt i \u00f6vertygelsen att vi har de mest relevanta l\u00f6sningarna p\u00e5 dagens och framtidens samh\u00e4llsproblem. D\u00e4rf\u00f6r blir fr\u00e5gan om representation fr\u00e5n hela landet och alla delar av landet central. V\u00e5ra f\u00f6retr\u00e4dare spelaren viktig roll f\u00f6r vilka som har f\u00f6rtroende f\u00f6r oss som [&hellip;]<\/p>\n","protected":false},"author":75,"featured_media":0,"comment_status":"closed","ping_status":"closed","sticky":false,"template":"","format":"standard","meta":{"_acf_changed":false,"_relevanssi_hide_post":"","_relevanssi_hide_content":"","_relevanssi_pin_for_all":"","_relevanssi_pin_keywords":"","_relevanssi_unpin_keywords":"","_relevanssi_related_keywords":"","_relevanssi_related_include_ids":"","_relevanssi_related_exclude_ids":"","_relevanssi_related_no_append":"","_relevanssi_related_not_related":"","_relevanssi_related_posts":"","_relevanssi_noindex_reason":"","footnotes":""},"categories":[1],"tags":[],"subject":[],"class_list":["post-1974","post","type-post","status-publish","format-standard","hentry","category-nyhet"],"acf":[],"publishpress_future_action":{"enabled":false,"date":"2026-05-07 03:44:01","action":"change-status","newStatus":"draft","terms":[],"taxonomy":"category"},"_links":{"self":[{"href":"https:\/\/moderaterna.se\/moderatkvinnorna\/wp-json\/wp\/v2\/posts\/1974","targetHints":{"allow":["GET"]}}],"collection":[{"href":"https:\/\/moderaterna.se\/moderatkvinnorna\/wp-json\/wp\/v2\/posts"}],"about":[{"href":"https:\/\/moderaterna.se\/moderatkvinnorna\/wp-json\/wp\/v2\/types\/post"}],"author":[{"embeddable":true,"href":"https:\/\/moderaterna.se\/moderatkvinnorna\/wp-json\/wp\/v2\/users\/75"}],"replies":[{"embeddable":true,"href":"https:\/\/moderaterna.se\/moderatkvinnorna\/wp-json\/wp\/v2\/comments?post=1974"}],"version-history":[{"count":5,"href":"https:\/\/moderaterna.se\/moderatkvinnorna\/wp-json\/wp\/v2\/posts\/1974\/revisions"}],"predecessor-version":[{"id":1986,"href":"https:\/\/moderaterna.se\/moderatkvinnorna\/wp-json\/wp\/v2\/posts\/1974\/revisions\/1986"}],"wp:attachment":[{"href":"https:\/\/moderaterna.se\/moderatkvinnorna\/wp-json\/wp\/v2\/media?parent=1974"}],"wp:term":[{"taxonomy":"category","embeddable":true,"href":"https:\/\/moderaterna.se\/moderatkvinnorna\/wp-json\/wp\/v2\/categories?post=1974"},{"taxonomy":"post_tag","embeddable":true,"href":"https:\/\/moderaterna.se\/moderatkvinnorna\/wp-json\/wp\/v2\/tags?post=1974"},{"taxonomy":"subject","embeddable":true,"href":"https:\/\/moderaterna.se\/moderatkvinnorna\/wp-json\/wp\/v2\/subject?post=1974"}],"curies":[{"name":"wp","href":"https:\/\/api.w.org\/{rel}","templated":true}]}}