{"id":1959,"date":"2023-03-23T09:59:27","date_gmt":"2023-03-23T08:59:27","guid":{"rendered":"https:\/\/moderaterna.se\/moderatkvinnorna\/?p=1959"},"modified":"2023-03-23T10:53:53","modified_gmt":"2023-03-23T09:53:53","slug":"stadgegrupp-inom-moderaterna-vill-peta-kvinnoforbundet","status":"publish","type":"post","link":"https:\/\/moderaterna.se\/moderatkvinnorna\/nyhet\/stadgegrupp-inom-moderaterna-vill-peta-kvinnoforbundet\/","title":{"rendered":"Stadgegrupp inom Moderaterna vill peta kvinnof\u00f6rbundet"},"content":{"rendered":"\n<p id=\"h-moderaternas-stadgegrupp-foreslar-att-moderatkvinnorna-ska-strykas-fran-valberedningar-som-ombud-till-stammor-och-fran-arbetsutskott-pa-alla-nivaer-inom-moderaterna-forslaget-ar-tankt-att-antas-pa-moderaternas-partistamma-hosten-2023-moderatkvinnorna-motsatter-sig-stadgegruppens-forslag\"><strong>Moderaternas stadgegrupp f\u00f6resl\u00e5r att Moderatkvinnorna ska strykas fr\u00e5n valberedningar, som ombud till st\u00e4mmor och fr\u00e5n arbetsutskott p\u00e5 alla niv\u00e5er inom Moderaterna. F\u00f6rslaget \u00e4r t\u00e4nkt att antas p\u00e5 Moderaternas partist\u00e4mma h\u00f6sten 2023. Moderatkvinnorna mots\u00e4tter sig stadgegruppens f\u00f6rslag. <\/strong><\/p>\n\n\n\n<p>\u2013 I ett l\u00e4ge n\u00e4r Moderaterna tappat kvinnor som v\u00e4ljare i tre val i rad och andelen kvinnor i medlemsk\u00e5ren forts\u00e4tter minska, v\u00e4ljer stadgegruppen att peta kvinnof\u00f6rbundet fr\u00e5n alla niv\u00e5er i partiet. Det \u00e4r tond\u00f6vt, s\u00e4ger Josefin Malmqvist, ordf\u00f6rande Moderatkvinnorna.<\/p>\n\n\n\n<p>Moderaterna tappade mark i valet 2022 och minskade till tredje st\u00f6rsta parti. V\u00e4ljarst\u00f6det bland m\u00e4n l\u00e5g kvar p\u00e5 21 procent, medan i stort sett hela Moderaternas tapp utg\u00f6rs av kvinnor: fr\u00e5n 19 till 17 procent. Dessutom har andelen kvinnor i medlemsk\u00e5ren fortsatt minska flera \u00e5r i rad.<\/p>\n\n\n\n<p> \u2013 Det \u00e4r ett strategiskt problem f\u00f6r Moderaterna att andelen kvinnor forts\u00e4tter minska. Nu borde fokus i hela partiet ligga p\u00e5 hur vi kan vinna f\u00f6rtroende f\u00f6r v\u00e5ra id\u00e9er bland b\u00e5de kvinnor och m\u00e4n \u2013 inte p\u00e5 internt maktspel, s\u00e4ger Josefin Malmqvist.<\/p>\n\n\n\n<p>Moderatkvinnorna och Moderata Ungdomsf\u00f6rbundet har i nuvarande stadga en st\u00f6rre representation \u00e4n \u00f6vriga sidoorganisationer\/f\u00f6rbund inom Moderaterna. I f\u00f6rslaget till nya stadgar beh\u00e5ller MUF sin representation, men Moderatkvinnorna f\u00f6resl\u00e5s ensidigt tappa poster.<br><br> \u2013 Det ligger knappast i partiets intresse att begr\u00e4nsa arbetet f\u00f6r j\u00e4mst\u00e4lldhet och Moderatkvinnornas inflytande i partiet, n\u00e4r fler kvinnor beh\u00f6vs som v\u00e4ljare, medlemmar och f\u00f6rtroendevalda f\u00f6r att Moderaterna ska vara statsb\u00e4rande, s\u00e4ger Josefin Malmqvist.<\/p>\n\n\n\n<p><\/p>\n\n\n\n<p><strong>Bakgrund<\/strong><\/p>\n\n\n\n<ul class=\"wp-block-list\"><li>F\u00f6rslaget p\u00e5 f\u00f6r\u00e4ndringar av Moderaternas stadga \u00e4r just nu ute p\u00e5 remiss. Remisstiden\u00a0l\u00f6per\u00a0till och med den 30 april 2023.\u00a0<\/li><li>De nya stadgarna \u00e4r t\u00e4nkta att antas vid Moderaternas partist\u00e4mma h\u00f6sten 2023.\u00a0<\/li><li>Andelen kvinnor som \u00e4r medlemmar i Moderaterna (inklusive MUF):<ul><li>\u00c5r 2022: 34%<\/li><\/ul><ul><li>\u00c5r 2019: 37%<\/li><\/ul><\/li><\/ul>\n\n\n\n<div class=\"wp-block-buttons is-layout-flex wp-block-buttons-is-layout-flex\">\n<div class=\"wp-block-button\"><a class=\"wp-block-button__link\" href=\"https:\/\/moderaterna.se\/app\/uploads\/sites\/25\/2023\/03\/2023-02-06-MKs-synpunkter-pa-stadgegruppens-slutgiltiga-forslag.pdf\" target=\"_blank\" rel=\"noreferrer noopener\">Sammanst\u00e4llning av stadgegruppens f\u00f6rslag till f\u00f6rs\u00e4mringar f\u00f6r Moderatkvinnorna<\/a><\/div>\n<\/div>\n","protected":false},"excerpt":{"rendered":"<p>Moderaternas stadgegrupp f\u00f6resl\u00e5r att Moderatkvinnorna ska strykas fr\u00e5n valberedningar, som ombud till st\u00e4mmor och fr\u00e5n arbetsutskott p\u00e5 alla niv\u00e5er inom Moderaterna. F\u00f6rslaget \u00e4r t\u00e4nkt att antas p\u00e5 Moderaternas partist\u00e4mma h\u00f6sten 2023. Moderatkvinnorna mots\u00e4tter sig stadgegruppens f\u00f6rslag. \u2013 I ett l\u00e4ge n\u00e4r Moderaterna tappat kvinnor som v\u00e4ljare i tre val i rad och andelen kvinnor i [&hellip;]<\/p>\n","protected":false},"author":75,"featured_media":0,"comment_status":"closed","ping_status":"closed","sticky":false,"template":"","format":"standard","meta":{"_acf_changed":false,"_relevanssi_hide_post":"","_relevanssi_hide_content":"","_relevanssi_pin_for_all":"","_relevanssi_pin_keywords":"","_relevanssi_unpin_keywords":"","_relevanssi_related_keywords":"","_relevanssi_related_include_ids":"","_relevanssi_related_exclude_ids":"","_relevanssi_related_no_append":"","_relevanssi_related_not_related":"","_relevanssi_related_posts":"","_relevanssi_noindex_reason":"","footnotes":""},"categories":[1],"tags":[],"subject":[],"class_list":["post-1959","post","type-post","status-publish","format-standard","hentry","category-nyhet"],"acf":[],"publishpress_future_action":{"enabled":false,"date":"2026-05-08 05:50:14","action":"change-status","newStatus":"draft","terms":[],"taxonomy":"category"},"_links":{"self":[{"href":"https:\/\/moderaterna.se\/moderatkvinnorna\/wp-json\/wp\/v2\/posts\/1959","targetHints":{"allow":["GET"]}}],"collection":[{"href":"https:\/\/moderaterna.se\/moderatkvinnorna\/wp-json\/wp\/v2\/posts"}],"about":[{"href":"https:\/\/moderaterna.se\/moderatkvinnorna\/wp-json\/wp\/v2\/types\/post"}],"author":[{"embeddable":true,"href":"https:\/\/moderaterna.se\/moderatkvinnorna\/wp-json\/wp\/v2\/users\/75"}],"replies":[{"embeddable":true,"href":"https:\/\/moderaterna.se\/moderatkvinnorna\/wp-json\/wp\/v2\/comments?post=1959"}],"version-history":[{"count":6,"href":"https:\/\/moderaterna.se\/moderatkvinnorna\/wp-json\/wp\/v2\/posts\/1959\/revisions"}],"predecessor-version":[{"id":1971,"href":"https:\/\/moderaterna.se\/moderatkvinnorna\/wp-json\/wp\/v2\/posts\/1959\/revisions\/1971"}],"wp:attachment":[{"href":"https:\/\/moderaterna.se\/moderatkvinnorna\/wp-json\/wp\/v2\/media?parent=1959"}],"wp:term":[{"taxonomy":"category","embeddable":true,"href":"https:\/\/moderaterna.se\/moderatkvinnorna\/wp-json\/wp\/v2\/categories?post=1959"},{"taxonomy":"post_tag","embeddable":true,"href":"https:\/\/moderaterna.se\/moderatkvinnorna\/wp-json\/wp\/v2\/tags?post=1959"},{"taxonomy":"subject","embeddable":true,"href":"https:\/\/moderaterna.se\/moderatkvinnorna\/wp-json\/wp\/v2\/subject?post=1959"}],"curies":[{"name":"wp","href":"https:\/\/api.w.org\/{rel}","templated":true}]}}