{"id":1494,"date":"2022-08-12T14:19:27","date_gmt":"2022-08-12T12:19:27","guid":{"rendered":"https:\/\/moderaterna.se\/moderatkvinnorna\/?p=1494"},"modified":"2022-08-31T15:26:56","modified_gmt":"2022-08-31T13:26:56","slug":"ett-tryggare-sverige-for-alla","status":"publish","type":"post","link":"https:\/\/moderaterna.se\/moderatkvinnorna\/artikel\/ett-tryggare-sverige-for-alla\/","title":{"rendered":"Ett tryggare Sverige f\u00f6r alla"},"content":{"rendered":"\n<p>I Moderaternas Sverige ska kvinnors frihet inte begr\u00e4nsas av otrygghet. V\u00e5ldet beh\u00f6ver f\u00f6rebyggas, men det \u00e4r ocks\u00e5 h\u00f6g tid att sk\u00e4rpa straffen och s\u00e4kerst\u00e4lla att fler brottsoffer f\u00e5r uppr\u00e4ttelse. Samh\u00e4llet beh\u00f6ver g\u00e5 fr\u00e5n ord till handling och visa att vi menar allvar med att m\u00e4ns v\u00e5ld mot kvinnor inte tolereras. <\/p>\n\n\n\n<p class=\"has-medium-font-size\"><\/p>\n\n\n\n<h2 class=\"wp-block-heading\" id=\"h-trygghet-i-det-offentliga-rummet\">Trygghet i det offentliga rummet<\/h2>\n\n\n\n<p>Fler \u00e4n var tredje kvinna uppger att hon \u00e4r r\u00e4dd f\u00f6r att vistas ute i sitt eget bostadsomr\u00e5de sent p\u00e5 kv\u00e4llen och omkring 40 procent av unga kvinnor uppger att hon v\u00e4ljer en annan f\u00e4rdv\u00e4g eller ett annat f\u00e4rds\u00e4tt p\u00e5 grund av<br>oro f\u00f6r att uts\u00e4ttas f\u00f6r brott. Sveriges kvinnor beh\u00f6ver en r\u00f6st som st\u00e5r upp f\u00f6r deras r\u00e4tt att r\u00f6ra sig fritt p\u00e5 kv\u00e4llen utan r\u00e4dsla f\u00f6r att uts\u00e4ttas f\u00f6r de gr\u00f6vsta av brott.<\/p>\n\n\n\n<p><\/p>\n\n\n\n<h3 class=\"wp-block-heading\" id=\"h-moderatkvinnorna-vill\">Moderatkvinnorna vill:<\/h3>\n\n\n\n<ul class=\"wp-block-list\"><li><strong>Ha fler synliga poliser<\/strong>. Polist\u00e4theten i Sverige \u00e4r bland de l\u00e4gsta i Europa. Vi vill se fler poliser och att fler av poliserna arbetar i yttre tj\u00e4nst. Genom betald polisutbildning underl\u00e4ttas rekryteringen. Alla ska kunna k\u00e4nna sig<br>trygga att g\u00e5 hem sj\u00e4lv p\u00e5 kv\u00e4llen. <\/li><\/ul>\n\n\n\n<ul class=\"wp-block-list\"><li><strong>Utbilda kollektivtrafikf\u00f6rare i att f\u00f6rebygga och larma in incidenter om sexuellt ofredande.<\/strong> M\u00e5nga studenter uppger att de blivit utsatta f\u00f6r sexuella trakasserier och \u00f6vergrepp i kollektivtrafiken. I G\u00f6teborg har krogpersonal f\u00e5tt utbildning i att hantera sexuellt ofredande. Utbildningen gavs f\u00f6rst till festivalpersonal, men har sedan anpassats till krogmilj\u00f6. N\u00e5got liknande skulle kunna genomf\u00f6ras bland f\u00f6rare och personal i kollektivtrafiken, d\u00e4r m\u00e5nga m\u00e4nniskor r\u00f6r sig och otryggheten kan vara s\u00e4rskilt stor <\/li><\/ul>\n\n\n\n<p class=\"has-medium-font-size\"><\/p>\n\n\n\n<h2 class=\"wp-block-heading\" id=\"h-skarpta-straff-och-tydligare-brottsofferperspektiv\">Sk\u00e4rpta straff och tydligare brottsofferperspektiv<\/h2>\n\n\n\n<p>Unga kvinnors utsatthet f\u00f6r sexualbrott har m\u00e5ngdubblats under de senaste \u00e5ren. \u00c4nd\u00e5 \u00e4r det bara 5 av 100 v\u00e5ldt\u00e4kter som klaras upp. Detta \u00e4r ett svek mot de kvinnor som f\u00e5r leva med k\u00e4nslan av att inte ha n\u00e5gon p\u00e5 sin sida. Moderaterna har l\u00e4nge arbetat h\u00e5rt f\u00f6r att straffen f\u00f6r v\u00e5ldt\u00e4kt ska sk\u00e4rpas, men mer beh\u00f6ver g\u00f6ras f\u00f6r att fler brottsoffer ska f\u00e5 uppr\u00e4ttelse. En v\u00e5ldt\u00e4ktsman ska aldrig kunna f\u00e5 mer skadest\u00e5nd \u00e4n brottsoffret. Vi vill ocks\u00e5 g\u00f6ra det m\u00f6jligt att utm\u00e4ta den ers\u00e4ttning som den d\u00f6mde personen har f\u00e5tt &#8211; till f\u00f6rm\u00e5n f\u00f6r brottsoffret. F\u00f6rdubbla skadest\u00e5nden till brottsoffren och underl\u00e4tta utbetalningen av ers\u00e4ttning till brottsoffer f\u00f6r att minska lidandet.<\/p>\n\n\n\n<p><\/p>\n\n\n\n<h3 class=\"wp-block-heading\" id=\"h-moderatkvinnorna-vill-1\">Moderatkvinnorna vill:<\/h3>\n\n\n\n<ul class=\"wp-block-list\"><li><strong>Sk\u00e4rpa straffen f\u00f6r sexualbrott. <\/strong>Fler v\u00e5ldt\u00e4ktsm\u00e4n ska sitta inl\u00e5sta l\u00e4ngre och fler brottsoffer ska f\u00e5 uppr\u00e4ttelse. <\/li><\/ul>\n\n\n\n<ul class=\"wp-block-list\"><li><strong>Utvisa fler v\u00e5ldt\u00e4ktsm\u00e4n<\/strong>. En person som saknar svenskt medborgarskap och beg\u00e5r brott med straffv\u00e4rde p\u00e5 f\u00e4ngelseniv\u00e5, exempelvis v\u00e5ldt\u00e4kt, har f\u00f6rverkat sin r\u00e4tt att stanna i Sverige.<\/li><\/ul>\n\n\n\n<ul class=\"wp-block-list\"><li><strong>Tydligg\u00f6r brottsofferperspektivet och h\u00f6ja skadest\u00e5nden<\/strong>. Skadest\u00e5nden f\u00f6r de som utsatts f\u00f6r ett sexualbrott b\u00f6r h\u00f6jas avsev\u00e4rt, och vi vill \u00e4ndra s\u00e5 att brottsoffer inte beh\u00f6ver ta kontakt med sin f\u00f6r\u00f6vare f\u00f6r att f\u00e5 pengarna utbetalda. Alla som utsatts f\u00f6r ett sexualbrott ska f\u00e5 m\u00f6jlighet att f\u00e5 ett m\u00e5ls\u00e4gandebitr\u00e4de tidigare under processen och r\u00e4tten till m\u00e5ls\u00e4gandebitr\u00e4de \u00e4ven i hovr\u00e4tten och H\u00f6gsta domstolen b\u00f6r st\u00e4rkas i sexualbrottsm\u00e5l<\/li><\/ul>\n\n\n\n<p class=\"has-medium-font-size\"><\/p>\n\n\n\n<h2 class=\"wp-block-heading\" id=\"h-bekampa-mans-vald-mot-kvinnor\">Bek\u00e4mpa m\u00e4ns v\u00e5ld mot kvinnor<\/h2>\n\n\n\n<p>R\u00e4dslan f\u00f6ljer \u00e4ven med alltf\u00f6r m\u00e5nga kvinnor hem. Under loppet av tre veckor f\u00f6rra \u00e5ret m\u00f6rdades fem kvinnor av n\u00e4rst\u00e5ende m\u00e4n. Den mest extrema formen av kvinnof\u00f6rtryck \u00e4r m\u00e4ns v\u00e5ld mot kvinnor. En kvinna l\u00f6per st\u00f6rst risk att uts\u00e4ttas f\u00f6r v\u00e5ld av den person som hon lever med eller har levt med.<\/p>\n\n\n\n<p><\/p>\n\n\n\n<h3 class=\"wp-block-heading\" id=\"h-moderatkvinnorna-vill-2\">Moderatkvinnorna vill<\/h3>\n\n\n\n<ul class=\"wp-block-list\"><li> <strong>Inf\u00f6ra m\u00f6jlighet att utd\u00f6ma vistelsef\u00f6rbud f\u00f6r v\u00e5ld mot n\u00e4rst\u00e5ende.<\/strong> N\u00e4r en man d\u00f6ms f\u00f6r v\u00e5ldsbrott mot en n\u00e4rst\u00e5ende b\u00f6r det samtidigt vara m\u00f6jligt att d\u00f6mas till vistelsef\u00f6rbud. Den d\u00f6mde ska d\u00e5 efter avtj\u00e4nat<br>f\u00e4ngelsestraff f\u00f6rbjudas att vistas i exempelvis en kommun eller ett helt l\u00e4n d\u00e4r brottsoffret bor. Det \u00e4r dags att g\u00e4rningsmannen och inte brottsoffret \u00e4r den som flyttar.<\/li><\/ul>\n\n\n\n<ul class=\"wp-block-list\"><li><strong>Inf\u00f6ra brottsrubriceringen synnerligen grov kvinnofridskr\u00e4nkning.<\/strong> Graden synnerligen grovt finns i andra brottskategorier f\u00f6r att reglera en situation d\u00e5 brottet p\u00e5 n\u00e5got s\u00e4tt varit ovanligt farligt eller h\u00e4nsynsl\u00f6st. Det skulle kunna anv\u00e4ndas vid flertalet h\u00e4nsynsl\u00f6sa brott, utdragna f\u00f6rlopp och upprepade tillf\u00e4llen. Det upprepade lidande<br>som n\u00e5gon f\u00e5r utst\u00e5 inom ramen f\u00f6r brottet grov eller synnerligen grov kvinnofridskr\u00e4nkning kan medf\u00f6ra stora men f\u00f6r resten av livet. Brottsoffret ska f\u00e5 uppr\u00e4ttelse och kunna k\u00e4nna sig s\u00e4ker med att g\u00e4rningsmannen<br>inte ska kunna g\u00e5 fri efter en kort tid.<\/li><\/ul>\n\n\n\n<p><\/p>\n\n\n\n<p><\/p>\n\n\n\n<figure class=\"wp-block-embed is-type-video is-provider-youtube wp-block-embed-youtube wp-embed-aspect-16-9 wp-has-aspect-ratio\"><div class=\"wp-block-embed__wrapper\">\n<iframe loading=\"lazy\" title=\"Varf\u00f6r \u00e4r det bara 5 av 100 v\u00e5ldt\u00e4kter som klaras upp?\" width=\"640\" height=\"360\" src=\"https:\/\/www.youtube.com\/embed\/WpvxouTC5Cc?start=13&#038;feature=oembed\" frameborder=\"0\" allow=\"accelerometer; autoplay; clipboard-write; encrypted-media; gyroscope; picture-in-picture; web-share\" referrerpolicy=\"strict-origin-when-cross-origin\" allowfullscreen><\/iframe>\n<\/div><\/figure>\n","protected":false},"excerpt":{"rendered":"<p>I Moderaternas Sverige ska kvinnors frihet inte begr\u00e4nsas av otrygghet. V\u00e5ldet beh\u00f6ver f\u00f6rebyggas, men det \u00e4r ocks\u00e5 h\u00f6g tid att sk\u00e4rpa straffen och s\u00e4kerst\u00e4lla att fler brottsoffer f\u00e5r uppr\u00e4ttelse. Samh\u00e4llet beh\u00f6ver g\u00e5 fr\u00e5n ord till handling och visa att vi menar allvar med att m\u00e4ns v\u00e5ld mot kvinnor inte tolereras. Trygghet i det offentliga rummet [&hellip;]<\/p>\n","protected":false},"author":76,"featured_media":0,"comment_status":"closed","ping_status":"closed","sticky":false,"template":"","format":"standard","meta":{"_acf_changed":false,"_relevanssi_hide_post":"","_relevanssi_hide_content":"","_relevanssi_pin_for_all":"","_relevanssi_pin_keywords":"","_relevanssi_unpin_keywords":"","_relevanssi_related_keywords":"","_relevanssi_related_include_ids":"","_relevanssi_related_exclude_ids":"","_relevanssi_related_no_append":"","_relevanssi_related_not_related":"","_relevanssi_related_posts":"","_relevanssi_noindex_reason":"","footnotes":""},"categories":[79],"tags":[],"subject":[],"class_list":["post-1494","post","type-post","status-publish","format-standard","hentry","category-artikel"],"acf":[],"publishpress_future_action":{"enabled":false,"date":"2026-05-06 15:22:53","action":"change-status","newStatus":"draft","terms":[],"taxonomy":"category"},"_links":{"self":[{"href":"https:\/\/moderaterna.se\/moderatkvinnorna\/wp-json\/wp\/v2\/posts\/1494","targetHints":{"allow":["GET"]}}],"collection":[{"href":"https:\/\/moderaterna.se\/moderatkvinnorna\/wp-json\/wp\/v2\/posts"}],"about":[{"href":"https:\/\/moderaterna.se\/moderatkvinnorna\/wp-json\/wp\/v2\/types\/post"}],"author":[{"embeddable":true,"href":"https:\/\/moderaterna.se\/moderatkvinnorna\/wp-json\/wp\/v2\/users\/76"}],"replies":[{"embeddable":true,"href":"https:\/\/moderaterna.se\/moderatkvinnorna\/wp-json\/wp\/v2\/comments?post=1494"}],"version-history":[{"count":13,"href":"https:\/\/moderaterna.se\/moderatkvinnorna\/wp-json\/wp\/v2\/posts\/1494\/revisions"}],"predecessor-version":[{"id":1875,"href":"https:\/\/moderaterna.se\/moderatkvinnorna\/wp-json\/wp\/v2\/posts\/1494\/revisions\/1875"}],"wp:attachment":[{"href":"https:\/\/moderaterna.se\/moderatkvinnorna\/wp-json\/wp\/v2\/media?parent=1494"}],"wp:term":[{"taxonomy":"category","embeddable":true,"href":"https:\/\/moderaterna.se\/moderatkvinnorna\/wp-json\/wp\/v2\/categories?post=1494"},{"taxonomy":"post_tag","embeddable":true,"href":"https:\/\/moderaterna.se\/moderatkvinnorna\/wp-json\/wp\/v2\/tags?post=1494"},{"taxonomy":"subject","embeddable":true,"href":"https:\/\/moderaterna.se\/moderatkvinnorna\/wp-json\/wp\/v2\/subject?post=1494"}],"curies":[{"name":"wp","href":"https:\/\/api.w.org\/{rel}","templated":true}]}}