{"id":2450,"date":"2024-08-29T11:42:10","date_gmt":"2024-08-29T09:42:10","guid":{"rendered":"https:\/\/moderaterna.se\/kronoberg\/?p=2450"},"modified":"2024-08-29T12:14:35","modified_gmt":"2024-08-29T10:14:35","slug":"pressmeddelande-forsta-steget-mot-en-nystart-for-uppvidinge","status":"publish","type":"post","link":"https:\/\/moderaterna.se\/kronoberg\/nyhet\/pressmeddelande-forsta-steget-mot-en-nystart-for-uppvidinge\/","title":{"rendered":"Pressmeddelande: F\u00f6rsta steget mot en nystart f\u00f6r Uppvidinge"},"content":{"rendered":"\n<p>Moderaterna tar initiativ till maktskifte i Uppvidinge kommun!<\/p>\n\n\n\n<p>Idag har Moderaterna tillsammans med Socialdemokraterna, Landsbygdspartiet oberoende och V\u00e4nsterpartiet tagit f\u00f6rsta steget mot en nystart f\u00f6r Uppvidinge. Efter en l\u00e4ngre tid av ekonomisk oro och bristande insyn under nuvarande styre \u00e4r det dags f\u00f6r f\u00f6r\u00e4ndring.<\/p>\n\n\n\n<p>Vi \u00e4r redo att ta ansvar f\u00f6r ekonomin och v\u00e4lf\u00e4rden, och har redan samlat oppositionen bakom en budget f\u00f6r 2025. Nu tar vi n\u00e4sta steg f\u00f6r att ge Uppvidinge ett styre som s\u00e4tter inv\u00e5narna i f\u00f6rsta rummet.<\/p>\n\n\n\n<p>L\u00e4s mer om v\u00e5ra planer och hur vi tillsammans skapar en ljusare framtid f\u00f6r Uppvidinge nedan.<\/p>\n\n\n<!DOCTYPE html PUBLIC \"-\/\/W3C\/\/DTD HTML 4.0 Transitional\/\/EN\" \"http:\/\/www.w3.org\/TR\/REC-html40\/loose.dtd\">\n<?xml encoding=\"utf-8\" ?><html><body><div data-wp-interactive=\"core\/file\" class=\"wp-block-file\"><object data-wp-bind--hidden=\"!state.hasPdfPreview\" hidden class=\"wp-block-file__embed\" data=\"https:\/\/moderaterna.se\/app\/uploads\/sites\/11\/2024\/08\/PrM-Marktskifte-i-Uppvidinge-kommun.pdf\" type=\"application\/pdf\" style=\"width:100%;height:600px\" aria-label=\"Inb&auml;ddning av PrM-Marktskifte-i-Uppvidinge-kommun.\"><\/object><a id=\"wp-block-file--media-8d3cce7e-3e4b-4a96-8fc4-809bd6445d5b\" href=\"https:\/\/moderaterna.se\/app\/uploads\/sites\/11\/2024\/08\/PrM-Marktskifte-i-Uppvidinge-kommun.pdf\">PrM-Marktskifte-i-Uppvidinge-kommun<\/a><a href=\"https:\/\/moderaterna.se\/app\/uploads\/sites\/11\/2024\/08\/PrM-Marktskifte-i-Uppvidinge-kommun.pdf\" class=\"wp-block-file__button wp-element-button\" download aria-describedby=\"wp-block-file--media-8d3cce7e-3e4b-4a96-8fc4-809bd6445d5b\"><span class=\"show-for-sr\">Ladda ner<\/span><svg xmlns=\"http:\/\/www.w3.org\/2000\/svg\" data-name=\"Icon metro-file-pdf\" width=\"26.442\" height=\"30.849\" viewBox=\"0 0 26.442 30.849\"><path data-name=\"Icon metro-file-pdf\" d=\"M25.271 6.542a4.006 4.006 0 0 1 .826 1.308 3.973 3.973 0 0 1 .344 1.515v19.832a1.646 1.646 0 0 1-1.653 1.653H1.652A1.646 1.646 0 0 1 0 29.197V1.653A1.646 1.646 0 0 1 1.652-.003h15.425a3.974 3.974 0 0 1 1.515.344 4.006 4.006 0 0 1 1.308.826zm-7.642-4.2v6.473h6.473a1.881 1.881 0 0 0-.379-.706L18.329 2.72a1.88 1.88 0 0 0-.706-.379zm6.61 26.3V11.018h-7.162a1.646 1.646 0 0 1-1.653-1.653V2.204H2.203v26.442h22.035zM15.39 18.437a13.1 13.1 0 0 0 1.446.964 17.082 17.082 0 0 1 2.014-.121q2.531 0 3.047.844a.832.832 0 0 1 .034.9.05.05 0 0 1-.017.034l-.034.034v.017q-.1.654-1.222.654a7.1 7.1 0 0 1-1.98-.344 12.552 12.552 0 0 1-2.238-.912 31 31 0 0 0-6.748 1.429q-2.634 4.51-4.166 4.51a1 1 0 0 1-.482-.121l-.415-.21q-.017-.017-.1-.086a.711.711 0 0 1-.1-.62 3.738 3.738 0 0 1 .964-1.575 8.319 8.319 0 0 1 2.272-1.661.251.251 0 0 1 .4.1.1.1 0 0 1 .034.069q.9-1.463 1.842-3.391a26.274 26.274 0 0 0 1.79-4.51 13.916 13.916 0 0 1-.525-2.746 6.693 6.693 0 0 1 .112-2.195q.189-.689.723-.689h.379a.726.726 0 0 1 .6.258 1.375 1.375 0 0 1 .155 1.171.373.373 0 0 1-.069.138.448.448 0 0 1 .017.138v.516a22.542 22.542 0 0 1-.241 3.305 8.709 8.709 0 0 0 2.513 4.1zm-9.916 7.075a7.6 7.6 0 0 0 2.355-2.715 9.813 9.813 0 0 0-1.5 1.442 5.722 5.722 0 0 0-.855 1.273zm6.855-15.837a5.119 5.119 0 0 0-.034 2.272q.017-.121.121-.757 0-.052.121-.74a.387.387 0 0 1 .069-.138.05.05 0 0 1-.017-.034.035.035 0 0 0-.009-.026.035.035 0 0 1-.009-.026.991.991 0 0 0-.224-.62.05.05 0 0 1-.017.034v.034zm-2.138 11.379a25.25 25.25 0 0 1 4.889-1.394 2.6 2.6 0 0 1-.224-.164 3.083 3.083 0 0 1-.275-.232 9.119 9.119 0 0 1-2.186-3.03 23 23 0 0 1-1.429 3.391q-.516.964-.775 1.429zm11.121-.275a4.12 4.12 0 0 0-2.41-.413 6.511 6.511 0 0 0 2.135.482 1.67 1.67 0 0 0 .31-.017q0-.017-.034-.052z\" fill=\"#213a8f\"><\/path><\/svg><\/a><\/div>\n<\/body><\/html>\n","protected":false},"excerpt":{"rendered":"<p>Moderaterna tar initiativ till maktskifte i Uppvidinge kommun! Idag har Moderaterna tillsammans med Socialdemokraterna, Landsbygdspartiet oberoende och V\u00e4nsterpartiet tagit f\u00f6rsta steget mot en nystart f\u00f6r Uppvidinge. Efter en l\u00e4ngre tid av ekonomisk oro och bristande insyn under nuvarande styre \u00e4r det dags f\u00f6r f\u00f6r\u00e4ndring. Vi \u00e4r redo att ta ansvar f\u00f6r ekonomin och v\u00e4lf\u00e4rden, och [&hellip;]<\/p>\n","protected":false},"author":13,"featured_media":0,"comment_status":"closed","ping_status":"closed","sticky":false,"template":"","format":"standard","meta":{"_acf_changed":false,"_relevanssi_hide_post":"","_relevanssi_hide_content":"","_relevanssi_pin_for_all":"","_relevanssi_pin_keywords":"","_relevanssi_unpin_keywords":"","_relevanssi_related_keywords":"","_relevanssi_related_include_ids":"","_relevanssi_related_exclude_ids":"","_relevanssi_related_no_append":"","_relevanssi_related_not_related":"","_relevanssi_related_posts":"","_relevanssi_noindex_reason":"","footnotes":""},"categories":[1],"tags":[],"subject":[],"class_list":["post-2450","post","type-post","status-publish","format-standard","hentry","category-nyhet"],"acf":[],"publishpress_future_action":{"enabled":false,"date":"2026-05-09 01:41:10","action":"change-status","newStatus":"draft","terms":[],"taxonomy":"category"},"_links":{"self":[{"href":"https:\/\/moderaterna.se\/kronoberg\/wp-json\/wp\/v2\/posts\/2450","targetHints":{"allow":["GET"]}}],"collection":[{"href":"https:\/\/moderaterna.se\/kronoberg\/wp-json\/wp\/v2\/posts"}],"about":[{"href":"https:\/\/moderaterna.se\/kronoberg\/wp-json\/wp\/v2\/types\/post"}],"author":[{"embeddable":true,"href":"https:\/\/moderaterna.se\/kronoberg\/wp-json\/wp\/v2\/users\/13"}],"replies":[{"embeddable":true,"href":"https:\/\/moderaterna.se\/kronoberg\/wp-json\/wp\/v2\/comments?post=2450"}],"version-history":[{"count":2,"href":"https:\/\/moderaterna.se\/kronoberg\/wp-json\/wp\/v2\/posts\/2450\/revisions"}],"predecessor-version":[{"id":2456,"href":"https:\/\/moderaterna.se\/kronoberg\/wp-json\/wp\/v2\/posts\/2450\/revisions\/2456"}],"wp:attachment":[{"href":"https:\/\/moderaterna.se\/kronoberg\/wp-json\/wp\/v2\/media?parent=2450"}],"wp:term":[{"taxonomy":"category","embeddable":true,"href":"https:\/\/moderaterna.se\/kronoberg\/wp-json\/wp\/v2\/categories?post=2450"},{"taxonomy":"post_tag","embeddable":true,"href":"https:\/\/moderaterna.se\/kronoberg\/wp-json\/wp\/v2\/tags?post=2450"},{"taxonomy":"subject","embeddable":true,"href":"https:\/\/moderaterna.se\/kronoberg\/wp-json\/wp\/v2\/subject?post=2450"}],"curies":[{"name":"wp","href":"https:\/\/api.w.org\/{rel}","templated":true}]}}