{"id":2295,"date":"2023-06-16T15:49:22","date_gmt":"2023-06-16T13:49:22","guid":{"rendered":"https:\/\/moderaterna.se\/kronoberg\/?p=2295"},"modified":"2023-06-16T17:26:58","modified_gmt":"2023-06-16T15:26:58","slug":"lansering-av-tillvaxttorsdag-rosengren-samlar-riksdagen-for-tillvaxtreformer-i-sydsverige-tillsammans-med-handelskammaren","status":"publish","type":"post","link":"https:\/\/moderaterna.se\/kronoberg\/press\/lansering-av-tillvaxttorsdag-rosengren-samlar-riksdagen-for-tillvaxtreformer-i-sydsverige-tillsammans-med-handelskammaren\/","title":{"rendered":"Rosengren samlar riksdagen f\u00f6r tillv\u00e4xtreformer i Sydsverige tillsammans med Handelskammaren"},"content":{"rendered":"\n<p><strong>Lansering av \u201dTillv\u00e4xttorsdag\u201d &#8211; Riksdagsledamot Oliver Rosengren bjuder tillsammans med Sydsvenska Industri- och handelskammaren under h\u00f6sten in samtliga riksdagsledam\u00f6ter i Sk\u00e5ne, Blekinge, Kronoberg, Kalmar och s\u00f6dra Halland till Tillv\u00e4xttorsdag \u2013 fyra lunchseminarier om tillv\u00e4xt i s\u00f6dra Sverige. M\u00e5let \u00e4r att samlas \u00f6ver partigr\u00e4nserna kring gemensamma problembeskrivningar och l\u00f6sningar som kan lyfta tillv\u00e4xten i Sydsverige.<\/strong><\/p>\n\n\n\n<p>S\u00f6dra Sverige delar m\u00e5nga utmaningar med resten av landet, men finns ocks\u00e5 problem som \u00e4r annorlunda eller v\u00e4rre i v\u00e5r del av Sverige: arbetskraftsbrist i kombination med l\u00e5g sj\u00e4lvf\u00f6rs\u00f6rjningsgrad, Europas s\u00e4msta eltillg\u00e5ng och underskott p\u00e5 infrastruktursatsningar.<\/p>\n\n\n\n<p>\u201dSverige st\u00e5r inf\u00f6r omfattande ekonomiska problem och har ett sedan l\u00e4nge ett ackumulerat reformbehov inom vitt skilda omr\u00e5den. Givet detta k\u00e4nns det angel\u00e4get med att st\u00e4rka utbytet mellan politiken och n\u00e4ringslivet, samt \u00e4ven bidra med policyutveckling med s\u00e5v\u00e4l forskningsf\u00f6rankring som n\u00e4ringslivsrelevans\u201d, s\u00e4ger Johan Eklund, chefekonom p\u00e5 Sydsvenska handelskammaren och professor i nationalekonomi.<\/p>\n\n\n\n<p>Alla riksdagsledam\u00f6ter fr\u00e5n alla partier i handelskammaren verksamhetsomr\u00e5de \u00e4r inbjudna till fyra lunchseminarier med experter under h\u00f6sten med f\u00f6ljande teman:<\/p>\n\n\n\n<ul class=\"wp-block-list\"><li>14 september \u2013 Yrkesutbildning<\/li><li>5 oktober \u2013 Elsituationen i Sydsverige<\/li><li>9 november \u2013 Infrastruktur<\/li><li>14 december \u2013 Sj\u00e4lvf\u00f6rs\u00f6rjning<\/li><\/ul>\n\n\n\n<p>L\u00e4s mer om inneh\u00e5llet f\u00f6r respektive seminarium l\u00e4ngre ned i texten.<\/p>\n\n\n\n<p>\u201dSveriges tillv\u00e4xt \u00e4r i Europas botten. Sydsverige beh\u00f6ver bli motorn f\u00f6r hela Sverige. Det kr\u00e4ver att vi s\u00e4ger som det \u00e4r och g\u00f6r vad som kr\u00e4vs f\u00f6r att komma till r\u00e4tta med de allvarliga problem som vi delar med hela landet. Jag \u00e4r glad att f\u00e5 st\u00e5 v\u00e4rd f\u00f6r Tillv\u00e4xttorsdagarna, en parti\u00f6verskridande kraftsamling f\u00f6r tillv\u00e4xt i Sydsverige.\u201d, s\u00e4ger Oliver Rosengren, riksdagsledamot och v\u00e4rd f\u00f6r seminarieserien, som idag bes\u00f6kte Sydsvenska handelskammarens huvudkontor i Malm\u00f6 f\u00f6r m\u00f6te med Johan Eklund, tillsammans med kommunpolitikern John Ekl\u00f6f (M).<\/p>\n\n\n\n<h3 class=\"wp-block-heading\" id=\"h-kontaktuppgifter\">Kontaktuppgifter<\/h3>\n\n\n\n<p><strong>Johan Eklund<\/strong><\/p>\n\n\n\n<p>040-690 24 14<\/p>\n\n\n\n<p>johan.eklund@handelskammaren.com<\/p>\n\n\n\n<p><strong>Oliver Rosengren<\/strong><\/p>\n\n\n\n<p>072-3005577<\/p>\n\n\n\n<p>oliver.rosengren@riksdagen.se<\/p>\n\n\n\n<h1 class=\"wp-block-heading\">Beskrivning av respektive \u201dTillv\u00e4xttorsdag\u201d<\/h1>\n\n\n\n<h3 class=\"wp-block-heading\">14 september \u2013 Kompetensf\u00f6rs\u00f6rjning<\/h3>\n\n\n\n<p>F\u00f6retagen skriker efter kompetens. M\u00e5nga beskriver sv\u00e5righeter att rekrytera r\u00e4tt, l\u00e4ngre rekryteringstider och att man tvingas s\u00e4nka kraven f\u00f6r att kunna rekrytera alls. En av v\u00e5rbudgetens st\u00f6rsta satsningar \u00e4r 719 miljoner kronor till yrkesutbildning. Likt i Norrland p\u00e5g\u00e5r ett febrilt arbete med att lyfta yrkesutbildningarna, men kunskapen \u00e4r ofta begr\u00e4nsad till platsen d\u00e4r utbildningen sker. D\u00e4rf\u00f6r kommer experter bjuda p\u00e5 en f\u00f6rdjupad analys av de sydsvenska utmaningarna, vilka akt\u00f6rer som agerar samt vilka satsningar som beh\u00f6ver uppm\u00e4rksammas och spridas f\u00f6r att klara kompetensbehoven.<\/p>\n\n\n\n<h3 class=\"wp-block-heading\">5 oktober \u2013 Elf\u00f6rs\u00f6rjning<\/h3>\n\n\n\n<p>Sydsverige har Europas i s\u00e4rklass s\u00e4msta tillg\u00e5ng till effekt fr\u00e5n elproduktion med ett underskott om 1 GW enligt de europeiska n\u00e4tbolagens, ENTSO-e, vinterprognos. I Sydsverige saknas s\u00e5v\u00e4l egen produktion som eln\u00e4t f\u00f6r import. Elen \u00e4r dyrast i Sverige och det \u00e4r sv\u00e5rt f\u00f6r f\u00f6retag att f\u00e5 anslutning till n\u00e4tet. Elbristen har lett till att Invest in Sk\u00e5ne har tvingats tacka nej till investeringar motsvarande 3000 jobb och de \u00e4r inte ensamma. F\u00f6retag f\u00f6rv\u00e4ntas hantera bortkoppling fr\u00e5n n\u00e4tet med kort varsel. Det \u00e4r unikt f\u00f6r hela Europa i modern historia. Sydsverige beh\u00f6ver l\u00f6sningar nu som kan f\u00f6rb\u00e4ttra situationen inf\u00f6r kommande vinter och under kommande \u00e5r.<\/p>\n\n\n\n<h3 class=\"wp-block-heading\">9 november \u2013 Infrastruktur<\/h3>\n\n\n\n<p>Godsfl\u00f6dena i s\u00f6dra Sverige \u00f6kar med Kronoberg i topp mest i hela landet. Sk\u00e5ne och Halland \u00e4r de enda l\u00e4nen som haft positivt flyttnetto varje \u00e5r de senaste tv\u00e5 decennierna. Vidare ritas kartan om f\u00f6r s\u00e5v\u00e4l arbetskraft som gods av ett av v\u00e4rldens st\u00f6rsta byggprojekt, Fehmarn Belt-tunneln mellan Danmark och Tyskland. Malm\u00f6 f\u00e5r pl\u00f6tsligt n\u00e4rmare till Hamburg \u00e4n Stockholm. Norra Europas st\u00f6rsta forskningsanl\u00e4ggning \u00f6ppnar strax fullt ut i Lund, ESS och MAX IV. F\u00f6r\u00e4ndringarna \u00e4r m\u00e5nga och framtidsutsikterna goda. F\u00f6r att kunna nyttja tillv\u00e4xtpotentialen kr\u00e4vs infrastruktursatsningar som m\u00f6ter utvecklingen \u2013 satsningar som saknas i den nationella planen f\u00f6r transportinfrastruktur.<\/p>\n\n\n\n<h3 class=\"wp-block-heading\">14 december \u2013 Sj\u00e4lvf\u00f6rs\u00f6rjning<\/h3>\n\n\n\n<p>Idag \u00e4r n\u00e4ra 20% av befolkningen utrikesf\u00f6dd. M\u00e5nga har inte etablerat sig p\u00e5 svensk arbetsmarknad och Sverige hade \u00e5r 2018 det h\u00f6gsta syssels\u00e4ttningsgapet mellan inrikes och utrikes f\u00f6dda i hela Europa. N\u00e4ra h\u00e4lften av de utrikesf\u00f6dda med icke-v\u00e4sterl\u00e4ndsk bakgrund \u00e4r inte sj\u00e4lvf\u00f6rs\u00f6rjande, och m\u00e5nga saknar inkomst helt. Vi beh\u00f6ver drastiska \u00e5tg\u00e4rder f\u00f6r att inte cementera situationen, men vad beh\u00f6ver g\u00f6ras? Utanf\u00f6rskap utifr\u00e5n etniska och geografiska skiljelinjer analyseras utifr\u00e5n b\u00e5de ett orsaks- och konsekvensperspektiv samt vad en l\u00e5g sj\u00e4lvf\u00f6rs\u00f6rjningsgrad ger f\u00f6r konsekvenser p\u00e5 ekonomin, den svenska modellen och tilliten i samh\u00e4llet.<\/p>\n","protected":false},"excerpt":{"rendered":"<p>Lansering av \u201dTillv\u00e4xttorsdag\u201d &#8211; Riksdagsledamot Oliver Rosengren bjuder tillsammans med Sydsvenska Industri- och handelskammaren under h\u00f6sten in samtliga riksdagsledam\u00f6ter i Sk\u00e5ne, Blekinge, Kronoberg, Kalmar och s\u00f6dra Halland till Tillv\u00e4xttorsdag \u2013 fyra lunchseminarier om tillv\u00e4xt i s\u00f6dra Sverige. M\u00e5let \u00e4r att samlas \u00f6ver partigr\u00e4nserna kring gemensamma problembeskrivningar och l\u00f6sningar som kan lyfta tillv\u00e4xten i Sydsverige. S\u00f6dra [&hellip;]<\/p>\n","protected":false},"author":13,"featured_media":2296,"comment_status":"closed","ping_status":"closed","sticky":false,"template":"","format":"standard","meta":{"_acf_changed":false,"_relevanssi_hide_post":"","_relevanssi_hide_content":"","_relevanssi_pin_for_all":"","_relevanssi_pin_keywords":"","_relevanssi_unpin_keywords":"","_relevanssi_related_keywords":"","_relevanssi_related_include_ids":"","_relevanssi_related_exclude_ids":"","_relevanssi_related_no_append":"","_relevanssi_related_not_related":"","_relevanssi_related_posts":"","_relevanssi_noindex_reason":"","footnotes":""},"categories":[79,1,7],"tags":[],"subject":[],"class_list":["post-2295","post","type-post","status-publish","format-standard","has-post-thumbnail","hentry","category-artikel","category-nyhet","category-press"],"acf":[],"publishpress_future_action":{"enabled":false,"date":"2026-05-03 19:51:35","action":"change-status","newStatus":"draft","terms":[],"taxonomy":"category"},"_links":{"self":[{"href":"https:\/\/moderaterna.se\/kronoberg\/wp-json\/wp\/v2\/posts\/2295","targetHints":{"allow":["GET"]}}],"collection":[{"href":"https:\/\/moderaterna.se\/kronoberg\/wp-json\/wp\/v2\/posts"}],"about":[{"href":"https:\/\/moderaterna.se\/kronoberg\/wp-json\/wp\/v2\/types\/post"}],"author":[{"embeddable":true,"href":"https:\/\/moderaterna.se\/kronoberg\/wp-json\/wp\/v2\/users\/13"}],"replies":[{"embeddable":true,"href":"https:\/\/moderaterna.se\/kronoberg\/wp-json\/wp\/v2\/comments?post=2295"}],"version-history":[{"count":7,"href":"https:\/\/moderaterna.se\/kronoberg\/wp-json\/wp\/v2\/posts\/2295\/revisions"}],"predecessor-version":[{"id":2306,"href":"https:\/\/moderaterna.se\/kronoberg\/wp-json\/wp\/v2\/posts\/2295\/revisions\/2306"}],"wp:featuredmedia":[{"embeddable":true,"href":"https:\/\/moderaterna.se\/kronoberg\/wp-json\/wp\/v2\/media\/2296"}],"wp:attachment":[{"href":"https:\/\/moderaterna.se\/kronoberg\/wp-json\/wp\/v2\/media?parent=2295"}],"wp:term":[{"taxonomy":"category","embeddable":true,"href":"https:\/\/moderaterna.se\/kronoberg\/wp-json\/wp\/v2\/categories?post=2295"},{"taxonomy":"post_tag","embeddable":true,"href":"https:\/\/moderaterna.se\/kronoberg\/wp-json\/wp\/v2\/tags?post=2295"},{"taxonomy":"subject","embeddable":true,"href":"https:\/\/moderaterna.se\/kronoberg\/wp-json\/wp\/v2\/subject?post=2295"}],"curies":[{"name":"wp","href":"https:\/\/api.w.org\/{rel}","templated":true}]}}