{"id":2282,"date":"2023-05-23T17:29:36","date_gmt":"2023-05-23T15:29:36","guid":{"rendered":"https:\/\/moderaterna.se\/kronoberg\/?p=2282"},"modified":"2023-05-23T17:32:29","modified_gmt":"2023-05-23T15:32:29","slug":"moderata-riksdagsledamoter-fran-hela-sydostra-sverige-pa-besok-i-kronoberg","status":"publish","type":"post","link":"https:\/\/moderaterna.se\/kronoberg\/nyhet\/moderata-riksdagsledamoter-fran-hela-sydostra-sverige-pa-besok-i-kronoberg\/","title":{"rendered":"Moderata riksdagsledam\u00f6ter fr\u00e5n hela syd\u00f6stra Sverige p\u00e5 bes\u00f6k i Kronoberg"},"content":{"rendered":"\n<p>I riksdagen samarbetar ledam\u00f6ter inom partier \u00f6ver valkretsgr\u00e4nser i s\u00e5 kallade &#8221;b\u00e4nkar&#8221;. F\u00f6r mindre valkretsar \u00e4r det s\u00e4rskilt viktigt f\u00f6r att \u00f6ka inflytandet. Sydostb\u00e4nken best\u00e5r av de elva ledam\u00f6terna fr\u00e5n&nbsp;\u00d6sterg\u00f6tland, J\u00f6nk\u00f6ping, Kalmar, Kronoberg, Blekinge och Gotland. V\u00e5r del av landet stod f\u00f6r tre av fyra vunna mandat f\u00f6r Moderaterna i riksdagsvalet 2022: Kronoberg, Kalmar och Gotland.<\/p>\n\n\n\n<p>Ett led i detta samarbete var ett bes\u00f6k i Kronoberg den 21\/5 d\u00e4r, ut\u00f6ver v\u00e5ra tv\u00e5 ledam\u00f6ter Oliver Rosengren och Thomas Ragnarsson fr\u00e5n Kronberg, ytterligare fem moderata riksdagsledam\u00f6ter deltog p\u00e5 medlemstr\u00e4ff och f\u00f6retagsbes\u00f6k. De som bes\u00f6kte var Susanne Nordstr\u00f6m (\u00d6sterg\u00f6tland), Jesper Skalberg Karlsson (Gotland), Mats Green (J\u00f6nk\u00f6ping), Camilla Brunnsberg (Blekinge) och Lars Engsund (Kalmar l\u00e4n) som under s\u00f6ndagskv\u00e4llen tr\u00e4ffade ett 40-tal nyfikna medlemmar och p\u00e5 m\u00e5ndagens agenda stod f\u00f6retagsbes\u00f6k.<\/p>\n\n\n\n<p>I Ljungby bes\u00f6kte de Kalmar\/Cargotec samt Postnord Str\u00e5lfors med fokus p\u00e5 exportvillkor och kompetensf\u00f6rs\u00f6rjning. Man fick under lunchen p\u00e5 G\u00e4stgivareg\u00e5rden m\u00f6jlighet att samtala med personal kring bes\u00f6ksn\u00e4ringens villkor.<\/p>\n\n\n\n<p>Dagen avslutades p\u00e5 sj\u00f6n Bolmen tillsammans med Sj\u00f6r\u00e4ddningen och lokala r\u00e4ddningstj\u00e4nsten och en inblick i deras livsviktiga arbete. Se bifogade bilder fr\u00e5n respektive bes\u00f6k.<\/p>\n\n\n\n<p>&#8221;Sydostb\u00e4nken \u00f6kar Kronobergsmoderaternas inflytande i riksdagen. Jag \u00e4r stolt att vi fick st\u00e5 v\u00e4rd f\u00f6r det f\u00f6rsta b\u00e4nkbes\u00f6ket. Trots att det var en solig s\u00f6ndagskv\u00e4ll&nbsp;var det&nbsp;fullsatt p\u00e5 stadshotell f\u00f6r utfr\u00e5gningen. P\u00e5 m\u00e5ndagen hade vi givande bes\u00f6k i Ljungby p\u00e5 Kalmar\/Cargotec, Postnord Str\u00e5lfors, G\u00e4stgivareg\u00e5rden, r\u00e4ddningstj\u00e4nsten och sj\u00f6r\u00e4ddningen i sj\u00f6n Bolmen. Kompetensf\u00f6rs\u00f6rjning, beredskap och&nbsp;det ekonomiska l\u00e4get var n\u00e5gra aktuella fr\u00e5gor.&#8221;, s\u00e4ger Oliver Rosengren, riksdagsledamot och f\u00f6rbundsordf\u00f6rande f\u00f6r Moderaterna i Kronobergs l\u00e4n.<\/p>\n\n\n\n<p>Sydostb\u00e4nken kommer bes\u00f6ka alla sex l\u00e4n under mandatperioden. Kronoberg var f\u00f6rst ut. N\u00e4sta bes\u00f6k sker i h\u00f6st och d\u00e5 ska Blekinge st\u00e5 v\u00e4rd.<\/p>\n\n\n\n<figure class=\"wp-block-image size-large is-style-rounded\"><img loading=\"lazy\" decoding=\"async\" width=\"1024\" height=\"683\" src=\"https:\/\/moderaterna.se\/app\/uploads\/sites\/11\/2023\/05\/ba\u0308nkdag-utfra\u030agning_1-1024x683.png\" alt=\"\" class=\"wp-image-2289\" srcset=\"https:\/\/moderaterna.se\/app\/uploads\/sites\/11\/2023\/05\/ba\u0308nkdag-utfra\u030agning_1-1024x683.png 1024w, https:\/\/moderaterna.se\/app\/uploads\/sites\/11\/2023\/05\/ba\u0308nkdag-utfra\u030agning_1-300x200.png 300w, https:\/\/moderaterna.se\/app\/uploads\/sites\/11\/2023\/05\/ba\u0308nkdag-utfra\u030agning_1-768x512.png 768w, https:\/\/moderaterna.se\/app\/uploads\/sites\/11\/2023\/05\/ba\u0308nkdag-utfra\u030agning_1-1536x1024.png 1536w, https:\/\/moderaterna.se\/app\/uploads\/sites\/11\/2023\/05\/ba\u0308nkdag-utfra\u030agning_1-2048x1365.png 2048w\" sizes=\"auto, (max-width: 1024px) 100vw, 1024px\" \/><\/figure>\n\n\n\n<figure class=\"wp-block-image size-large is-style-rounded\"><img loading=\"lazy\" decoding=\"async\" width=\"1024\" height=\"683\" src=\"https:\/\/moderaterna.se\/app\/uploads\/sites\/11\/2023\/05\/Bolmen_14-1024x683.png\" alt=\"\" class=\"wp-image-2284\" srcset=\"https:\/\/moderaterna.se\/app\/uploads\/sites\/11\/2023\/05\/Bolmen_14-1024x683.png 1024w, https:\/\/moderaterna.se\/app\/uploads\/sites\/11\/2023\/05\/Bolmen_14-300x200.png 300w, https:\/\/moderaterna.se\/app\/uploads\/sites\/11\/2023\/05\/Bolmen_14-768x512.png 768w, https:\/\/moderaterna.se\/app\/uploads\/sites\/11\/2023\/05\/Bolmen_14-1536x1024.png 1536w, https:\/\/moderaterna.se\/app\/uploads\/sites\/11\/2023\/05\/Bolmen_14-2048x1365.png 2048w\" sizes=\"auto, (max-width: 1024px) 100vw, 1024px\" \/><\/figure>\n\n\n\n<figure class=\"wp-block-image size-large is-style-rounded\"><img loading=\"lazy\" decoding=\"async\" width=\"1024\" height=\"683\" src=\"https:\/\/moderaterna.se\/app\/uploads\/sites\/11\/2023\/05\/Bolmen_21-1024x683.png\" alt=\"\" class=\"wp-image-2288\" srcset=\"https:\/\/moderaterna.se\/app\/uploads\/sites\/11\/2023\/05\/Bolmen_21-1024x683.png 1024w, https:\/\/moderaterna.se\/app\/uploads\/sites\/11\/2023\/05\/Bolmen_21-300x200.png 300w, https:\/\/moderaterna.se\/app\/uploads\/sites\/11\/2023\/05\/Bolmen_21-768x512.png 768w, https:\/\/moderaterna.se\/app\/uploads\/sites\/11\/2023\/05\/Bolmen_21-1536x1024.png 1536w, https:\/\/moderaterna.se\/app\/uploads\/sites\/11\/2023\/05\/Bolmen_21-2048x1365.png 2048w\" sizes=\"auto, (max-width: 1024px) 100vw, 1024px\" \/><\/figure>\n","protected":false},"excerpt":{"rendered":"<p>I riksdagen samarbetar ledam\u00f6ter inom partier \u00f6ver valkretsgr\u00e4nser i s\u00e5 kallade &#8221;b\u00e4nkar&#8221;. F\u00f6r mindre valkretsar \u00e4r det s\u00e4rskilt viktigt f\u00f6r att \u00f6ka inflytandet. Sydostb\u00e4nken best\u00e5r av de elva ledam\u00f6terna fr\u00e5n&nbsp;\u00d6sterg\u00f6tland, J\u00f6nk\u00f6ping, Kalmar, Kronoberg, Blekinge och Gotland. V\u00e5r del av landet stod f\u00f6r tre av fyra vunna mandat f\u00f6r Moderaterna i riksdagsvalet 2022: Kronoberg, Kalmar och [&hellip;]<\/p>\n","protected":false},"author":13,"featured_media":0,"comment_status":"closed","ping_status":"closed","sticky":false,"template":"","format":"standard","meta":{"_acf_changed":false,"_relevanssi_hide_post":"","_relevanssi_hide_content":"","_relevanssi_pin_for_all":"","_relevanssi_pin_keywords":"","_relevanssi_unpin_keywords":"","_relevanssi_related_keywords":"","_relevanssi_related_include_ids":"","_relevanssi_related_exclude_ids":"","_relevanssi_related_no_append":"","_relevanssi_related_not_related":"","_relevanssi_related_posts":"","_relevanssi_noindex_reason":"","footnotes":""},"categories":[79,1,7],"tags":[],"subject":[],"class_list":["post-2282","post","type-post","status-publish","format-standard","hentry","category-artikel","category-nyhet","category-press"],"acf":[],"publishpress_future_action":{"enabled":false,"date":"2026-05-03 21:00:40","action":"change-status","newStatus":"draft","terms":[],"taxonomy":"category"},"_links":{"self":[{"href":"https:\/\/moderaterna.se\/kronoberg\/wp-json\/wp\/v2\/posts\/2282","targetHints":{"allow":["GET"]}}],"collection":[{"href":"https:\/\/moderaterna.se\/kronoberg\/wp-json\/wp\/v2\/posts"}],"about":[{"href":"https:\/\/moderaterna.se\/kronoberg\/wp-json\/wp\/v2\/types\/post"}],"author":[{"embeddable":true,"href":"https:\/\/moderaterna.se\/kronoberg\/wp-json\/wp\/v2\/users\/13"}],"replies":[{"embeddable":true,"href":"https:\/\/moderaterna.se\/kronoberg\/wp-json\/wp\/v2\/comments?post=2282"}],"version-history":[{"count":3,"href":"https:\/\/moderaterna.se\/kronoberg\/wp-json\/wp\/v2\/posts\/2282\/revisions"}],"predecessor-version":[{"id":2290,"href":"https:\/\/moderaterna.se\/kronoberg\/wp-json\/wp\/v2\/posts\/2282\/revisions\/2290"}],"wp:attachment":[{"href":"https:\/\/moderaterna.se\/kronoberg\/wp-json\/wp\/v2\/media?parent=2282"}],"wp:term":[{"taxonomy":"category","embeddable":true,"href":"https:\/\/moderaterna.se\/kronoberg\/wp-json\/wp\/v2\/categories?post=2282"},{"taxonomy":"post_tag","embeddable":true,"href":"https:\/\/moderaterna.se\/kronoberg\/wp-json\/wp\/v2\/tags?post=2282"},{"taxonomy":"subject","embeddable":true,"href":"https:\/\/moderaterna.se\/kronoberg\/wp-json\/wp\/v2\/subject?post=2282"}],"curies":[{"name":"wp","href":"https:\/\/api.w.org\/{rel}","templated":true}]}}