{"id":1469,"date":"2022-02-18T07:14:00","date_gmt":"2022-02-18T06:14:00","guid":{"rendered":"https:\/\/moderaterna.se\/kronoberg\/?p=1469"},"modified":"2022-02-17T17:01:01","modified_gmt":"2022-02-17T16:01:01","slug":"lat-oss-knacka-den-psykiska-ohalsan-for-barn-och-unga","status":"publish","type":"post","link":"https:\/\/moderaterna.se\/kronoberg\/nyhet\/lat-oss-knacka-den-psykiska-ohalsan-for-barn-och-unga\/","title":{"rendered":"L\u00e5t oss kn\u00e4cka den psykiska oh\u00e4lsan f\u00f6r barn och unga"},"content":{"rendered":"\n<p><strong>Allt fler ungdomar lider av stress, press, \u00e5ngest och det som vi samlat kallar f\u00f6r psykisk oh\u00e4lsa. Vi m\u00e4rker det inte bara genom att lyssna in debatten, utan ocks\u00e5 i v\u00e5ra verksamheter.<\/strong><\/p>\n\n\n\n<p><strong>&#8211; Vi moderater i Region Kronoberg och V\u00e4xj\u00f6 kommun vill \u00f6ka och f\u00f6rb\u00e4ttra samarbetet f\u00f6r att jobba mot ungdomars psykiska oh\u00e4lsa. D\u00e4rf\u00f6r har jag givit uppdraget att Region Kronoberg ska anordna ett stort m\u00f6te med olika akt\u00f6rer som jobbar med fr\u00e5gan f\u00f6r att tillsammans hitta l\u00f6sningarna som kan hj\u00e4lpa oss att n\u00e5 m\u00e5let, att tillsammans kn\u00e4cka den psykiska oh\u00e4lsan, s\u00e4ger Mikael Johansson (M), Regionstyrelsens ordf\u00f6rande.<\/strong><\/p>\n\n\n\n<p>Elevh\u00e4lsan i skolan vittnar om ett \u00f6kat tryck, BUP har ett dubblerat infl\u00f6de p\u00e5 bara n\u00e5gra \u00e5r och fler ungdomar \u00e4r i behov av \u00f6kat st\u00f6d. Men vad beror det egentligen p\u00e5? Och kn\u00e4ckfr\u00e5gan \u2013 hur arbetar vi f\u00f6rebyggande s\u00e5 att f\u00e4rre ungdomar beh\u00f6ver hamna i ett l\u00e4ge med riktigt allvarlig psykisk oh\u00e4lsa?<\/p>\n\n\n\n<p>Vi i Moderaterna tror att vi beh\u00f6ver ta ett samlat grepp och arbeta tillsammans f\u00f6r att kunna hitta l\u00f6sningarna. Vi vet att m\u00e5nga arbetar h\u00e5rt f\u00f6r att se till att ungdomar ska m\u00e5 b\u00e4ttre, men g\u00f6r det ofta p\u00e5 sin egen kammare. Vi tror att vi har mycket att l\u00e4ra av varandra, och vill d\u00e4rf\u00f6r bjuda in till en dialog med fokus p\u00e5 att tillsammans kn\u00e4cka den psykiska oh\u00e4lsan.&nbsp;Vi kommer d\u00e4rf\u00f6r bjuda in till gemensamt storm\u00f6te i april&nbsp;d\u00e4r vi fokuserar kring hur vi tillsammans kan hj\u00e4lpas \u00e5t f\u00f6r att ungdomar ska slippa att m\u00e5 d\u00e5ligt.<\/p>\n\n\n\n<p>Grunden till m\u00f6tet \u00e4r det arbete som Alexander Bengtsson, Nikita Johansson, Nora Lindqvist, Ifrata Mokonen, Sura Suleiman och Fredruj Algam har gjort genom att lyfta fr\u00e5gan om psykisk oh\u00e4lsa f\u00f6r unga p\u00e5 ett mycket bra s\u00e4tt. De sex gymnasieungdomarna \u00e4r sj\u00e4lvklart inbjudna till storm\u00f6tet, och vi hoppas att fler ungdomar vill vara med och bidra med f\u00f6rslag och tankar. Deras tankar \u00e4r ov\u00e4rderliga!<\/p>\n\n\n\n<p><strong>F\u00f6r mer information:<\/strong><\/p>\n\n\n\n<p><strong>Mikael Johansson (M),<\/strong> Regionstyrelsens ordf\u00f6rande, 076-720 79 96<\/p>\n","protected":false},"excerpt":{"rendered":"<p>Allt fler ungdomar lider av stress, press, \u00e5ngest och det som vi samlat kallar f\u00f6r psykisk oh\u00e4lsa. Vi m\u00e4rker det inte bara genom att lyssna in debatten, utan ocks\u00e5 i v\u00e5ra verksamheter. &#8211; Vi moderater i Region Kronoberg och V\u00e4xj\u00f6 kommun vill \u00f6ka och f\u00f6rb\u00e4ttra samarbetet f\u00f6r att jobba mot ungdomars psykiska oh\u00e4lsa. D\u00e4rf\u00f6r har [&hellip;]<\/p>\n","protected":false},"author":15,"featured_media":0,"comment_status":"closed","ping_status":"closed","sticky":false,"template":"","format":"standard","meta":{"_acf_changed":false,"_relevanssi_hide_post":"","_relevanssi_hide_content":"","_relevanssi_pin_for_all":"","_relevanssi_pin_keywords":"","_relevanssi_unpin_keywords":"","_relevanssi_related_keywords":"","_relevanssi_related_include_ids":"","_relevanssi_related_exclude_ids":"","_relevanssi_related_no_append":"","_relevanssi_related_not_related":"","_relevanssi_related_posts":"","_relevanssi_noindex_reason":"","footnotes":""},"categories":[1],"tags":[],"subject":[],"class_list":["post-1469","post","type-post","status-publish","format-standard","hentry","category-nyhet"],"acf":[],"publishpress_future_action":{"enabled":false,"date":"2026-05-09 14:33:52","action":"change-status","newStatus":"draft","terms":[],"taxonomy":"category"},"_links":{"self":[{"href":"https:\/\/moderaterna.se\/kronoberg\/wp-json\/wp\/v2\/posts\/1469","targetHints":{"allow":["GET"]}}],"collection":[{"href":"https:\/\/moderaterna.se\/kronoberg\/wp-json\/wp\/v2\/posts"}],"about":[{"href":"https:\/\/moderaterna.se\/kronoberg\/wp-json\/wp\/v2\/types\/post"}],"author":[{"embeddable":true,"href":"https:\/\/moderaterna.se\/kronoberg\/wp-json\/wp\/v2\/users\/15"}],"replies":[{"embeddable":true,"href":"https:\/\/moderaterna.se\/kronoberg\/wp-json\/wp\/v2\/comments?post=1469"}],"version-history":[{"count":6,"href":"https:\/\/moderaterna.se\/kronoberg\/wp-json\/wp\/v2\/posts\/1469\/revisions"}],"predecessor-version":[{"id":1489,"href":"https:\/\/moderaterna.se\/kronoberg\/wp-json\/wp\/v2\/posts\/1469\/revisions\/1489"}],"wp:attachment":[{"href":"https:\/\/moderaterna.se\/kronoberg\/wp-json\/wp\/v2\/media?parent=1469"}],"wp:term":[{"taxonomy":"category","embeddable":true,"href":"https:\/\/moderaterna.se\/kronoberg\/wp-json\/wp\/v2\/categories?post=1469"},{"taxonomy":"post_tag","embeddable":true,"href":"https:\/\/moderaterna.se\/kronoberg\/wp-json\/wp\/v2\/tags?post=1469"},{"taxonomy":"subject","embeddable":true,"href":"https:\/\/moderaterna.se\/kronoberg\/wp-json\/wp\/v2\/subject?post=1469"}],"curies":[{"name":"wp","href":"https:\/\/api.w.org\/{rel}","templated":true}]}}