{"id":3665,"date":"2024-06-08T10:11:29","date_gmt":"2024-06-08T08:11:29","guid":{"rendered":"https:\/\/moderaterna.se\/kalmar\/?p=3665"},"modified":"2024-06-08T10:27:44","modified_gmt":"2024-06-08T08:27:44","slug":"ingen-klimatomstallning-utan-tillvaxt","status":"publish","type":"post","link":"https:\/\/moderaterna.se\/kalmar\/nyhet\/ingen-klimatomstallning-utan-tillvaxt\/","title":{"rendered":"Ingen klimatomst\u00e4llning utan tillv\u00e4xt"},"content":{"rendered":"\n<p>EU ska bli klimatneutralt till 2050, ett m\u00e5l Moderaterna st\u00e5r bakom. Samtidigt ser vi att klimatomst\u00e4llningen m\u00e5ste ske med krav p\u00e5 tillv\u00e4xt och bibeh\u00e5llen konkurrenskraft gentemot \u00f6vriga v\u00e4rlden.<\/p>\n\n\n\n<p>Det \u00e4r avg\u00f6rande f\u00f6r att v\u00e5ra barn och barnbarn ska kunna v\u00e4xa upp i en b\u00e4ttre v\u00e4rld. D\u00e4rf\u00f6r vill vi att EU-kommissionen tar fram ett tillv\u00e4xtm\u00e5l som kompletterar utsl\u00e4ppsm\u00e5len till 2040.<\/p>\n\n\n\n<p>Ett tillv\u00e4xtm\u00e5l beh\u00f6vs inte bara f\u00f6r att EU inte ska halka efter ekonomiskt. Det \u00e4r ocks\u00e5 ett viktigt verktyg f\u00f6r att v\u00e4rna till exempel det svenska skogsbruket som b\u00e5de \u00e4r en klimathj\u00e4lte och en tillv\u00e4xtmotor.<\/p>\n\n\n\n<p>Sverige har visat att det g\u00e5r att \u00f6ka tillv\u00e4xten och minska utsl\u00e4ppen. Sedan \u00e5r 1990 har vi minskat v\u00e5ra utsl\u00e4pp med 37 procent, medan tillv\u00e4xten har \u00f6kat med 92 procent. Under samma tid har den europeiska ekonomin totalt \u00f6kat med 60 procent samtidigt som utsl\u00e4ppen minskat med 25 procent.<\/p>\n\n\n\n<p>EU ska ocks\u00e5 vara ett f\u00f6red\u00f6me som andra l\u00e4nder vill ta efter i det globala klimatarbetet. Om den gr\u00f6na omst\u00e4llningen i Europa leder till fattigdom och \u00f6kad arbetsl\u00f6shet kommer inte l\u00e4nder som USA, Kina och Indien att f\u00f6lja efter.<\/p>\n\n\n\n<p>Tyv\u00e4rr har det b\u00f6rjat h\u00f6ras allt fler r\u00f6dgr\u00f6na r\u00f6ster, b\u00e5de i svensk och europeisk politik, som vill begr\u00e4nsa tillv\u00e4xten. Om dessa r\u00f6ster f\u00e5r styra den gr\u00f6na omst\u00e4llningen s\u00e5 riskerar Kalmar l\u00e4n och Europa att f\u00f6rvandlas till ett utsl\u00e4ppsfritt fattighus i st\u00e4llet f\u00f6r en vibrerande och v\u00e4xande kontinent som st\u00e4ller om med bibeh\u00e5llet v\u00e4lst\u00e5nd.<\/p>\n\n\n\n<p>Tror du som oss, att klimatomst\u00e4llning och tillv\u00e4xt med bibeh\u00e5llen v\u00e4lf\u00e4rd g\u00e5r att kombinera? D\u00e5 ska du r\u00f6sta p\u00e5 Moderaterna i Europavalet p\u00e5 s\u00f6ndag.<\/p>\n\n\n\n<p><strong>M\u00e5ns Linge<\/strong>&nbsp;(M), Europavalskandidat fr\u00e5n Kalmar l\u00e4n<\/p>\n\n\n\n<p><strong>Malin Sj\u00f6lander&nbsp;<\/strong>(M), regionr\u00e5d<\/p>\n\n\n\n<p><strong>P\u00e4r-Gustav Johansson<\/strong>&nbsp;(M), regionr\u00e5d<\/p>\n","protected":false},"excerpt":{"rendered":"<p>EU ska bli klimatneutralt till 2050, ett m\u00e5l Moderaterna st\u00e5r bakom. Samtidigt ser vi att klimatomst\u00e4llningen m\u00e5ste ske med krav p\u00e5 tillv\u00e4xt och bibeh\u00e5llen konkurrenskraft gentemot \u00f6vriga v\u00e4rlden. Det \u00e4r avg\u00f6rande f\u00f6r att v\u00e5ra barn och barnbarn ska kunna v\u00e4xa upp i en b\u00e4ttre v\u00e4rld. D\u00e4rf\u00f6r vill vi att EU-kommissionen tar fram ett tillv\u00e4xtm\u00e5l som [&hellip;]<\/p>\n","protected":false},"author":32,"featured_media":0,"comment_status":"closed","ping_status":"closed","sticky":false,"template":"","format":"standard","meta":{"_acf_changed":false,"_relevanssi_hide_post":"","_relevanssi_hide_content":"","_relevanssi_pin_for_all":"","_relevanssi_pin_keywords":"","_relevanssi_unpin_keywords":"","_relevanssi_related_keywords":"","_relevanssi_related_include_ids":"","_relevanssi_related_exclude_ids":"","_relevanssi_related_no_append":"","_relevanssi_related_not_related":"","_relevanssi_related_posts":"","_relevanssi_noindex_reason":"","footnotes":""},"categories":[1],"tags":[],"subject":[],"class_list":["post-3665","post","type-post","status-publish","format-standard","hentry","category-nyhet"],"acf":[],"publishpress_future_action":{"enabled":false,"date":"2026-05-08 23:16:49","action":"change-status","newStatus":"draft","terms":[],"taxonomy":"category"},"_links":{"self":[{"href":"https:\/\/moderaterna.se\/kalmar\/wp-json\/wp\/v2\/posts\/3665","targetHints":{"allow":["GET"]}}],"collection":[{"href":"https:\/\/moderaterna.se\/kalmar\/wp-json\/wp\/v2\/posts"}],"about":[{"href":"https:\/\/moderaterna.se\/kalmar\/wp-json\/wp\/v2\/types\/post"}],"author":[{"embeddable":true,"href":"https:\/\/moderaterna.se\/kalmar\/wp-json\/wp\/v2\/users\/32"}],"replies":[{"embeddable":true,"href":"https:\/\/moderaterna.se\/kalmar\/wp-json\/wp\/v2\/comments?post=3665"}],"version-history":[{"count":4,"href":"https:\/\/moderaterna.se\/kalmar\/wp-json\/wp\/v2\/posts\/3665\/revisions"}],"predecessor-version":[{"id":3672,"href":"https:\/\/moderaterna.se\/kalmar\/wp-json\/wp\/v2\/posts\/3665\/revisions\/3672"}],"wp:attachment":[{"href":"https:\/\/moderaterna.se\/kalmar\/wp-json\/wp\/v2\/media?parent=3665"}],"wp:term":[{"taxonomy":"category","embeddable":true,"href":"https:\/\/moderaterna.se\/kalmar\/wp-json\/wp\/v2\/categories?post=3665"},{"taxonomy":"post_tag","embeddable":true,"href":"https:\/\/moderaterna.se\/kalmar\/wp-json\/wp\/v2\/tags?post=3665"},{"taxonomy":"subject","embeddable":true,"href":"https:\/\/moderaterna.se\/kalmar\/wp-json\/wp\/v2\/subject?post=3665"}],"curies":[{"name":"wp","href":"https:\/\/api.w.org\/{rel}","templated":true}]}}