{"id":3438,"date":"2024-01-04T14:29:06","date_gmt":"2024-01-04T13:29:06","guid":{"rendered":"https:\/\/moderaterna.se\/kalmar\/?p=3438"},"modified":"2024-01-04T14:29:43","modified_gmt":"2024-01-04T13:29:43","slug":"dags-att-region-kalmar-lan-stottar-landets-totalforsvar","status":"publish","type":"post","link":"https:\/\/moderaterna.se\/kalmar\/nyhet\/dags-att-region-kalmar-lan-stottar-landets-totalforsvar\/","title":{"rendered":"Dags att Region Kalmar l\u00e4n st\u00f6ttar landets totalf\u00f6rsvar"},"content":{"rendered":"\n<p>Om du \u00e4r anst\u00e4lld i region Kalmar l\u00e4n, och i n\u00e5gon av kommunerna, placeras dina pensionsmedel i olika fonder och aktier f\u00f6r att avkastningen l\u00e5ngsiktigt ska bli s\u00e5 god som m\u00f6jligt. Detta har under de senaste \u00e5ren varit mycket framg\u00e5ngsrikt rent ekonomiskt.<\/p>\n\n\n\n<p>F\u00f6r att kapitalet som placeras inte ska hamna inom olaglig och oetisk verksamhet, finns det riktlinjer f\u00f6r finansf\u00f6rvaltningen. I regionens egen riktlinje f\u00f6r finansf\u00f6rvaltning anges att investeringar ska g\u00f6ras enligt de krav som st\u00e4lls i de internationella konventioner som Sverige st\u00e5r bakom.<\/p>\n\n\n\n<p>Regionen ska \u00e4ven undvika placeringar i f\u00f6retag d\u00e4r en del av oms\u00e4ttningen kommer fr\u00e5n produktion och f\u00f6rs\u00e4ljning av tobak eller tobaksprodukter, alkoholvaror, pornografi eller vapen. Man ska ocks\u00e5 undvika investeringar kopplade till fossila br\u00e4nslen och dylikt. Samma riktlinje g\u00e4ller vid indirekta investeringar, till exempel v\u00e4rdepappersfonder.<\/p>\n\n\n\n<p>I och med Rysslands anfallskrig mot Ukraina v\u00e5ren 2022 f\u00f6r\u00e4ndrades s\u00e4kerhetsl\u00e4get i hela Europa och d\u00e4rmed \u00e4ven i Sverige. Idag \u00e4r de flesta \u00f6verens om att ett NATO-medlemskap \u00e4r helt n\u00f6dv\u00e4ndigt och fr\u00e5gan om v\u00e5rt totalf\u00f6rsvar, med s\u00e5v\u00e4l civil som milit\u00e4r beredskap, st\u00e5r h\u00f6gt upp p\u00e5 dagordningen.<\/p>\n\n\n\n<p>Nu st\u00e4lls h\u00f6ga krav om att s\u00e5v\u00e4l v\u00e5r inhemska f\u00f6rsvarsf\u00f6rm\u00e5ga som v\u00e5r inhemska produktion ska leverera. D\u00e4rf\u00f6r anser vi att det \u00e4r p\u00e5 sin plats att kommuner och regioner i l\u00e4net tar st\u00e4llning f\u00f6r v\u00e5r egen f\u00f6rsvarsindustri och placerar kapital i svenska f\u00f6retag som varje dag arbetar med att st\u00e4rka v\u00e5r f\u00f6rsvarsf\u00f6rm\u00e5ga.<\/p>\n\n\n\n<p>I Kalmar l\u00e4n finns till exempel SAAB Barracuda som producerar f\u00f6rsvarsmateriel. Och vi m\u00e5ste vara beredda p\u00e5 att ta sats f\u00f6r nya etableringar framgent. Det \u00e4r dags att \u00e4ven Region Kalmar l\u00e4n satsar p\u00e5 v\u00e5r beredskap. Det \u00e4r inte bara en f\u00f6rsvarsfr\u00e5ga utan \u00e4ven en m\u00f6jlighet f\u00f6r l\u00e4nets f\u00f6retag.<\/p>\n\n\n\n<p>Under \u00e5ret har regionen tagit flera stora steg f\u00f6r att som organisation vara b\u00e4ttre f\u00f6rberedd f\u00f6r kris och krig. Nu anser vi att det \u00e4r dags att regionen \u00e4ven satsar p\u00e5 v\u00e5rt totalf\u00f6rsvar. D\u00e4rf\u00f6r har vi nu lagt ett f\u00f6rslag till regionfullm\u00e4ktige att fatta beslut om att \u00e4ndra riktlinjerna f\u00f6r finansf\u00f6rvaltningen f\u00f6r att m\u00f6jligg\u00f6ra investeringar i f\u00f6retag kopplade till v\u00e5rt totalf\u00f6rsvar.<\/p>\n\n\n\n<p>Det vore ett beslut som gagnar v\u00e5rt totalf\u00f6rsvar och som ger fler arbetstillf\u00e4llen och \u00f6kad tillv\u00e4xt i l\u00e4net.<\/p>\n\n\n\n<p><strong>Malin Sj\u00f6lander<\/strong>&nbsp;(M), vice ordf\u00f6rande regionstyrelsen<\/p>\n\n\n\n<p><strong>P\u00e4r-Gustav Johansson<\/strong>&nbsp;(M), vice ordf\u00f6rande regionala utvecklingsn\u00e4mnden<\/p>\n","protected":false},"excerpt":{"rendered":"<p>Om du \u00e4r anst\u00e4lld i region Kalmar l\u00e4n, och i n\u00e5gon av kommunerna, placeras dina pensionsmedel i olika fonder och aktier f\u00f6r att avkastningen l\u00e5ngsiktigt ska bli s\u00e5 god som m\u00f6jligt. Detta har under de senaste \u00e5ren varit mycket framg\u00e5ngsrikt rent ekonomiskt. F\u00f6r att kapitalet som placeras inte ska hamna inom olaglig och oetisk verksamhet, [&hellip;]<\/p>\n","protected":false},"author":32,"featured_media":0,"comment_status":"closed","ping_status":"closed","sticky":false,"template":"","format":"standard","meta":{"_acf_changed":false,"_relevanssi_hide_post":"","_relevanssi_hide_content":"","_relevanssi_pin_for_all":"","_relevanssi_pin_keywords":"","_relevanssi_unpin_keywords":"","_relevanssi_related_keywords":"","_relevanssi_related_include_ids":"","_relevanssi_related_exclude_ids":"","_relevanssi_related_no_append":"","_relevanssi_related_not_related":"","_relevanssi_related_posts":"2391,3013,3369,1218,2006,2464","_relevanssi_noindex_reason":"","footnotes":""},"categories":[1],"tags":[],"subject":[],"class_list":["post-3438","post","type-post","status-publish","format-standard","hentry","category-nyhet"],"acf":[],"publishpress_future_action":{"enabled":false,"date":"2026-05-07 16:41:34","action":"change-status","newStatus":"draft","terms":[],"taxonomy":"category"},"_links":{"self":[{"href":"https:\/\/moderaterna.se\/kalmar\/wp-json\/wp\/v2\/posts\/3438","targetHints":{"allow":["GET"]}}],"collection":[{"href":"https:\/\/moderaterna.se\/kalmar\/wp-json\/wp\/v2\/posts"}],"about":[{"href":"https:\/\/moderaterna.se\/kalmar\/wp-json\/wp\/v2\/types\/post"}],"author":[{"embeddable":true,"href":"https:\/\/moderaterna.se\/kalmar\/wp-json\/wp\/v2\/users\/32"}],"replies":[{"embeddable":true,"href":"https:\/\/moderaterna.se\/kalmar\/wp-json\/wp\/v2\/comments?post=3438"}],"version-history":[{"count":3,"href":"https:\/\/moderaterna.se\/kalmar\/wp-json\/wp\/v2\/posts\/3438\/revisions"}],"predecessor-version":[{"id":3442,"href":"https:\/\/moderaterna.se\/kalmar\/wp-json\/wp\/v2\/posts\/3438\/revisions\/3442"}],"wp:attachment":[{"href":"https:\/\/moderaterna.se\/kalmar\/wp-json\/wp\/v2\/media?parent=3438"}],"wp:term":[{"taxonomy":"category","embeddable":true,"href":"https:\/\/moderaterna.se\/kalmar\/wp-json\/wp\/v2\/categories?post=3438"},{"taxonomy":"post_tag","embeddable":true,"href":"https:\/\/moderaterna.se\/kalmar\/wp-json\/wp\/v2\/tags?post=3438"},{"taxonomy":"subject","embeddable":true,"href":"https:\/\/moderaterna.se\/kalmar\/wp-json\/wp\/v2\/subject?post=3438"}],"curies":[{"name":"wp","href":"https:\/\/api.w.org\/{rel}","templated":true}]}}