{"id":3344,"date":"2023-11-09T08:42:12","date_gmt":"2023-11-09T07:42:12","guid":{"rendered":"https:\/\/moderaterna.se\/kalmar\/?p=3344"},"modified":"2023-11-09T08:45:42","modified_gmt":"2023-11-09T07:45:42","slug":"aldreomsorgen-ar-en-hjartefraga","status":"publish","type":"post","link":"https:\/\/moderaterna.se\/kalmar\/nyhet\/aldreomsorgen-ar-en-hjartefraga\/","title":{"rendered":"\u00c4ldreomsorgen \u00e4r en hj\u00e4rtefr\u00e5ga"},"content":{"rendered":"\n<p>\u00c4ldreomsorgen \u00e4r en hj\u00e4rtefr\u00e5ga f\u00f6r m\u00e5nga av oss. Det \u00e4r en sektor d\u00e4r engagemang, medm\u00e4nsklighet och omsorg utg\u00f6r ryggraden. De m\u00e4nniskor som \u00e4gnar sitt liv \u00e5t att v\u00e5rda v\u00e5ra \u00e4ldre f\u00f6rtj\u00e4nar att bli hyllade och uppskattade f\u00f6r sitt arbete.<\/p>\n\n\n\n<p>Det \u00e4r ocks\u00e5 h\u00f6g tid att vi b\u00f6rjar locka fler medarbetare till \u00e4ldreomsorgen och visa att detta \u00e4r \u201dV\u00e4rldens b\u00e4sta jobb.\u201d<\/p>\n\n\n\n<p>Kalmaralliansen har lagt fram ett f\u00f6rslag i omsorgsn\u00e4mnden om att anv\u00e4nda en del av \u00e5rets prognostiserade \u00f6verskott f\u00f6r att finansiera en reklamkampanj som syftar till att \u00f6ka intresset f\u00f6r att arbeta inom \u00e4ldreomsorgen. Vi tror s\u00e5klart inte att en reklamkampanj \u00e4r l\u00f6sningen p\u00e5 omsorgens alla utmaningar som v\u00e4ntar. Men vi tror att det kan vara en del av v\u00e4gen fram\u00e5t.<\/p>\n\n\n\n<p>\u00c4ldreomsorgen st\u00e5r inf\u00f6r en v\u00e4xande utmaning. En \u00e5ldrande befolkning kr\u00e4ver mer st\u00f6d och v\u00e5rd \u00e4n n\u00e5gonsin tidigare, och samtidigt \u00e4r bristen p\u00e5 kvalificerad personal en v\u00e4xande oro. Att finna och beh\u00e5lla kompetenta medarbetare inom \u00e4ldreomsorgen har blivit en daglig str\u00e4van. F\u00f6r att m\u00f6ta denna utmaning m\u00e5ste vi agera nu. Kalmaralliansens f\u00f6rslag handlar om att visa p\u00e5 de positiva och meningsfulla aspekterna av arbete inom \u00e4ldreomsorgen. Att vara del av ett team som ger \u00e4ldre m\u00e4nniskor en trygg och v\u00e4rdig tillvaro \u00e4r n\u00e5got som ger s\u00e5 mycket tillbaka.<\/p>\n\n\n\n<p>N\u00e4r vi m\u00f6ter \u00e4ldreomsorgspersonal, h\u00f6r vi ofta denna mening: \u201dDet h\u00e4r \u00e4r v\u00e4rldens b\u00e4sta jobb.\u201d \u00c4ldreomsorgspersonalen har den unika m\u00f6jligheten att g\u00f6ra en verklig skillnad i m\u00e4nniskors liv. De skapar minnen, ger st\u00f6d och sprider v\u00e4rme i en \u00f6mt\u00e5lig fas i m\u00e4nniskors liv. Vi vill ta fasta p\u00e5 denna fina k\u00e4nsla och l\u00e5ta v\u00e5ra medarbetare vara huvudpersonerna i kampanjen d\u00e4r de ges utrymme att ber\u00e4tta om varf\u00f6r de har v\u00e4rldens b\u00e4sta jobb.<\/p>\n\n\n\n<p>V\u00e5rt f\u00f6rslag \u00e4r inte bara en \u00f6vning i marknadsf\u00f6ring. Det \u00e4r en investering i framtiden f\u00f6r v\u00e5r \u00e4ldreomsorg och f\u00f6r v\u00e5ra \u00e4ldre medborgare. Genom att \u00f6ka antalet kvalificerade och engagerade medarbetare inom sektorn kan vi s\u00e4kerst\u00e4lla att v\u00e5ra \u00e4ldre inv\u00e5nare f\u00e5r den omsorg och uppm\u00e4rksamhet de f\u00f6rtj\u00e4nar. Genom att visa att \u00e4ldreomsorgen \u00e4r \u201dV\u00e4rldens b\u00e4sta jobb\u201d kan vi \u00e4ndra uppfattningen om sektorn och locka nya medarbetare.<\/p>\n\n\n\n<p>Slutligen handlar detta f\u00f6rslag om att visa att vi som samh\u00e4lle v\u00e4rderar \u00e4ldreomsorgen och de som arbetar inom den. Genom att ge \u00e4ldreomsorgspersonalen den uppskattning de f\u00f6rtj\u00e4nar, kan vi skapa en positiv cirkel d\u00e4r fler k\u00e4nner sig motiverade att g\u00e5 in i yrket och d\u00e4r befintlig personal k\u00e4nner sig st\u00e4rkta och upplyfta.<\/p>\n\n\n\n<p>Kalmaralliansen i Omsorgsn\u00e4mnden<\/p>\n\n\n\n<p><strong>M\u00e5ns Linge (M)<\/strong><\/p>\n\n\n\n<p><strong>Annica Portland Bengtsson (M)<\/strong><\/p>\n\n\n\n<p><strong>Lena Mattsson (M)<\/strong><\/p>\n\n\n\n<p><strong>Nils Ahlberg (M)<\/strong><\/p>\n\n\n\n<p><strong>Liselotte Ammert (KD)<\/strong><\/p>\n\n\n\n<p><strong>Amanda Falk (L)<\/strong><\/p>\n","protected":false},"excerpt":{"rendered":"<p>\u00c4ldreomsorgen \u00e4r en hj\u00e4rtefr\u00e5ga f\u00f6r m\u00e5nga av oss. Det \u00e4r en sektor d\u00e4r engagemang, medm\u00e4nsklighet och omsorg utg\u00f6r ryggraden. De m\u00e4nniskor som \u00e4gnar sitt liv \u00e5t att v\u00e5rda v\u00e5ra \u00e4ldre f\u00f6rtj\u00e4nar att bli hyllade och uppskattade f\u00f6r sitt arbete. Det \u00e4r ocks\u00e5 h\u00f6g tid att vi b\u00f6rjar locka fler medarbetare till \u00e4ldreomsorgen och visa att [&hellip;]<\/p>\n","protected":false},"author":32,"featured_media":0,"comment_status":"closed","ping_status":"closed","sticky":false,"template":"","format":"standard","meta":{"_acf_changed":false,"_relevanssi_hide_post":"","_relevanssi_hide_content":"","_relevanssi_pin_for_all":"","_relevanssi_pin_keywords":"","_relevanssi_unpin_keywords":"","_relevanssi_related_keywords":"","_relevanssi_related_include_ids":"","_relevanssi_related_exclude_ids":"","_relevanssi_related_no_append":"","_relevanssi_related_not_related":"","_relevanssi_related_posts":"1603,2622,2063,2184,3109,2709","_relevanssi_noindex_reason":"","footnotes":""},"categories":[1],"tags":[],"subject":[],"class_list":["post-3344","post","type-post","status-publish","format-standard","hentry","category-nyhet"],"acf":[],"publishpress_future_action":{"enabled":false,"date":"2026-05-08 04:27:32","action":"change-status","newStatus":"draft","terms":[],"taxonomy":"category"},"_links":{"self":[{"href":"https:\/\/moderaterna.se\/kalmar\/wp-json\/wp\/v2\/posts\/3344","targetHints":{"allow":["GET"]}}],"collection":[{"href":"https:\/\/moderaterna.se\/kalmar\/wp-json\/wp\/v2\/posts"}],"about":[{"href":"https:\/\/moderaterna.se\/kalmar\/wp-json\/wp\/v2\/types\/post"}],"author":[{"embeddable":true,"href":"https:\/\/moderaterna.se\/kalmar\/wp-json\/wp\/v2\/users\/32"}],"replies":[{"embeddable":true,"href":"https:\/\/moderaterna.se\/kalmar\/wp-json\/wp\/v2\/comments?post=3344"}],"version-history":[{"count":4,"href":"https:\/\/moderaterna.se\/kalmar\/wp-json\/wp\/v2\/posts\/3344\/revisions"}],"predecessor-version":[{"id":3349,"href":"https:\/\/moderaterna.se\/kalmar\/wp-json\/wp\/v2\/posts\/3344\/revisions\/3349"}],"wp:attachment":[{"href":"https:\/\/moderaterna.se\/kalmar\/wp-json\/wp\/v2\/media?parent=3344"}],"wp:term":[{"taxonomy":"category","embeddable":true,"href":"https:\/\/moderaterna.se\/kalmar\/wp-json\/wp\/v2\/categories?post=3344"},{"taxonomy":"post_tag","embeddable":true,"href":"https:\/\/moderaterna.se\/kalmar\/wp-json\/wp\/v2\/tags?post=3344"},{"taxonomy":"subject","embeddable":true,"href":"https:\/\/moderaterna.se\/kalmar\/wp-json\/wp\/v2\/subject?post=3344"}],"curies":[{"name":"wp","href":"https:\/\/api.w.org\/{rel}","templated":true}]}}