{"id":3071,"date":"2023-02-20T16:04:54","date_gmt":"2023-02-20T15:04:54","guid":{"rendered":"https:\/\/moderaterna.se\/kalmar\/?p=3071"},"modified":"2023-02-20T16:04:54","modified_gmt":"2023-02-20T15:04:54","slug":"den-storsta-okningen-av-medlemmar-i-moderaterna-sedan-1985","status":"publish","type":"post","link":"https:\/\/moderaterna.se\/kalmar\/nyhet\/den-storsta-okningen-av-medlemmar-i-moderaterna-sedan-1985\/","title":{"rendered":"Den st\u00f6rsta \u00f6kningen av medlemmar i Moderaterna sedan 1985"},"content":{"rendered":"\n<p><strong>Moderaterna har under 2022 haft en kraftig \u00f6kning av medlemmar. Med en tydlig politik och en vilja att f\u00e5 ordning p\u00e5 Sverige, samlar Moderaterna nu tusentals fler medlemmar \u00e4n 2021 och g\u00f6r den st\u00f6rsta medlems\u00f6kningen sedan 1985.<\/strong><\/p>\n\n\n\n<p>Allt fler vill engagera sig och vara medlemmar i Moderaterna, det visar den senaste medlemsstatistiken. Det senaste \u00e5ret har Moderaterna \u00f6kat med n\u00e4stan 7&nbsp;000 medlemmar. Personer som valt att engagera sig och vara delaktiga i Moderaternas arbete f\u00f6r \u00f6kad frihet och en tydlig politik f\u00f6r att f\u00e5 ordning p\u00e5 Sverige. Totalt, f\u00f6r 2022, samlar Moderaterna 49&nbsp;768 medlemmar.<\/p>\n\n\n\n<blockquote class=\"wp-block-quote is-layout-flow wp-block-quote-is-layout-flow\"><p>Moderaterna har gjort den st\u00f6rsta medlems\u00f6kningen sedan 1985, vilket \u00e4r b\u00e5de roligt och&nbsp;<em>betydelsefullt<\/em>. Det visar att vi som parti \u00e4r v\u00e4lm\u00e5ende och driver en politik som \u00e4r relevant och engagerande,<\/p><cite>s\u00e4ger Karin Enstr\u00f6m, partisekreterare, och till\u00e4gger:<\/cite><\/blockquote>\n\n\n\n<p>\u2013&nbsp;Medlemmarna \u00e4r v\u00e5r st\u00f6rsta styrka och vi ser resultatet av framg\u00e5ngsrik valr\u00f6relse d\u00e4r vi fick v\u00e4ljarnas&nbsp;<em>f\u00f6rtroende<\/em>&nbsp;att bilda regering med Ulf Kristersson som statsminister. Det \u00e4r ett styrkebesked att s\u00e5 m\u00e5nga vill vara delaktiga i Moderaternas arbete.&nbsp;<\/p>\n\n\n\n<p>I absoluta tal \u00e4r det den st\u00f6rsta medlems\u00f6kningen sedan 1985, och procentuellt sett den st\u00f6rsta \u00f6kningen p\u00e5 68 \u00e5r. Den st\u00f6rsta \u00f6kningen av medlemmar, det senaste \u00e5ret, \u00e4r bland unga.<\/p>\n\n\n\n<p>\u2013&nbsp;Att vi v\u00e4xer kraftigt bland unga \u00e4r tryggt f\u00f6r framtiden. H\u00e4r har vi&nbsp;<em>inte minst<\/em>&nbsp;v\u00e5rt fantastiska&nbsp;<a href=\"http:\/\/muf.se\/\" target=\"_blank\" rel=\"noreferrer noopener\">ungdomsf\u00f6rbund<\/a>&nbsp;att tacka, utan deras ih\u00e5llande&nbsp;kampanjande&nbsp;hade vi inte n\u00e5tt dessa starka medlemssiffror bland unga.<\/p>\n\n\n\n<blockquote class=\"wp-block-quote is-layout-flow wp-block-quote-is-layout-flow\"><p>\u2013&nbsp;Till alla nya medlemmar i det moderata laget \u2013 ni \u00e4r varmt v\u00e4lkomna! Ta g\u00e4rna med v\u00e4nner och bekanta, vi har plats f\u00f6r m\u00e5nga fler, avslutar Karin Enstr\u00f6m.<\/p><\/blockquote>\n","protected":false},"excerpt":{"rendered":"<p>Moderaterna har under 2022 haft en kraftig \u00f6kning av medlemmar. Med en tydlig politik och en vilja att f\u00e5 ordning p\u00e5 Sverige, samlar Moderaterna nu tusentals fler medlemmar \u00e4n 2021 och g\u00f6r den st\u00f6rsta medlems\u00f6kningen sedan 1985. Allt fler vill engagera sig och vara medlemmar i Moderaterna, det visar den senaste medlemsstatistiken. Det senaste \u00e5ret [&hellip;]<\/p>\n","protected":false},"author":32,"featured_media":0,"comment_status":"closed","ping_status":"closed","sticky":false,"template":"","format":"standard","meta":{"_acf_changed":false,"_relevanssi_hide_post":"","_relevanssi_hide_content":"","_relevanssi_pin_for_all":"","_relevanssi_pin_keywords":"","_relevanssi_unpin_keywords":"","_relevanssi_related_keywords":"","_relevanssi_related_include_ids":"","_relevanssi_related_exclude_ids":"","_relevanssi_related_no_append":"","_relevanssi_related_not_related":"","_relevanssi_related_posts":"","_relevanssi_noindex_reason":"","footnotes":""},"categories":[1],"tags":[],"subject":[],"class_list":["post-3071","post","type-post","status-publish","format-standard","hentry","category-nyhet"],"acf":[],"publishpress_future_action":{"enabled":false,"date":"2026-05-08 15:16:06","action":"change-status","newStatus":"draft","terms":[],"taxonomy":"category"},"_links":{"self":[{"href":"https:\/\/moderaterna.se\/kalmar\/wp-json\/wp\/v2\/posts\/3071","targetHints":{"allow":["GET"]}}],"collection":[{"href":"https:\/\/moderaterna.se\/kalmar\/wp-json\/wp\/v2\/posts"}],"about":[{"href":"https:\/\/moderaterna.se\/kalmar\/wp-json\/wp\/v2\/types\/post"}],"author":[{"embeddable":true,"href":"https:\/\/moderaterna.se\/kalmar\/wp-json\/wp\/v2\/users\/32"}],"replies":[{"embeddable":true,"href":"https:\/\/moderaterna.se\/kalmar\/wp-json\/wp\/v2\/comments?post=3071"}],"version-history":[{"count":2,"href":"https:\/\/moderaterna.se\/kalmar\/wp-json\/wp\/v2\/posts\/3071\/revisions"}],"predecessor-version":[{"id":3074,"href":"https:\/\/moderaterna.se\/kalmar\/wp-json\/wp\/v2\/posts\/3071\/revisions\/3074"}],"wp:attachment":[{"href":"https:\/\/moderaterna.se\/kalmar\/wp-json\/wp\/v2\/media?parent=3071"}],"wp:term":[{"taxonomy":"category","embeddable":true,"href":"https:\/\/moderaterna.se\/kalmar\/wp-json\/wp\/v2\/categories?post=3071"},{"taxonomy":"post_tag","embeddable":true,"href":"https:\/\/moderaterna.se\/kalmar\/wp-json\/wp\/v2\/tags?post=3071"},{"taxonomy":"subject","embeddable":true,"href":"https:\/\/moderaterna.se\/kalmar\/wp-json\/wp\/v2\/subject?post=3071"}],"curies":[{"name":"wp","href":"https:\/\/api.w.org\/{rel}","templated":true}]}}