{"id":3000,"date":"2023-01-19T09:27:29","date_gmt":"2023-01-19T08:27:29","guid":{"rendered":"https:\/\/moderaterna.se\/kalmar\/?p=3000"},"modified":"2023-01-20T10:21:23","modified_gmt":"2023-01-20T09:21:23","slug":"ett-gronare-sakrare-och-friare-europa","status":"publish","type":"post","link":"https:\/\/moderaterna.se\/kalmar\/nyhet\/ett-gronare-sakrare-och-friare-europa\/","title":{"rendered":"Ett gr\u00f6nare, s\u00e4krare och friare Europa"},"content":{"rendered":"\n<p>\u201dEuropeiska unionens dragningskraft \u00e4r stark f\u00f6r m\u00e5nga av de europ\u00e9er som \u00e4nnu inte \u00e4r en del av den. V\u00e5ra gemensamma europeiska v\u00e4rderingar och demokratiska institutioner, v\u00e5rt v\u00e4lst\u00e5nd och den fred och frihet vi numera lever i, det \u00e4r vad Ukraina hoppas vinna.\u201d<\/p>\n\n\n\n<p>Allra tydligast \u00e4r det n\u00e4r ukrainska styrkor innan \u00e5rsskiftet \u00e5tertog Cherson och hissade EU-flaggan bredvid Ukrainas flagga. I \u00e5r tar Sverige \u00f6ver ordf\u00f6randeskapet &#8211; det \u00e4r en l\u00e5ngsiktig svensk investering, d\u00e4r ett effektivt och resultatorienterat genomf\u00f6rande l\u00e4gger grunden f\u00f6r st\u00f6rre svenskt inflytande i EU fram\u00f6ver. Fyra omr\u00e5den kommer att pr\u00e4gla det svenska ordf\u00f6randeskapet:<\/p>\n\n\n\n<p><strong>EU:s yttre och inre s\u00e4kerhet<\/strong><\/p>\n\n\n\n<p>EU:s snabba och beslutsamma svar p\u00e5 den ryska aggressionen mot Ukraina var ett styrkebesked. Att beh\u00e5lla denna enighet b\u00e5de vad g\u00e4ller f\u00f6rst\u00e4rkt st\u00f6d till Ukraina och sanktioner mot den ryska regimen kommer att bli en sv\u00e5r men helt central uppgift. EUs yttre och inre s\u00e4kerhet \u00e4r viktig. Vi beh\u00f6ver f\u00f6rst\u00e4rkt bevakning av EU:s yttre gr\u00e4ns och reformerad migrationspolitik, samt ut\u00f6kat polissamarbete f\u00f6r att bek\u00e4mpa gr\u00e4ns\u00f6verskridande organiserad brottslighet.<\/p>\n\n\n\n<p><strong>Klimat och gr\u00f6n omst\u00e4llning<\/strong><\/p>\n\n\n\n<p>Klimatf\u00f6r\u00e4ndringarna \u00e4r ett av v\u00e5r tids stora gr\u00e4ns\u00f6verskridande problem och EU \u00e4r en av v\u00e4rldens viktigaste klimatpolitiska akt\u00f6rer. EU \u00e4r ocks\u00e5 Sveriges viktigaste klimatpolitiska plattform &#8211; det \u00e4r inte genom nationella s\u00e4rl\u00f6sningar vi uppn\u00e5r resultat. Regeringen kommer ocks\u00e5 att verka f\u00f6r att EU snabbt minskar sitt beroende av rysk gas och andra fossila energik\u00e4llor.<\/p>\n\n\n\n<p><strong>Europeisk konkurrenskraft<\/strong><\/p>\n\n\n\n<p>EU beh\u00f6ver en l\u00e5ngsiktig agenda f\u00f6r att st\u00e4rka Europas konkurrenskraft. EU har under l\u00e5ng tid nedprioriterat konkurrenskraften till f\u00f6rm\u00e5n f\u00f6r kortsiktiga satsningar och komplicerade regelverk. Alla medlemsl\u00e4nder har \u2013 precis som Sverige \u2013 mycket att vinna p\u00e5 ett ekonomiskt starkt EU och d\u00e5 kr\u00e4vs mer frihandel och konkurrenskraft.<\/p>\n\n\n\n<p><strong>Demokrati och r\u00e4ttsstat<\/strong><\/p>\n\n\n\n<p>Demokratiska v\u00e4rderingar och r\u00e4ttsstatens principer utg\u00f6r grunden f\u00f6r v\u00e5rt samarbete. Oberoende r\u00e4ttssystem och fungerande demokratiska institutioner \u00e4r en f\u00f6ruts\u00e4ttning f\u00f6r \u00f6msesidig tillit mellan medlemsstaterna. Att sl\u00e5 vakt om den liberala demokratins grundl\u00e4ggande principer \u00e4r d\u00e4rf\u00f6r en k\u00e4rnuppgift f\u00f6r den h\u00e4r regeringens ordf\u00f6randeskap.<\/p>\n\n\n\n<p>Sverige \u00e4r ordf\u00f6rande i EU f\u00f6r tredje g\u00e5ngen. Vi g\u00f6r det i en sv\u00e5r tid med flera parallella kriser: Rysslands brutala anfallskrig mot Ukraina. I krigets k\u00f6lvatten en energikris och stora ekonomiska sv\u00e5righeter. D\u00e4rtill hotet fr\u00e5n klimatf\u00f6r\u00e4ndringar. Arbetet att hitta gemensamma linjer kommer att bli pr\u00f6vande. Att h\u00e5lla samman unionen i en tid pr\u00e4glad av krig och kris kommer att vara en sv\u00e5r och ansvarsfylld uppgift.<\/p>\n\n\n\n<p><strong>Marie Nicholson<\/strong>&nbsp;(M), riksdagsledamot, Kalmar l\u00e4n<\/p>\n\n\n\n<p><strong>Jessika Roswall&nbsp;<\/strong>(M), EU-minister<\/p>\n","protected":false},"excerpt":{"rendered":"<p>\u201dEuropeiska unionens dragningskraft \u00e4r stark f\u00f6r m\u00e5nga av de europ\u00e9er som \u00e4nnu inte \u00e4r en del av den. V\u00e5ra gemensamma europeiska v\u00e4rderingar och demokratiska institutioner, v\u00e5rt v\u00e4lst\u00e5nd och den fred och frihet vi numera lever i, det \u00e4r vad Ukraina hoppas vinna.\u201d Allra tydligast \u00e4r det n\u00e4r ukrainska styrkor innan \u00e5rsskiftet \u00e5tertog Cherson och hissade [&hellip;]<\/p>\n","protected":false},"author":32,"featured_media":0,"comment_status":"closed","ping_status":"closed","sticky":false,"template":"","format":"standard","meta":{"_acf_changed":false,"_relevanssi_hide_post":"","_relevanssi_hide_content":"","_relevanssi_pin_for_all":"","_relevanssi_pin_keywords":"","_relevanssi_unpin_keywords":"","_relevanssi_related_keywords":"","_relevanssi_related_include_ids":"","_relevanssi_related_exclude_ids":"","_relevanssi_related_no_append":"","_relevanssi_related_not_related":"","_relevanssi_related_posts":"","_relevanssi_noindex_reason":"","footnotes":""},"categories":[1],"tags":[],"subject":[],"class_list":["post-3000","post","type-post","status-publish","format-standard","hentry","category-nyhet"],"acf":[],"publishpress_future_action":{"enabled":false,"date":"2026-05-08 21:00:17","action":"change-status","newStatus":"draft","terms":[],"taxonomy":"category"},"_links":{"self":[{"href":"https:\/\/moderaterna.se\/kalmar\/wp-json\/wp\/v2\/posts\/3000","targetHints":{"allow":["GET"]}}],"collection":[{"href":"https:\/\/moderaterna.se\/kalmar\/wp-json\/wp\/v2\/posts"}],"about":[{"href":"https:\/\/moderaterna.se\/kalmar\/wp-json\/wp\/v2\/types\/post"}],"author":[{"embeddable":true,"href":"https:\/\/moderaterna.se\/kalmar\/wp-json\/wp\/v2\/users\/32"}],"replies":[{"embeddable":true,"href":"https:\/\/moderaterna.se\/kalmar\/wp-json\/wp\/v2\/comments?post=3000"}],"version-history":[{"count":6,"href":"https:\/\/moderaterna.se\/kalmar\/wp-json\/wp\/v2\/posts\/3000\/revisions"}],"predecessor-version":[{"id":3007,"href":"https:\/\/moderaterna.se\/kalmar\/wp-json\/wp\/v2\/posts\/3000\/revisions\/3007"}],"wp:attachment":[{"href":"https:\/\/moderaterna.se\/kalmar\/wp-json\/wp\/v2\/media?parent=3000"}],"wp:term":[{"taxonomy":"category","embeddable":true,"href":"https:\/\/moderaterna.se\/kalmar\/wp-json\/wp\/v2\/categories?post=3000"},{"taxonomy":"post_tag","embeddable":true,"href":"https:\/\/moderaterna.se\/kalmar\/wp-json\/wp\/v2\/tags?post=3000"},{"taxonomy":"subject","embeddable":true,"href":"https:\/\/moderaterna.se\/kalmar\/wp-json\/wp\/v2\/subject?post=3000"}],"curies":[{"name":"wp","href":"https:\/\/api.w.org\/{rel}","templated":true}]}}