{"id":2931,"date":"2022-12-16T12:25:45","date_gmt":"2022-12-16T11:25:45","guid":{"rendered":"https:\/\/moderaterna.se\/kalmar\/?p=2931"},"modified":"2022-12-23T11:17:44","modified_gmt":"2022-12-23T10:17:44","slug":"svidande-julklapp-fran-socialdemokraterna","status":"publish","type":"post","link":"https:\/\/moderaterna.se\/kalmar\/nyhet\/svidande-julklapp-fran-socialdemokraterna\/","title":{"rendered":"Debatt: (S)vidande julklapp fr\u00e5n Socialdemokraterna"},"content":{"rendered":"\n<p>Att Sveriges kommuner och regioner g\u00e5r mot sv\u00e5rare ekonomiska tider har nog inte undg\u00e5tt n\u00e5gon. Moderaterna och Kristdemokraterna har under flera \u00e5r varnat f\u00f6r att s\u00f6tebr\u00f6dsdagarna tar slut och att en ansvarsfull politisk ledning ser till att vara f\u00f6rberedd \u2013 inte bara f\u00f6rlita sig p\u00e5 lyckosamma b\u00f6rsplaceringar och sv\u00e4rmar av tillf\u00e4lliga statsbidrag. Region Kalmar l\u00e4n har inte gjort n\u00e5gon grundl\u00e4ggande genomlysning av ekonomin sedan 2002 och tyv\u00e4rr ser vi inte n\u00e5gra tecken p\u00e5 att Socialdemokraterna ska ta sig an detta kommande \u00e5r.<\/p>\n\n\n\n<p>Hur v\u00e4ljer d\u00e5 Angelica Katsanidou och hennes partikamrater att l\u00f6sa den uppseglande ekonomiska krisen? Genom att flagga f\u00f6r varsel av personal och skatteh\u00f6jningar f\u00f6r alla som arbetar och bor i Kalmar l\u00e4n (Barometern 14\/12 -22), det \u00e4r just en fin julklapp! N\u00e4r regionens medarbetare nu ska klara av underbemanning och st\u00e4ngda v\u00e5rdplatser denna jul, samtidigt som patientfl\u00f6det ser ut att bli historiskt h\u00f6gt, s\u00e5 ska de ocks\u00e5 g\u00e5 med en klump i magen f\u00f6r att regionstyrelsens ordf\u00f6rande inte har kontroll p\u00e5 ekonomin utan \u00e4r beredd att varsla personal framf\u00f6r att sj\u00e4lv g\u00f6ra jobbet och s\u00e4kerst\u00e4lla att s\u00e5 m\u00e5nga skattekronor som m\u00f6jligt g\u00e5r till sjukv\u00e5rden.<\/p>\n\n\n\n<p>Det blir ocks\u00e5 en svidande julklapp till l\u00e4nets medborgare som nu k\u00e4mpar mot en h\u00f6g inflation, en elmarknad som k\u00f6rts i botten och en l\u00e5gkonjunktur framf\u00f6r d\u00f6rren.<\/p>\n\n\n\n<p>Att f\u00f6rmodligen leverera ytterligare skatteh\u00f6jningar kan tyckas vara en ovanligt d\u00e5lig tajming.<\/p>\n\n\n\n<p>V\u00e5r julklapp till medborgarna \u00e4r att vi \u00e4r redo att ta \u00f6ver styret om det visar sig att den nuvarande regionmajoriteten inte h\u00e5ller m\u00e5ttet. Ett gott ledarskap handlar om att ta ansvar, inte ducka och \u00e5terkommande skylla p\u00e5 omst\u00e4ndigheter.&nbsp;<\/p>\n\n\n\n<p>Vi \u00e4r beredda att leda och forts\u00e4tta k\u00e4mpa f\u00f6r att all v\u00e5rdpersonal ska f\u00e5 trygga och goda f\u00f6ruts\u00e4ttningar att kunna utf\u00f6ra sitt jobb och k\u00e4nna arbetsgl\u00e4dje. F\u00f6r nuvarande majoritet kan det vara den finaste av g\u00e5vor.<\/p>\n\n\n\n<p>God jul!<\/p>\n\n\n\n<p>Malin Sj\u00f6lander (M)<br>Jimmy Loord (KD)<\/p>\n","protected":false},"excerpt":{"rendered":"<p>Att Sveriges kommuner och regioner g\u00e5r mot sv\u00e5rare ekonomiska tider har nog inte undg\u00e5tt n\u00e5gon. Moderaterna och Kristdemokraterna har under flera \u00e5r varnat f\u00f6r att s\u00f6tebr\u00f6dsdagarna tar slut och att en ansvarsfull politisk ledning ser till att vara f\u00f6rberedd \u2013 inte bara f\u00f6rlita sig p\u00e5 lyckosamma b\u00f6rsplaceringar och sv\u00e4rmar av tillf\u00e4lliga statsbidrag. Region Kalmar l\u00e4n [&hellip;]<\/p>\n","protected":false},"author":69,"featured_media":0,"comment_status":"closed","ping_status":"closed","sticky":false,"template":"","format":"standard","meta":{"_acf_changed":false,"_relevanssi_hide_post":"","_relevanssi_hide_content":"","_relevanssi_pin_for_all":"","_relevanssi_pin_keywords":"","_relevanssi_unpin_keywords":"","_relevanssi_related_keywords":"","_relevanssi_related_include_ids":"","_relevanssi_related_exclude_ids":"","_relevanssi_related_no_append":"","_relevanssi_related_not_related":"","_relevanssi_related_posts":"","_relevanssi_noindex_reason":"","footnotes":""},"categories":[1],"tags":[],"subject":[],"class_list":["post-2931","post","type-post","status-publish","format-standard","hentry","category-nyhet"],"acf":[],"publishpress_future_action":{"enabled":false,"date":"2026-05-07 16:33:51","action":"change-status","newStatus":"draft","terms":[],"taxonomy":"category"},"_links":{"self":[{"href":"https:\/\/moderaterna.se\/kalmar\/wp-json\/wp\/v2\/posts\/2931","targetHints":{"allow":["GET"]}}],"collection":[{"href":"https:\/\/moderaterna.se\/kalmar\/wp-json\/wp\/v2\/posts"}],"about":[{"href":"https:\/\/moderaterna.se\/kalmar\/wp-json\/wp\/v2\/types\/post"}],"author":[{"embeddable":true,"href":"https:\/\/moderaterna.se\/kalmar\/wp-json\/wp\/v2\/users\/69"}],"replies":[{"embeddable":true,"href":"https:\/\/moderaterna.se\/kalmar\/wp-json\/wp\/v2\/comments?post=2931"}],"version-history":[{"count":4,"href":"https:\/\/moderaterna.se\/kalmar\/wp-json\/wp\/v2\/posts\/2931\/revisions"}],"predecessor-version":[{"id":2956,"href":"https:\/\/moderaterna.se\/kalmar\/wp-json\/wp\/v2\/posts\/2931\/revisions\/2956"}],"wp:attachment":[{"href":"https:\/\/moderaterna.se\/kalmar\/wp-json\/wp\/v2\/media?parent=2931"}],"wp:term":[{"taxonomy":"category","embeddable":true,"href":"https:\/\/moderaterna.se\/kalmar\/wp-json\/wp\/v2\/categories?post=2931"},{"taxonomy":"post_tag","embeddable":true,"href":"https:\/\/moderaterna.se\/kalmar\/wp-json\/wp\/v2\/tags?post=2931"},{"taxonomy":"subject","embeddable":true,"href":"https:\/\/moderaterna.se\/kalmar\/wp-json\/wp\/v2\/subject?post=2931"}],"curies":[{"name":"wp","href":"https:\/\/api.w.org\/{rel}","templated":true}]}}