{"id":2602,"date":"2022-09-06T12:33:59","date_gmt":"2022-09-06T10:33:59","guid":{"rendered":"https:\/\/moderaterna.se\/kalmar\/?p=2602"},"modified":"2022-09-06T12:34:00","modified_gmt":"2022-09-06T10:34:00","slug":"tandvarden-i-kalmar-lan","status":"publish","type":"post","link":"https:\/\/moderaterna.se\/kalmar\/nyhet\/tandvarden-i-kalmar-lan\/","title":{"rendered":"Tandv\u00e5rden i Kalmar l\u00e4n"},"content":{"rendered":"\n<p>Folktandv\u00e5rden i Region Kalmar l\u00e4n har ett gott anseende och erbjuder tandv\u00e5rd med h\u00f6g kvalitet och tillg\u00e4nglighet, men personaloms\u00e4ttningen \u00e4r orov\u00e4ckande h\u00f6g. Det \u00e4r Folktandv\u00e5rden som har det \u00f6vergripande ansvaret f\u00f6r barn- och ungdomstandv\u00e5rden i l\u00e4net. Det inneb\u00e4r att Folktandv\u00e5rdens tandl\u00e4kare prim\u00e4rt m\u00e5ste \u00e4gna sig \u00e5t barntandv\u00e5rd.<\/p>\n\n\n\n<p>N\u00e4r Folktandv\u00e5rden anst\u00e4ller nyutbildade tandl\u00e4kare blir deras huvudsakliga syssels\u00e4ttning v\u00e5rd av barn och unga samt akuttandv\u00e5rd. Detta tillfredsst\u00e4ller inte utvecklingslusten hos dessa tandl\u00e4kare, som d\u00e5 s\u00f6ker sig till andra regioner eller till privattandv\u00e5rden f\u00f6r att under handledning kunna utvecklas brett till goda kliniker.<\/p>\n\n\n\n<p>Inom de n\u00e4rmsta \u00e5ren kommer m\u00e5nga tandl\u00e4kare att g\u00e5 i pension vilket g\u00f6r att de m\u00e5ste ers\u00e4ttas av nyutbildade kolleger. F\u00f6r att dessa ska kunna utvecklas som kliniker beh\u00f6vs handledare. Detta kan utf\u00f6ras av tandl\u00e4kare som g\u00e5tt i pension eller andra kvalificerade allm\u00e4ntandl\u00e4kare, kliniskt aktiva eller ej och i alla \u00e5ldrar, men med bred klinisk erfarenhet och som kan st\u00e4lla sig till f\u00f6rfogande som handledare. P\u00e5 s\u00e5 s\u00e4tt blir regionen mer attraktiv som arbetsgivare och fler tandl\u00e4kare stannar kvar inom organisationen.<\/p>\n\n\n\n<p>Vidare beh\u00f6vs en b\u00e4ttre samverkan med kommunerna i l\u00e4net s\u00e5 att Folktandv\u00e5rden bjuds in till f\u00f6rskolor och skolor f\u00f6r att informera om vikten av god munh\u00e4lsa. P\u00e5 s\u00e5 vis f\u00f6rebyggs karies och d\u00e4rmed minskar behovet av framtida tandv\u00e5rd hos barn och unga. Dentalindustrin med tandborstar och tandkr\u00e4m hj\u00e4lper g\u00e4rna till med material i detta arbete.<\/p>\n\n\n\n<p>Vi vill<br>\u2022 Inf\u00f6ra kvalificerad handledning till nyanst\u00e4llda tandl\u00e4kare inom Folktandv\u00e5rden<br>\u2022 \u00d6ka det f\u00f6rebyggande samarbetet med l\u00e4nets kommuner f\u00f6r att fr\u00e4mja munh\u00e4lsan<\/p>\n\n\n\n<p><\/p>\n","protected":false},"excerpt":{"rendered":"<p>Folktandv\u00e5rden i Region Kalmar l\u00e4n har ett gott anseende och erbjuder tandv\u00e5rd med h\u00f6g kvalitet och tillg\u00e4nglighet, men personaloms\u00e4ttningen \u00e4r orov\u00e4ckande h\u00f6g. Det \u00e4r Folktandv\u00e5rden som har det \u00f6vergripande ansvaret f\u00f6r barn- och ungdomstandv\u00e5rden i l\u00e4net. Det inneb\u00e4r att Folktandv\u00e5rdens tandl\u00e4kare prim\u00e4rt m\u00e5ste \u00e4gna sig \u00e5t barntandv\u00e5rd. N\u00e4r Folktandv\u00e5rden anst\u00e4ller nyutbildade tandl\u00e4kare blir deras huvudsakliga [&hellip;]<\/p>\n","protected":false},"author":69,"featured_media":0,"comment_status":"closed","ping_status":"closed","sticky":false,"template":"","format":"standard","meta":{"_acf_changed":false,"_relevanssi_hide_post":"","_relevanssi_hide_content":"","_relevanssi_pin_for_all":"","_relevanssi_pin_keywords":"","_relevanssi_unpin_keywords":"","_relevanssi_related_keywords":"","_relevanssi_related_include_ids":"","_relevanssi_related_exclude_ids":"","_relevanssi_related_no_append":"","_relevanssi_related_not_related":"","_relevanssi_related_posts":"","_relevanssi_noindex_reason":"","footnotes":""},"categories":[1],"tags":[],"subject":[],"class_list":["post-2602","post","type-post","status-publish","format-standard","hentry","category-nyhet"],"acf":[],"publishpress_future_action":{"enabled":false,"date":"2026-05-07 20:33:51","action":"change-status","newStatus":"draft","terms":[],"taxonomy":"category"},"_links":{"self":[{"href":"https:\/\/moderaterna.se\/kalmar\/wp-json\/wp\/v2\/posts\/2602","targetHints":{"allow":["GET"]}}],"collection":[{"href":"https:\/\/moderaterna.se\/kalmar\/wp-json\/wp\/v2\/posts"}],"about":[{"href":"https:\/\/moderaterna.se\/kalmar\/wp-json\/wp\/v2\/types\/post"}],"author":[{"embeddable":true,"href":"https:\/\/moderaterna.se\/kalmar\/wp-json\/wp\/v2\/users\/69"}],"replies":[{"embeddable":true,"href":"https:\/\/moderaterna.se\/kalmar\/wp-json\/wp\/v2\/comments?post=2602"}],"version-history":[{"count":3,"href":"https:\/\/moderaterna.se\/kalmar\/wp-json\/wp\/v2\/posts\/2602\/revisions"}],"predecessor-version":[{"id":2606,"href":"https:\/\/moderaterna.se\/kalmar\/wp-json\/wp\/v2\/posts\/2602\/revisions\/2606"}],"wp:attachment":[{"href":"https:\/\/moderaterna.se\/kalmar\/wp-json\/wp\/v2\/media?parent=2602"}],"wp:term":[{"taxonomy":"category","embeddable":true,"href":"https:\/\/moderaterna.se\/kalmar\/wp-json\/wp\/v2\/categories?post=2602"},{"taxonomy":"post_tag","embeddable":true,"href":"https:\/\/moderaterna.se\/kalmar\/wp-json\/wp\/v2\/tags?post=2602"},{"taxonomy":"subject","embeddable":true,"href":"https:\/\/moderaterna.se\/kalmar\/wp-json\/wp\/v2\/subject?post=2602"}],"curies":[{"name":"wp","href":"https:\/\/api.w.org\/{rel}","templated":true}]}}