{"id":2545,"date":"2022-09-01T10:24:27","date_gmt":"2022-09-01T08:24:27","guid":{"rendered":"https:\/\/moderaterna.se\/kalmar\/?p=2545"},"modified":"2022-09-02T10:05:41","modified_gmt":"2022-09-02T08:05:41","slug":"antligen-moderat-forslag-ger-foretag-i-lanet-utvecklingsmojligheter","status":"publish","type":"post","link":"https:\/\/moderaterna.se\/kalmar\/nyhet\/antligen-moderat-forslag-ger-foretag-i-lanet-utvecklingsmojligheter\/","title":{"rendered":"\u00c4ntligen: moderat f\u00f6rslag ger f\u00f6retag i l\u00e4net utvecklingsm\u00f6jligheter!"},"content":{"rendered":"\n<p class=\"has-medium-font-size\">Det var fyra \u00e5r sedan Moderaterna kom med id\u00e9n f\u00f6rsta g\u00e5ngen i ett gemensamt budgetf\u00f6rslag med Kristdemokraterna och regionmajoriteten r\u00f6stade nej. Nu blir det efter mycket politiskt motst\u00e5nd fr\u00e5n majoriteten m\u00f6jligt f\u00f6r unga f\u00f6retag i hela l\u00e4net att f\u00e5 hj\u00e4lp med aff\u00e4rsutveckling n\u00e4r Region Kalmar l\u00e4n skriver avtal med Kalmar Science Park som ska ansvara f\u00f6r en s\u00e5 kallad regional inkubatorprocess.&nbsp;<\/p>\n\n\n\n<p>&#8211; Jag tycker naturligtvis det \u00e4r riktig roligt att v\u00e5rt f\u00f6rslag \u00e4ntligen ser ut att bli verklighet och att regionen nu kommer att kunna hj\u00e4lpa fler unga f\u00f6retag i hela l\u00e4net att v\u00e4xa och utvecklas. Fler och v\u00e4xande f\u00f6retag som skapar tillv\u00e4xt, fler jobb och st\u00f6rre skatteint\u00e4kter \u00e4r en f\u00f6ruts\u00e4ttning f\u00f6r att p\u00e5 sikt kunna trygga sjukv\u00e5rden i l\u00e4net, s\u00e4ger P\u00e4r-Gustav Johansson (M), oppositionsr\u00e5d och vice ordf\u00f6rande regionala utvecklingsn\u00e4mnden.<\/p>\n\n\n\n<p>\u00ad- Samtidigt konstatarer jag majoritetens ryggradsreflex att s\u00e4ga nej till allt vi f\u00f6resl\u00e5r \u00e4nnu en g\u00e5ng har bromsat utvecklingen i l\u00e4net. En regional inkubatorprocess hade varit p\u00e5 plats f\u00f6r l\u00e4nge sen om majoriteten sagt ja n\u00e4r vi la f\u00f6rslaget f\u00f6rsta g\u00e5ngen, 2018. Efter det har de sagt nej en g\u00e5ng till, 2019, och svarat med ett utredningsuppdrag 2020. Den h\u00e4r regionen beh\u00f6ver en politisk ledning som fokuserar p\u00e5 att skapa b\u00e4ttre f\u00f6ruts\u00e4ttningar f\u00f6r tillv\u00e4xt, men ocks\u00e5 bejakar goda f\u00f6rslag fr\u00e5n oppositionen, forts\u00e4tter Malin Sj\u00f6lander (M), vice ordf\u00f6rande regionstyrelsen. <\/p>\n\n\n\n<p>&#8211; Vi har varit tydliga med att det h\u00e4r m\u00e5ste bli en process f\u00f6r hela l\u00e4net och involvera andra akt\u00f6rer i det regionala st\u00f6dsystemet. Att Science Parks kontor ligger i Kalmar f\u00e5r inte upplevas som ett hinder om man \u00e4r f\u00f6retagare i Vimmerby eller H\u00f6gsby, avslutar P\u00e4r-Gustav Johansson.<\/p>\n","protected":false},"excerpt":{"rendered":"<p>Det var fyra \u00e5r sedan Moderaterna kom med id\u00e9n f\u00f6rsta g\u00e5ngen i ett gemensamt budgetf\u00f6rslag med Kristdemokraterna och regionmajoriteten r\u00f6stade nej. Nu blir det efter mycket politiskt motst\u00e5nd fr\u00e5n majoriteten m\u00f6jligt f\u00f6r unga f\u00f6retag i hela l\u00e4net att f\u00e5 hj\u00e4lp med aff\u00e4rsutveckling n\u00e4r Region Kalmar l\u00e4n skriver avtal med Kalmar Science Park som ska ansvara [&hellip;]<\/p>\n","protected":false},"author":69,"featured_media":0,"comment_status":"closed","ping_status":"closed","sticky":false,"template":"","format":"standard","meta":{"_acf_changed":false,"_relevanssi_hide_post":"","_relevanssi_hide_content":"","_relevanssi_pin_for_all":"","_relevanssi_pin_keywords":"","_relevanssi_unpin_keywords":"","_relevanssi_related_keywords":"","_relevanssi_related_include_ids":"","_relevanssi_related_exclude_ids":"","_relevanssi_related_no_append":"","_relevanssi_related_not_related":"","_relevanssi_related_posts":"","_relevanssi_noindex_reason":"","footnotes":""},"categories":[1],"tags":[],"subject":[],"class_list":["post-2545","post","type-post","status-publish","format-standard","hentry","category-nyhet"],"acf":[],"publishpress_future_action":{"enabled":false,"date":"2026-05-08 16:39:50","action":"change-status","newStatus":"draft","terms":[],"taxonomy":"category"},"_links":{"self":[{"href":"https:\/\/moderaterna.se\/kalmar\/wp-json\/wp\/v2\/posts\/2545","targetHints":{"allow":["GET"]}}],"collection":[{"href":"https:\/\/moderaterna.se\/kalmar\/wp-json\/wp\/v2\/posts"}],"about":[{"href":"https:\/\/moderaterna.se\/kalmar\/wp-json\/wp\/v2\/types\/post"}],"author":[{"embeddable":true,"href":"https:\/\/moderaterna.se\/kalmar\/wp-json\/wp\/v2\/users\/69"}],"replies":[{"embeddable":true,"href":"https:\/\/moderaterna.se\/kalmar\/wp-json\/wp\/v2\/comments?post=2545"}],"version-history":[{"count":10,"href":"https:\/\/moderaterna.se\/kalmar\/wp-json\/wp\/v2\/posts\/2545\/revisions"}],"predecessor-version":[{"id":2570,"href":"https:\/\/moderaterna.se\/kalmar\/wp-json\/wp\/v2\/posts\/2545\/revisions\/2570"}],"wp:attachment":[{"href":"https:\/\/moderaterna.se\/kalmar\/wp-json\/wp\/v2\/media?parent=2545"}],"wp:term":[{"taxonomy":"category","embeddable":true,"href":"https:\/\/moderaterna.se\/kalmar\/wp-json\/wp\/v2\/categories?post=2545"},{"taxonomy":"post_tag","embeddable":true,"href":"https:\/\/moderaterna.se\/kalmar\/wp-json\/wp\/v2\/tags?post=2545"},{"taxonomy":"subject","embeddable":true,"href":"https:\/\/moderaterna.se\/kalmar\/wp-json\/wp\/v2\/subject?post=2545"}],"curies":[{"name":"wp","href":"https:\/\/api.w.org\/{rel}","templated":true}]}}