{"id":2527,"date":"2022-08-31T14:51:12","date_gmt":"2022-08-31T12:51:12","guid":{"rendered":"https:\/\/moderaterna.se\/kalmar\/?p=2527"},"modified":"2022-09-01T10:21:04","modified_gmt":"2022-09-01T08:21:04","slug":"rivstart-for-ny-karnkraft","status":"publish","type":"post","link":"https:\/\/moderaterna.se\/kalmar\/nyhet\/rivstart-for-ny-karnkraft\/","title":{"rendered":"Rivstart f\u00f6r ny k\u00e4rnkraft"},"content":{"rendered":"\n<p class=\"has-medium-font-size\">Elpriserna \u00e4r rekordh\u00f6ga. Det beh\u00f6vs mer elproduktion i S\u00f6dra Sverige f\u00f6r att m\u00e4nniskor och f\u00f6retag ska f\u00e5 l\u00e4gre elpriser. Moderaterna vill snabbt bygga ny k\u00e4rnkraft i Sverige f\u00f6r att f\u00e5 ordning p\u00e5 elsystemet.\u00a0 Vi l\u00e4gger d\u00e4rf\u00f6r fram ett f\u00f6rslag om ett snabbsp\u00e5r i tillst\u00e5ndsprocessen f\u00f6r nya k\u00e4rnkraftverk som kan genomf\u00f6ras snarast vid ett regeringsskifte.<\/p>\n\n\n\n<p>Socialdemokraternas nedst\u00e4ngning av k\u00e4rnkraften de senaste 20 \u00e5ren \u00e4r den fr\u00e4msta orsaken till den elkris som Sverige befinner sig i. Det har lett till h\u00f6gre elpriser, ett mindre stabilt elsystem och \u00f6kade utsl\u00e4pp. I s\u00f6dra Sverige sl\u00e5r elpriserna rekord varje dag. De stora skillnaderna i elpris mellan s\u00f6dra och norra Sverige beror p\u00e5 nedst\u00e4ngningen av Ringhals 1 och 2.<\/p>\n\n\n\n<p>M\u00e5nadskostnaden f\u00f6r ett bundet elavtal p\u00e5 ett \u00e5r f\u00f6r en snittvilla i s\u00f6dra Sverige var i augusti 2019 ca 1100 kronor\/m\u00e5naden i b\u00e5de s\u00f6dra och norra Sverige. I augusti i \u00e5r \u00e4r priset ca 12 400 kronor i s\u00f6dra Sverige och 3500 kronor i norra Sverige.<\/p>\n\n\n\n<p>Nu kr\u00e4vs det en helt ny politik f\u00f6r att v\u00e4nda utvecklingen. Moderaterna vill g\u00f6ra den st\u00f6rsta satsningen p\u00e5 ny k\u00e4rnkraft sedan k\u00e4rnkraften byggdes ut. Om det ska vara m\u00f6jligt beh\u00f6ver tillst\u00e5ndsprocessen snabbas p\u00e5. D\u00e4rf\u00f6r f\u00f6resl\u00e5r vi ett snabbsp\u00e5r i tillst\u00e5ndsprocessen f\u00f6r k\u00e4rnkraften.<\/p>\n\n\n\n<h2 class=\"wp-block-heading\" id=\"h-varfor-behovs-ett-snabbspar-for-karnkraften\">Varf\u00f6r beh\u00f6vs ett snabbsp\u00e5r f\u00f6r k\u00e4rnkraften?<\/h2>\n\n\n\n<p>D\u00e4rf\u00f6r att tillst\u00e5ndsprocessen tar f\u00f6r l\u00e5ng tid. Den som ska starta ett k\u00e4rnkraftverk beh\u00f6ver ans\u00f6ka om flera tillst\u00e5nd. Det som tar mest tid \u00e4r att f\u00e5 ett tillst\u00e5nd enligt milj\u00f6balken som sedan ska pr\u00f6vas i mark- och milj\u00f6domstolen. Sedan de nya reglerna om tillst\u00e5ndspr\u00f6vning tr\u00e4dde i kraft \u00e5r 2010 har ingen ans\u00f6kt om att starta ett k\u00e4rnkraftverk.<\/p>\n\n\n\n<p>N\u00e4r k\u00e4rnkraften byggdes p\u00e5 70- och 80-talen tog det i normalfallet mellan 1,5 till tv\u00e5 \u00e5r att f\u00e5 tillst\u00e5nd. Experter menar att det skulle ta betydligt l\u00e4ngre tid idag att f\u00e5 tillst\u00e5nd f\u00f6r ett nytt k\u00e4rnkraftverk. Regeringen utreder ett snabbsp\u00e5r f\u00f6r havsbaserad vindkraft. Moderaterna prioriterar att f\u00e5 mer k\u00e4rnkraft och vill d\u00e4rf\u00f6r se ett snabbsp\u00e5r f\u00f6r k\u00e4rnkraften.<\/p>\n\n\n\n<h2 class=\"wp-block-heading\" id=\"h-hur-vill-moderaterna-infora-ett-snabbspar-for-karnkraften\">Hur vill Moderaterna inf\u00f6ra ett snabbsp\u00e5r f\u00f6r k\u00e4rnkraften?<\/h2>\n\n\n\n<p>Staten ska tala med en r\u00f6st i tillst\u00e5ndsprocessen, inte flera. N\u00e4r en ans\u00f6kan om tillst\u00e5nd f\u00f6r ett nytt k\u00e4rnkraftverk ska pr\u00f6vas i mark-och milj\u00f6domstolen f\u00e5r sex olika statliga myndigheter m\u00f6jlighet att f\u00f6ra talan f\u00f6r att tillvarata milj\u00f6intressen och \u00f6verklaga. Det inneb\u00e4r ofta att olika myndigheter \u2013 vid olika tidpunkter \u2013 kr\u00e4ver kompletteringar av en ans\u00f6kan, vilket f\u00f6rdr\u00f6jer processen.<\/p>\n\n\n\n<p>Snabbsp\u00e5r f\u00f6r k\u00e4rnkraft i tillst\u00e5ndsprocessen. Vi f\u00f6resl\u00e5r ocks\u00e5 att domstolarna ska prioritera ans\u00f6kningar om att bygga ny k\u00e4rnkraft i Sverige. Moderaterna vill inf\u00f6ra en ny s\u00e4rskild regel i milj\u00f6balken som inneb\u00e4r att tillst\u00e5nds\u00e4renden som r\u00f6r ny k\u00e4rnkraft ska behandlas skyndsamt. Det inneb\u00e4r att andra tillst\u00e5nds\u00e4renden kan beh\u00f6va st\u00e5 tillbaka. Motsvarande regler finns f\u00f6r andra m\u00e5l- och \u00e4rendetyper i bl.a. r\u00e4tteg\u00e5ngsbalken.<\/p>\n\n\n\n<p>F\u00f6r att domstolarna snabbt ska kunna hantera tillst\u00e5ndsans\u00f6kningar f\u00f6r nya k\u00e4rnkraftverk har tidigare regering uppskattat att det kr\u00e4vs mer pengar till domstolarna. Vi kommer att ge domstolarna s\u00e5 mycket pengar som de beg\u00e4r f\u00f6r att klara bemanningen.<\/p>\n\n\n\n<p>Moderaterna vill ocks\u00e5 ta bort ans\u00f6kningsavgiften f\u00f6r nya k\u00e4rnkraftsreaktorer. I dag beh\u00f6ver den som ans\u00f6ker om att bygga en k\u00e4rnkraftsreaktor betala 100 miljoner kronor till Str\u00e5ls\u00e4kerhetsmyndigheten i avgift. F\u00f6r att s\u00e4nka tr\u00f6sklarna till att bygga ny k\u00e4rnkraft vill vi ta bort den avgiften. Staten ska ist\u00e4llet betala f\u00f6r de kostnader som Str\u00e5ls\u00e4kerhetsmyndigheten har f\u00f6r att hantera ans\u00f6kningar om ny k\u00e4rnkraft.<\/p>\n\n\n\n<p><strong>Moderaternas f\u00f6rslag:&nbsp;&nbsp;&nbsp;&nbsp;&nbsp;&nbsp;&nbsp;&nbsp;&nbsp;&nbsp;&nbsp;&nbsp;&nbsp;&nbsp;&nbsp;&nbsp;&nbsp;&nbsp;&nbsp;<\/strong><\/p>\n\n\n\n<ul class=\"wp-block-list\"><li>Vi vill inf\u00f6ra ny regel i milj\u00f6balken som inneb\u00e4r att endast en myndighet f\u00e5r vara part i ett tillst\u00e5nds\u00e4rende.<\/li><li>Inf\u00f6r ett snabbsp\u00e5r f\u00f6r k\u00e4rnkraft i tillst\u00e5ndsprocessen<\/li><\/ul>\n\n\n\n<ul class=\"wp-block-list\"><li>Skjut till extra medel till mark- och milj\u00f6domstolarna.<\/li><li>Ta bort ans\u00f6kningsavgiften f\u00f6r nya k\u00e4rnkraftreaktorer<\/li><\/ul>\n","protected":false},"excerpt":{"rendered":"<p>Elpriserna \u00e4r rekordh\u00f6ga. Det beh\u00f6vs mer elproduktion i S\u00f6dra Sverige f\u00f6r att m\u00e4nniskor och f\u00f6retag ska f\u00e5 l\u00e4gre elpriser. Moderaterna vill snabbt bygga ny k\u00e4rnkraft i Sverige f\u00f6r att f\u00e5 ordning p\u00e5 elsystemet.\u00a0 Vi l\u00e4gger d\u00e4rf\u00f6r fram ett f\u00f6rslag om ett snabbsp\u00e5r i tillst\u00e5ndsprocessen f\u00f6r nya k\u00e4rnkraftverk som kan genomf\u00f6ras snarast vid ett regeringsskifte. Socialdemokraternas [&hellip;]<\/p>\n","protected":false},"author":32,"featured_media":0,"comment_status":"closed","ping_status":"closed","sticky":false,"template":"","format":"standard","meta":{"_acf_changed":false,"_relevanssi_hide_post":"","_relevanssi_hide_content":"","_relevanssi_pin_for_all":"","_relevanssi_pin_keywords":"","_relevanssi_unpin_keywords":"","_relevanssi_related_keywords":"","_relevanssi_related_include_ids":"","_relevanssi_related_exclude_ids":"","_relevanssi_related_no_append":"","_relevanssi_related_not_related":"","_relevanssi_related_posts":"","_relevanssi_noindex_reason":"","footnotes":""},"categories":[1],"tags":[],"subject":[],"class_list":["post-2527","post","type-post","status-publish","format-standard","hentry","category-nyhet"],"acf":[],"publishpress_future_action":{"enabled":false,"date":"2026-05-09 10:34:54","action":"change-status","newStatus":"draft","terms":[],"taxonomy":"category"},"_links":{"self":[{"href":"https:\/\/moderaterna.se\/kalmar\/wp-json\/wp\/v2\/posts\/2527","targetHints":{"allow":["GET"]}}],"collection":[{"href":"https:\/\/moderaterna.se\/kalmar\/wp-json\/wp\/v2\/posts"}],"about":[{"href":"https:\/\/moderaterna.se\/kalmar\/wp-json\/wp\/v2\/types\/post"}],"author":[{"embeddable":true,"href":"https:\/\/moderaterna.se\/kalmar\/wp-json\/wp\/v2\/users\/32"}],"replies":[{"embeddable":true,"href":"https:\/\/moderaterna.se\/kalmar\/wp-json\/wp\/v2\/comments?post=2527"}],"version-history":[{"count":6,"href":"https:\/\/moderaterna.se\/kalmar\/wp-json\/wp\/v2\/posts\/2527\/revisions"}],"predecessor-version":[{"id":2544,"href":"https:\/\/moderaterna.se\/kalmar\/wp-json\/wp\/v2\/posts\/2527\/revisions\/2544"}],"wp:attachment":[{"href":"https:\/\/moderaterna.se\/kalmar\/wp-json\/wp\/v2\/media?parent=2527"}],"wp:term":[{"taxonomy":"category","embeddable":true,"href":"https:\/\/moderaterna.se\/kalmar\/wp-json\/wp\/v2\/categories?post=2527"},{"taxonomy":"post_tag","embeddable":true,"href":"https:\/\/moderaterna.se\/kalmar\/wp-json\/wp\/v2\/tags?post=2527"},{"taxonomy":"subject","embeddable":true,"href":"https:\/\/moderaterna.se\/kalmar\/wp-json\/wp\/v2\/subject?post=2527"}],"curies":[{"name":"wp","href":"https:\/\/api.w.org\/{rel}","templated":true}]}}