{"id":2489,"date":"2022-08-30T15:09:43","date_gmt":"2022-08-30T13:09:43","guid":{"rendered":"https:\/\/moderaterna.se\/kalmar\/?p=2489"},"modified":"2022-08-31T12:18:09","modified_gmt":"2022-08-31T10:18:09","slug":"en-blomstrande-kultur-och-besoksnaring-i-kalmar-lan","status":"publish","type":"post","link":"https:\/\/moderaterna.se\/kalmar\/nyhet\/en-blomstrande-kultur-och-besoksnaring-i-kalmar-lan\/","title":{"rendered":"En blomstrande kultur och bes\u00f6ksn\u00e4ring i Kalmar l\u00e4n"},"content":{"rendered":"\n<p class=\"has-medium-font-size\">Kalmar l\u00e4n \u00e4r under sommartid det fj\u00e4rde st\u00f6rsta bes\u00f6ksl\u00e4net i landet. D\u00e4rmed \u00e4r bes\u00f6ksn\u00e4ringen ocks\u00e5 en av l\u00e4nets viktigaste n\u00e4ringar med stor utvecklingspotential.<\/p>\n\n\n\n<p>Regionen beh\u00f6ver ta ansvar f\u00f6r att samla information om bes\u00f6ksm\u00e5l i hela Kalmar l\u00e4n p\u00e5 ett enda st\u00e4lle. Detta genom en s\u00e5 kallad en v\u00e4g in-l\u00f6sning som kan anv\u00e4ndas f\u00f6r att locka fler bes\u00f6kare och underl\u00e4tta under vistelsen i l\u00e4net. I dag ansvarar regionen f\u00f6r internationell marknadsf\u00f6ring, via olika hemsidor, men varje kommun sk\u00f6ter sin egen marknadsf\u00f6ring nationellt. Allt detta kan samlas och fyllas med ett st\u00f6rre inneh\u00e5ll i en app eller p\u00e5 en hemsida liknande www.flyttahit.nu som regionen redan utvecklat f\u00f6r att locka hit m\u00e4nniskor som \u00f6verv\u00e4ger att flytta till l\u00e4net permanent. P\u00e5 en s\u00e5dan digital plattform kan bes\u00f6kare hitta information om till exempel bes\u00f6ksm\u00e5l, \u00f6vernattningsm\u00f6jligheter, restauranger och vandringsleder. Plattformen kan ocks\u00e5 fyllas med ytterligare v\u00e4rdeskapande tj\u00e4nster som till exempel bes\u00f6ksm\u00e5ls- och kulturpass som ger rabatter, samt musei- och kulturguider.<\/p>\n\n\n\n<p>Kulturens betydelse f\u00f6r folkh\u00e4lsan har p\u00e5visats i flera studier och \u201dkultur p\u00e5 recept\u201d anv\u00e4nds i sjukdomsbehandlande syfte. Region Kalmar l\u00e4n ger ett omfattande ekonomiskt st\u00f6d till ett antal regionala kulturverksamheter och ska forts\u00e4tta med det f\u00f6r att fler inv\u00e5nare i l\u00e4net ska kunna ta del av kulturutbudet. Men samtidigt som kulturen alltid ska st\u00e5 fri fr\u00e5n politiken vad g\u00e4ller dess inneh\u00e5ll, s\u00e5 m\u00e5ste den underordna sig krav p\u00e5 effektiviseringar i likhet med regionens \u00f6vriga verksamheter. Moderaterna anser att institutioner som f\u00e5r bidrag fr\u00e5n regionen beh\u00f6ver avkr\u00e4vas att hitta kostnader, se \u00f6ver m\u00f6jligheter att \u00f6ka sina int\u00e4kter och hitta samordningsvinster med andra kulturinstitutioner. Inte f\u00f6r att vi moderater vill dra ned p\u00e5 den regionala kulturen eller l\u00e4gga oss i dess inneh\u00e5ll, utan f\u00f6r att ge regionen m\u00f6jligheter att ekonomiskt st\u00f6tta fler akt\u00f6rer och bidra till att kulturen g\u00f6rs mer tillg\u00e4nglig i hela l\u00e4net. Moderaterna ser positivt p\u00e5 samarbeten med n\u00e4ringslivet och kultursponsring som en del i detta, vilket regionen b\u00f6r verka f\u00f6r ska ske i st\u00f6rre omfattning.<\/p>\n\n\n\n<p>Den stora bidragsmottagaren Kalmar l\u00e4ns museum b\u00f6r synas p\u00e5 fler platser i l\u00e4net f\u00f6r att p\u00e5 allvar g\u00f6ra sk\u00e4l f\u00f6r namnet. Det finns exempel p\u00e5 regioner vars l\u00e4nsmuseer lyckas med detta. Det finns ocks\u00e5 flera andra museer i l\u00e4net som bedriver viktig verksamhet i hela regionens intresse och som b\u00f6r f\u00e5 st\u00f6ttning i det arbetet av Region Kalmar l\u00e4n.<br><br>Vi vill<br>\u2022 Att Region Kalmar l\u00e4n f\u00f6rst\u00e4rker den nationella marknadsf\u00f6ringen av bes\u00f6ksn\u00e4ringen i l\u00e4net genom att utveckla en digital plattform som samlar all relevant information<br>\u2022 Att Region Kalmar l\u00e4n s\u00e4tter tydliga m\u00e5l och krav p\u00e5 kulturinstitutioner som mottar bidrag att aktivt jobba med \u00f6kad sj\u00e4lvfinansiering, effektiviseringar och samordningsvinster<br>\u2022 Att regionen verkar f\u00f6r \u00f6kad sponsring av regionala kulturinstitutioner<br>\u2022 Att regionen st\u00f6ttar fler kulturinstitutioner f\u00f6r att g\u00f6ra kulturen mer tillg\u00e4nglig i hela l\u00e4net<br>\u2022 Att l\u00e4nsmuseet blir synligt p\u00e5 fler platser i l\u00e4net och att regionen st\u00f6ttar fler museer av regionalt intresse<\/p>\n\n\n\n<p><\/p>\n","protected":false},"excerpt":{"rendered":"<p>Kalmar l\u00e4n \u00e4r under sommartid det fj\u00e4rde st\u00f6rsta bes\u00f6ksl\u00e4net i landet. D\u00e4rmed \u00e4r bes\u00f6ksn\u00e4ringen ocks\u00e5 en av l\u00e4nets viktigaste n\u00e4ringar med stor utvecklingspotential. Regionen beh\u00f6ver ta ansvar f\u00f6r att samla information om bes\u00f6ksm\u00e5l i hela Kalmar l\u00e4n p\u00e5 ett enda st\u00e4lle. Detta genom en s\u00e5 kallad en v\u00e4g in-l\u00f6sning som kan anv\u00e4ndas f\u00f6r att locka [&hellip;]<\/p>\n","protected":false},"author":69,"featured_media":0,"comment_status":"closed","ping_status":"closed","sticky":false,"template":"","format":"standard","meta":{"_acf_changed":false,"_relevanssi_hide_post":"","_relevanssi_hide_content":"","_relevanssi_pin_for_all":"","_relevanssi_pin_keywords":"","_relevanssi_unpin_keywords":"","_relevanssi_related_keywords":"","_relevanssi_related_include_ids":"","_relevanssi_related_exclude_ids":"","_relevanssi_related_no_append":"","_relevanssi_related_not_related":"","_relevanssi_related_posts":"","_relevanssi_noindex_reason":"","footnotes":""},"categories":[1],"tags":[],"subject":[],"class_list":["post-2489","post","type-post","status-publish","format-standard","hentry","category-nyhet"],"acf":[],"publishpress_future_action":{"enabled":false,"date":"2026-05-06 06:45:41","action":"change-status","newStatus":"draft","terms":[],"taxonomy":"category"},"_links":{"self":[{"href":"https:\/\/moderaterna.se\/kalmar\/wp-json\/wp\/v2\/posts\/2489","targetHints":{"allow":["GET"]}}],"collection":[{"href":"https:\/\/moderaterna.se\/kalmar\/wp-json\/wp\/v2\/posts"}],"about":[{"href":"https:\/\/moderaterna.se\/kalmar\/wp-json\/wp\/v2\/types\/post"}],"author":[{"embeddable":true,"href":"https:\/\/moderaterna.se\/kalmar\/wp-json\/wp\/v2\/users\/69"}],"replies":[{"embeddable":true,"href":"https:\/\/moderaterna.se\/kalmar\/wp-json\/wp\/v2\/comments?post=2489"}],"version-history":[{"count":5,"href":"https:\/\/moderaterna.se\/kalmar\/wp-json\/wp\/v2\/posts\/2489\/revisions"}],"predecessor-version":[{"id":2515,"href":"https:\/\/moderaterna.se\/kalmar\/wp-json\/wp\/v2\/posts\/2489\/revisions\/2515"}],"wp:attachment":[{"href":"https:\/\/moderaterna.se\/kalmar\/wp-json\/wp\/v2\/media?parent=2489"}],"wp:term":[{"taxonomy":"category","embeddable":true,"href":"https:\/\/moderaterna.se\/kalmar\/wp-json\/wp\/v2\/categories?post=2489"},{"taxonomy":"post_tag","embeddable":true,"href":"https:\/\/moderaterna.se\/kalmar\/wp-json\/wp\/v2\/tags?post=2489"},{"taxonomy":"subject","embeddable":true,"href":"https:\/\/moderaterna.se\/kalmar\/wp-json\/wp\/v2\/subject?post=2489"}],"curies":[{"name":"wp","href":"https:\/\/api.w.org\/{rel}","templated":true}]}}